{"id":2132,"date":"2024-03-14T09:09:21","date_gmt":"2024-03-14T14:09:21","guid":{"rendered":"https:\/\/colombiaopina.com.co\/?p=2132"},"modified":"2024-03-14T09:09:23","modified_gmt":"2024-03-14T14:09:23","slug":"ultima-hora-estrategia-de-alto-riesgo-del-gobierno-para-rescatar-la-reforma-a-la-salud","status":"publish","type":"post","link":"https:\/\/colombiaopina.com.co\/index.php\/2024\/03\/14\/ultima-hora-estrategia-de-alto-riesgo-del-gobierno-para-rescatar-la-reforma-a-la-salud\/","title":{"rendered":"\u00daltima hora: Estrategia de alto riesgo del Gobierno para rescatar la reforma a la salud"},"content":{"rendered":"<p>En un movimiento que est\u00e1 siendo descrito como un acto de desaf\u00edo y estrategia pol\u00edtica, el Gobierno de Gustavo Petro, a trav\u00e9s de la senadora Martha Peralta, ha delineado un plan audaz para salvar la reforma a la salud, la cual se encuentra en el limbo tras la firma de una ponencia de archivo por parte de ocho senadores de la Comisi\u00f3n S\u00e9ptima. Esta maniobra, considerada por muchos como una batalla cuesta arriba, refleja la determinaci\u00f3n del ejecutivo de no ceder terreno en una de sus propuestas m\u00e1s emblem\u00e1ticas.<\/p><p>La senadora Peralta, en un gesto de resistencia frente a las adversidades, ha afirmado que la reforma a\u00fan respira y no ser\u00e1 considerada hundida hasta que la Comisi\u00f3n S\u00e9ptima no debata y vote sobre ella. Este posicionamiento representa no solo un reto a la oposici\u00f3n sino tambi\u00e9n un llamado a la acci\u00f3n para los aliados del gobierno, en un esfuerzo por encontrar una salida viable que permita avanzar la iniciativa.<\/p><p>La estrategia incluye la presentaci\u00f3n de una ponencia alternativa que busque recoger las inquietudes tanto de los cr\u00edticos como de aquellos a\u00fan indecisos respecto al proyecto. Adem\u00e1s, se prev\u00e9 la realizaci\u00f3n de una mesa t\u00e9cnica con el Ministerio de Hacienda y el Ministerio de Salud para evaluar el impacto fiscal de la reforma, una medida que pretende transparentar las implicaciones econ\u00f3micas de la propuesta y generar un mayor consenso.<\/p><figure class=\"wp-block-embed is-type-rich is-provider-twitter wp-block-embed-twitter\"><div class=\"wp-block-embed__wrapper\">\n<blockquote class=\"twitter-tweet\" data-width=\"550\" data-dnt=\"true\"><p lang=\"es\" dir=\"ltr\">La reforma NO EST\u00c1 HUNDIDA y seguiremos insistiendo en que se de su debate. <br><br>El <a href=\"https:\/\/twitter.com\/SenadoGovCo?ref_src=twsrc%5Etfw\">@SenadoGovCo<\/a> no le puede dar la espalda al pa\u00eds, debemos discutir sobre la crisis profunda en que nos encontramos, el sistema de salud necesita reformarse, no m\u00e1s paseos de la muerte, pacientes\u2026 <a href=\"https:\/\/t.co\/lQyuZQQ8bS\">pic.twitter.com\/lQyuZQQ8bS<\/a><\/p>&mdash; Martha Peralta Epiey\u00fa (@marthaperaltae) <a href=\"https:\/\/twitter.com\/marthaperaltae\/status\/1767684022824505547?ref_src=twsrc%5Etfw\">March 12, 2024<\/a><\/blockquote><script async src=\"https:\/\/platform.twitter.com\/widgets.js\" charset=\"utf-8\"><\/script>\n<\/div><\/figure><p>En medio de este contexto de tensi\u00f3n pol\u00edtica, el presidente Petro ha sido enf\u00e1tico en su postura de no retirar el proyecto, argumentando las graves consecuencias que, a su juicio, acarrear\u00eda mantener el sistema de salud actual. Seg\u00fan el mandatario, la inviabilidad del sistema, marcada por el incumplimiento de las EPS y la p\u00e9rdida de significativos recursos financieros, justifica la urgencia y necesidad de una reforma profunda que asegure un futuro sostenible para la salud de los colombianos.<\/p><p>Este cap\u00edtulo en la historia pol\u00edtica de Colombia se presenta como un claro ejemplo de las complejas din\u00e1micas de poder y las apuestas arriesgadas que caracterizan los esfuerzos de reforma. Con el reloj en contra, el gobierno y sus opositores se preparan para una confrontaci\u00f3n que podr\u00eda definir no solo el futuro de la salud p\u00fablica en el pa\u00eds sino tambi\u00e9n el legado pol\u00edtico de la actual administraci\u00f3n.<\/p>","protected":false},"excerpt":{"rendered":"<p>En un movimiento que est\u00e1 siendo descrito como un acto de desaf\u00edo y estrategia pol\u00edtica, el Gobierno de Gustavo Petro, a trav\u00e9s de la senadora Martha Peralta, ha delineado un plan audaz para salvar la reforma a la salud, la cual se encuentra en el limbo tras la firma de una ponencia de archivo por [&hellip;]<\/p>\n","protected":false},"author":4,"featured_media":2133,"comment_status":"open","ping_status":"open","sticky":false,"template":"","format":"standard","meta":{"tdm_status":"","tdm_grid_status":"","_jetpack_memberships_contains_paid_content":false,"footnotes":""},"categories":[39,103,60],"tags":[93,227,135,589,182],"class_list":{"0":"post-2132","1":"post","2":"type-post","3":"status-publish","4":"format-standard","5":"has-post-thumbnail","7":"category-colombia","8":"category-petro","9":"category-salud","10":"tag-colombia","11":"tag-gobierno","12":"tag-petro","13":"tag-reforma","14":"tag-salud"},"jetpack_sharing_enabled":true,"jetpack_featured_media_url":"https:\/\/colombiaopina.com.co\/wp-content\/uploads\/2024\/03\/PERALTA.jpeg","amp_enabled":true,"_links":{"self":[{"href":"https:\/\/colombiaopina.com.co\/index.php\/wp-json\/wp\/v2\/posts\/2132"}],"collection":[{"href":"https:\/\/colombiaopina.com.co\/index.php\/wp-json\/wp\/v2\/posts"}],"about":[{"href":"https:\/\/colombiaopina.com.co\/index.php\/wp-json\/wp\/v2\/types\/post"}],"author":[{"embeddable":true,"href":"https:\/\/colombiaopina.com.co\/index.php\/wp-json\/wp\/v2\/users\/4"}],"replies":[{"embeddable":true,"href":"https:\/\/colombiaopina.com.co\/index.php\/wp-json\/wp\/v2\/comments?post=2132"}],"version-history":[{"count":1,"href":"https:\/\/colombiaopina.com.co\/index.php\/wp-json\/wp\/v2\/posts\/2132\/revisions"}],"predecessor-version":[{"id":2134,"href":"https:\/\/colombiaopina.com.co\/index.php\/wp-json\/wp\/v2\/posts\/2132\/revisions\/2134"}],"wp:featuredmedia":[{"embeddable":true,"href":"https:\/\/colombiaopina.com.co\/index.php\/wp-json\/wp\/v2\/media\/2133"}],"wp:attachment":[{"href":"https:\/\/colombiaopina.com.co\/index.php\/wp-json\/wp\/v2\/media?parent=2132"}],"wp:term":[{"taxonomy":"category","embeddable":true,"href":"https:\/\/colombiaopina.com.co\/index.php\/wp-json\/wp\/v2\/categories?post=2132"},{"taxonomy":"post_tag","embeddable":true,"href":"https:\/\/colombiaopina.com.co\/index.php\/wp-json\/wp\/v2\/tags?post=2132"}],"curies":[{"name":"wp","href":"https:\/\/api.w.org\/{rel}","templated":true}]}}