{"id":2129,"date":"2024-03-14T09:03:27","date_gmt":"2024-03-14T14:03:27","guid":{"rendered":"https:\/\/colombiaopina.com.co\/?p=2129"},"modified":"2024-03-14T09:03:30","modified_gmt":"2024-03-14T14:03:30","slug":"dramatico-giro-en-la-lucha-por-la-reforma-a-la-salud-oposicion-firme-frente-al-plan-b-del-gobierno","status":"publish","type":"post","link":"https:\/\/colombiaopina.com.co\/index.php\/2024\/03\/14\/dramatico-giro-en-la-lucha-por-la-reforma-a-la-salud-oposicion-firme-frente-al-plan-b-del-gobierno\/","title":{"rendered":"Dram\u00e1tico giro en la lucha por la reforma a la salud: Oposici\u00f3n firme frente al plan B del Gobierno"},"content":{"rendered":"<p>En una decisi\u00f3n que podr\u00eda marcar un antes y un despu\u00e9s en el devenir pol\u00edtico de Colombia, un grupo de ocho senadores de la Comisi\u00f3n S\u00e9ptima del Congreso ha sacudido el tablero pol\u00edtico al reafirmar su posici\u00f3n contra la reforma a la salud propuesta por el gobierno de Gustavo Petro. Este movimiento responde a una convocatoria urgente de sesi\u00f3n para debatir y votar la iniciativa, dejando entrever un escenario de incertidumbre sobre el futuro de uno de los proyectos bandera del actual Ejecutivo.<br><\/p><p>Estos senadores, representantes de distintas corrientes pol\u00edticas, han cerrado filas en una posici\u00f3n que parece inamovible. Su rechazo no solo se centra en la propuesta original, sino que tambi\u00e9n descartan cualquier alternativa que no contemple una revisi\u00f3n profunda de los fundamentos del proyecto. La situaci\u00f3n se complica a\u00fan m\u00e1s al considerar que estos ocho votos representan m\u00e1s de la mitad de los miembros de la comisi\u00f3n encargada de dar el primer veredicto sobre la reforma, lo que pone en peligro la continuidad del proyecto en su forma actual.<br><\/p><p>La estrategia del gobierno, que buscaba tender puentes y generar consensos mediante la propuesta de una ponencia alternativa, parece haber encontrado un muro infranqueable. Los legisladores opositores han sido claros en su mensaje: la reforma, tal como est\u00e1 planteada, carece de la claridad y sostenibilidad necesarias para asegurar una transformaci\u00f3n efectiva y positiva del sistema de salud colombiano. Adem\u00e1s, han destacado la falta de especificidad en cuanto a la financiaci\u00f3n y gesti\u00f3n de los recursos, aspectos cr\u00edticos para la viabilidad de cualquier reforma de esta magnitud.<br><\/p><figure class=\"wp-block-embed is-type-rich is-provider-twitter wp-block-embed-twitter\"><div class=\"wp-block-embed__wrapper\">\n<blockquote class=\"twitter-tweet\" data-width=\"550\" data-dnt=\"true\"><p lang=\"es\" dir=\"ltr\">Votaremos en contra la reforma a la salud como lo hemos manifestado en innumerables ocasiones, as\u00ed mismo acompa\u00f1amos y apoyamos la ponencia negativa radicada por senadores de la Comisi\u00f3n S\u00e9ptima de Senado. NO apoyaremos una reforma inconveniente, innecesaria, que coarta derechos\u2026 <a href=\"https:\/\/t.co\/mOC5LSURWx\">pic.twitter.com\/mOC5LSURWx<\/a><\/p>&mdash; Honorio Henriquez \ud83c\udde8\ud83c\uddf4 (@honohenriquez) <a href=\"https:\/\/twitter.com\/honohenriquez\/status\/1767559553493709144?ref_src=twsrc%5Etfw\">March 12, 2024<\/a><\/blockquote><script async src=\"https:\/\/platform.twitter.com\/widgets.js\" charset=\"utf-8\"><\/script>\n<\/div><\/figure><p>Este escenario ha obligado al Ejecutivo a convocar a un encuentro de alto nivel en la Casa de Nari\u00f1o, con el fin de analizar los posibles caminos a seguir y las estrategias para salvar uno de sus proyectos m\u00e1s ambiciosos. El ministro del Interior, Luis Fernando Velasco, ha enfatizado la importancia de este momento, se\u00f1alando la necesidad de un di\u00e1logo constructivo que permita superar las diferencias y encontrar una soluci\u00f3n que beneficie a todos los colombianos.<br><\/p><p>Mientras tanto, la ciudadan\u00eda observa atenta el desenlace de este pulso pol\u00edtico, consciente de que el resultado tendr\u00e1 un impacto directo en la calidad y accesibilidad de los servicios de salud en el pa\u00eds. La reforma a la salud se ha convertido en un s\u00edmbolo de las tensiones y desaf\u00edos que enfrenta Colombia en su b\u00fasqueda de un futuro m\u00e1s justo y equitativo para todos sus habitantes.<\/p>","protected":false},"excerpt":{"rendered":"<p>En una decisi\u00f3n que podr\u00eda marcar un antes y un despu\u00e9s en el devenir pol\u00edtico de Colombia, un grupo de ocho senadores de la Comisi\u00f3n S\u00e9ptima del Congreso ha sacudido el tablero pol\u00edtico al reafirmar su posici\u00f3n contra la reforma a la salud propuesta por el gobierno de Gustavo Petro. Este movimiento responde a una [&hellip;]<\/p>\n","protected":false},"author":4,"featured_media":2130,"comment_status":"open","ping_status":"open","sticky":false,"template":"","format":"standard","meta":{"tdm_status":"","tdm_grid_status":"","_jetpack_memberships_contains_paid_content":false,"footnotes":""},"categories":[39,46,103,60],"tags":[227,135,388,182,590],"class_list":{"0":"post-2129","1":"post","2":"type-post","3":"status-publish","4":"format-standard","5":"has-post-thumbnail","7":"category-colombia","8":"category-gobierno","9":"category-petro","10":"category-salud","11":"tag-gobierno","12":"tag-petro","13":"tag-reformas","14":"tag-salud","15":"tag-senado"},"jetpack_sharing_enabled":true,"jetpack_featured_media_url":"https:\/\/colombiaopina.com.co\/wp-content\/uploads\/2024\/03\/REFORMA-1-PORTADA.jpeg","amp_enabled":true,"_links":{"self":[{"href":"https:\/\/colombiaopina.com.co\/index.php\/wp-json\/wp\/v2\/posts\/2129"}],"collection":[{"href":"https:\/\/colombiaopina.com.co\/index.php\/wp-json\/wp\/v2\/posts"}],"about":[{"href":"https:\/\/colombiaopina.com.co\/index.php\/wp-json\/wp\/v2\/types\/post"}],"author":[{"embeddable":true,"href":"https:\/\/colombiaopina.com.co\/index.php\/wp-json\/wp\/v2\/users\/4"}],"replies":[{"embeddable":true,"href":"https:\/\/colombiaopina.com.co\/index.php\/wp-json\/wp\/v2\/comments?post=2129"}],"version-history":[{"count":1,"href":"https:\/\/colombiaopina.com.co\/index.php\/wp-json\/wp\/v2\/posts\/2129\/revisions"}],"predecessor-version":[{"id":2131,"href":"https:\/\/colombiaopina.com.co\/index.php\/wp-json\/wp\/v2\/posts\/2129\/revisions\/2131"}],"wp:featuredmedia":[{"embeddable":true,"href":"https:\/\/colombiaopina.com.co\/index.php\/wp-json\/wp\/v2\/media\/2130"}],"wp:attachment":[{"href":"https:\/\/colombiaopina.com.co\/index.php\/wp-json\/wp\/v2\/media?parent=2129"}],"wp:term":[{"taxonomy":"category","embeddable":true,"href":"https:\/\/colombiaopina.com.co\/index.php\/wp-json\/wp\/v2\/categories?post=2129"},{"taxonomy":"post_tag","embeddable":true,"href":"https:\/\/colombiaopina.com.co\/index.php\/wp-json\/wp\/v2\/tags?post=2129"}],"curies":[{"name":"wp","href":"https:\/\/api.w.org\/{rel}","templated":true}]}}