{"id":2053,"date":"2024-03-12T12:07:54","date_gmt":"2024-03-12T17:07:54","guid":{"rendered":"https:\/\/colombiaopina.com.co\/?p=2053"},"modified":"2024-03-12T12:07:56","modified_gmt":"2024-03-12T17:07:56","slug":"autoridades-ambientales-regresaron-a-buho-real-a-su-habitat-natural-despues-de-rehabilitacion","status":"publish","type":"post","link":"https:\/\/colombiaopina.com.co\/index.php\/2024\/03\/12\/autoridades-ambientales-regresaron-a-buho-real-a-su-habitat-natural-despues-de-rehabilitacion\/","title":{"rendered":"Autoridades ambientales regresaron a B\u00faho real a su h\u00e1bitat natural despu\u00e9s de rehabilitaci\u00f3n"},"content":{"rendered":"<p>Un impresionante b\u00faho real, cient\u00edficamente conocido como Bubo virginianus, ha sido reintegrado a su h\u00e1bitat natural despu\u00e9s de m\u00e1s de un a\u00f1o de cuidados y rehabilitaci\u00f3n, gracias a la colaboraci\u00f3n entre las Corporaciones Aut\u00f3nomas Regionales (Cornare) y la Corporaci\u00f3n Aut\u00f3noma Regional del Centro de Antioquia (Corantioquia).<\/p><p>Inicialmente, el majestuoso ejemplar de b\u00faho real fue localizado por Corantioquia, con signos de haber estado en cautiverio. Fue trasladado al Centro de Atenci\u00f3n y Valoraci\u00f3n de Fauna Silvestre de Cornare (CAV) para someterse a un proceso de recuperaci\u00f3n y rehabilitaci\u00f3n. All\u00ed, se realiz\u00f3 una evaluaci\u00f3n veterinaria exhaustiva, revelando signos de recorte de vuelo y otras indicaciones de cautiverio.<\/p><figure class=\"wp-block-embed is-type-rich is-provider-twitter wp-block-embed-twitter\"><div class=\"wp-block-embed__wrapper\">\n<blockquote class=\"twitter-tweet\" data-width=\"550\" data-dnt=\"true\"><p lang=\"es\" dir=\"ltr\">Cada animal liberado es una victoria para la vida silvestre. \ud83c\udf3f <br><br>En octubre del 2022, rescatamos y rehabilitamos a este b\u00faho real \ud83e\udd89, junto a <a href=\"https:\/\/twitter.com\/cornare?ref_src=twsrc%5Etfw\">@cornare<\/a> <br><br>Hoy somos testigos de su regreso al hogar natural \ud83c\udfde\ufe0f. <br><br>\u00a1Juntos protegemos la biodiversidad! \ud83c\udf89 <a href=\"https:\/\/twitter.com\/hashtag\/ProtegeLaVida?src=hash&amp;ref_src=twsrc%5Etfw\">#ProtegeLaVida<\/a> <a href=\"https:\/\/t.co\/BLGFhM8HGR\">pic.twitter.com\/BLGFhM8HGR<\/a><\/p>&mdash; Corantioquia (@Corantioquia) <a href=\"https:\/\/twitter.com\/Corantioquia\/status\/1766538448255471917?ref_src=twsrc%5Etfw\">March 9, 2024<\/a><\/blockquote><script async src=\"https:\/\/platform.twitter.com\/widgets.js\" charset=\"utf-8\"><\/script>\n<\/div><\/figure><p>El tratamiento incluy\u00f3 correcciones nutricionales y la realizaci\u00f3n de arreglos e implantes de vuelo mediante la adhesi\u00f3n de plumas de otra ave donante. Una vez completado este proceso cl\u00ednico, el b\u00faho fue trasladado a una jaula especializada para la rehabilitaci\u00f3n de rapaces, donde desarroll\u00f3 habilidades de caza y vuelo esenciales para su supervivencia en la naturaleza.<\/p><p>Una vez que el animal estuvo preparado para regresar a su entorno natural, fue devuelto a Corantioquia, que se encarg\u00f3 de liberarlo en un terreno del Magdalena Medio antioque\u00f1o, donde esta especie se encuentra distribuida. Este h\u00e1bitat ofrece las condiciones ideales de conservaci\u00f3n para que el animal pueda establecerse satisfactoriamente.<\/p><figure class=\"wp-block-image size-large\"><img loading=\"lazy\" decoding=\"async\" width=\"1024\" height=\"682\" src=\"https:\/\/colombiaopina.com.co\/wp-content\/uploads\/2024\/03\/BUHO-1-1024x682.jpeg\" alt=\"\" class=\"wp-image-2054\" srcset=\"https:\/\/colombiaopina.com.co\/wp-content\/uploads\/2024\/03\/BUHO-1-1024x682.jpeg 1024w, https:\/\/colombiaopina.com.co\/wp-content\/uploads\/2024\/03\/BUHO-1-300x200.jpeg 300w, https:\/\/colombiaopina.com.co\/wp-content\/uploads\/2024\/03\/BUHO-1-768x512.jpeg 768w, https:\/\/colombiaopina.com.co\/wp-content\/uploads\/2024\/03\/BUHO-1-1536x1023.jpeg 1536w, https:\/\/colombiaopina.com.co\/wp-content\/uploads\/2024\/03\/BUHO-1-150x100.jpeg 150w, https:\/\/colombiaopina.com.co\/wp-content\/uploads\/2024\/03\/BUHO-1-696x464.jpeg 696w, https:\/\/colombiaopina.com.co\/wp-content\/uploads\/2024\/03\/BUHO-1-1068x712.jpeg 1068w, https:\/\/colombiaopina.com.co\/wp-content\/uploads\/2024\/03\/BUHO-1-600x400.jpeg 600w, https:\/\/colombiaopina.com.co\/wp-content\/uploads\/2024\/03\/BUHO-1.jpeg 1600w\" sizes=\"(max-width: 1024px) 100vw, 1024px\" \/><\/figure><p>Ambas autoridades ambientales hacen un llamado a la comunidad para apoyar la conservaci\u00f3n de la fauna silvestre, denunciando cualquier acto de tr\u00e1fico o tenencia ilegal que pueda poner en peligro la vida de estos individuos. Hasta la fecha, Corantioquia y Cornare han logrado rehabilitar a 33 animales silvestres que han sido sometidos al tr\u00e1fico y la tenencia ilegal.<\/p><p>El b\u00faho real desempe\u00f1a un papel crucial en los ecosistemas al regular las poblaciones de roedores e insectos, y su reintegraci\u00f3n a su h\u00e1bitat natural contribuye significativamente a la conservaci\u00f3n de la biodiversidad en la regi\u00f3n.<\/p>","protected":false},"excerpt":{"rendered":"<p>Un impresionante b\u00faho real, cient\u00edficamente conocido como Bubo virginianus, ha sido reintegrado a su h\u00e1bitat natural despu\u00e9s de m\u00e1s de un a\u00f1o de cuidados y rehabilitaci\u00f3n, gracias a la colaboraci\u00f3n entre las Corporaciones Aut\u00f3nomas Regionales (Cornare) y la Corporaci\u00f3n Aut\u00f3noma Regional del Centro de Antioquia (Corantioquia). Inicialmente, el majestuoso ejemplar de b\u00faho real fue localizado [&hellip;]<\/p>\n","protected":false},"author":4,"featured_media":2055,"comment_status":"open","ping_status":"open","sticky":false,"template":"","format":"standard","meta":{"tdm_status":"","tdm_grid_status":"","_jetpack_memberships_contains_paid_content":false,"footnotes":""},"categories":[131,38,44,113],"tags":[282,685,687,426,689,686],"class_list":{"0":"post-2053","1":"post","2":"type-post","3":"status-publish","4":"format-standard","5":"has-post-thumbnail","7":"category-animales","8":"category-antioquia","9":"category-medio-ambiente","10":"category-rescatada","11":"tag-antioquia","12":"tag-buho","13":"tag-liberacion","14":"tag-medio-ambiente","15":"tag-naturaleza","16":"tag-rehabilitacion"},"jetpack_sharing_enabled":true,"jetpack_featured_media_url":"https:\/\/colombiaopina.com.co\/wp-content\/uploads\/2024\/03\/BUHO-PORTADA.jpeg","amp_enabled":true,"_links":{"self":[{"href":"https:\/\/colombiaopina.com.co\/index.php\/wp-json\/wp\/v2\/posts\/2053"}],"collection":[{"href":"https:\/\/colombiaopina.com.co\/index.php\/wp-json\/wp\/v2\/posts"}],"about":[{"href":"https:\/\/colombiaopina.com.co\/index.php\/wp-json\/wp\/v2\/types\/post"}],"author":[{"embeddable":true,"href":"https:\/\/colombiaopina.com.co\/index.php\/wp-json\/wp\/v2\/users\/4"}],"replies":[{"embeddable":true,"href":"https:\/\/colombiaopina.com.co\/index.php\/wp-json\/wp\/v2\/comments?post=2053"}],"version-history":[{"count":1,"href":"https:\/\/colombiaopina.com.co\/index.php\/wp-json\/wp\/v2\/posts\/2053\/revisions"}],"predecessor-version":[{"id":2056,"href":"https:\/\/colombiaopina.com.co\/index.php\/wp-json\/wp\/v2\/posts\/2053\/revisions\/2056"}],"wp:featuredmedia":[{"embeddable":true,"href":"https:\/\/colombiaopina.com.co\/index.php\/wp-json\/wp\/v2\/media\/2055"}],"wp:attachment":[{"href":"https:\/\/colombiaopina.com.co\/index.php\/wp-json\/wp\/v2\/media?parent=2053"}],"wp:term":[{"taxonomy":"category","embeddable":true,"href":"https:\/\/colombiaopina.com.co\/index.php\/wp-json\/wp\/v2\/categories?post=2053"},{"taxonomy":"post_tag","embeddable":true,"href":"https:\/\/colombiaopina.com.co\/index.php\/wp-json\/wp\/v2\/tags?post=2053"}],"curies":[{"name":"wp","href":"https:\/\/api.w.org\/{rel}","templated":true}]}}