{"id":2049,"date":"2024-03-12T12:03:38","date_gmt":"2024-03-12T17:03:38","guid":{"rendered":"https:\/\/colombiaopina.com.co\/?p=2049"},"modified":"2024-03-12T12:03:40","modified_gmt":"2024-03-12T17:03:40","slug":"mas-de-700-personas-se-quitaron-la-vida-en-medellin-entre-2020-y-2023","status":"publish","type":"post","link":"https:\/\/colombiaopina.com.co\/index.php\/2024\/03\/12\/mas-de-700-personas-se-quitaron-la-vida-en-medellin-entre-2020-y-2023\/","title":{"rendered":"M\u00e1s de 700 personas se quitaron la vida en Medell\u00edn entre 2020 y 2023"},"content":{"rendered":"<p>Seg\u00fan un bolet\u00edn de prensa del 25 de enero de 2024, durante el per\u00edodo comprendido entre 2020 y 2023, m\u00e1s de 700 personas decidieron quitarse la vida en la ciudad de Medell\u00edn. Estas alarmantes cifras revelan una tendencia preocupante en cuanto a la incidencia del suicidio en la poblaci\u00f3n.<\/p><p>En el a\u00f1o 2023, se registraron 147 muertes por suicidio, con 29 casos correspondientes a mujeres y 118 a hombres. Adem\u00e1s, m\u00e1s de 2 mil personas intentaron quitarse la vida durante ese mismo a\u00f1o, con 1.457 casos de mujeres y 739 de hombres. Estas cifras subrayan la gravedad del problema y la necesidad de abordarlo de manera urgente.<\/p><p>Seg\u00fan la Organizaci\u00f3n Mundial de la Salud (OMS), el suicidio es la segunda causa de muerte entre las personas de 15 a 29 a\u00f1os a nivel mundial. En Medell\u00edn, las comunas con mayor incidencia de casos de muertes por suicidio son la Comuna 16 Bel\u00e9n, Comuna 10 La Candelaria, Comuna 4 Aranjuez, Comuna 8 Villa Hermosa, Comuna 1 Popular y la Comuna 2 Santa Cruz.<\/p><figure class=\"wp-block-image size-large\"><img loading=\"lazy\" decoding=\"async\" width=\"1024\" height=\"682\" src=\"https:\/\/colombiaopina.com.co\/wp-content\/uploads\/2024\/03\/SALUD-MENTAL-3-1024x682.jpeg\" alt=\"\" class=\"wp-image-2051\" srcset=\"https:\/\/colombiaopina.com.co\/wp-content\/uploads\/2024\/03\/SALUD-MENTAL-3-1024x682.jpeg 1024w, https:\/\/colombiaopina.com.co\/wp-content\/uploads\/2024\/03\/SALUD-MENTAL-3-300x200.jpeg 300w, https:\/\/colombiaopina.com.co\/wp-content\/uploads\/2024\/03\/SALUD-MENTAL-3-768x512.jpeg 768w, https:\/\/colombiaopina.com.co\/wp-content\/uploads\/2024\/03\/SALUD-MENTAL-3-150x100.jpeg 150w, https:\/\/colombiaopina.com.co\/wp-content\/uploads\/2024\/03\/SALUD-MENTAL-3-696x464.jpeg 696w, https:\/\/colombiaopina.com.co\/wp-content\/uploads\/2024\/03\/SALUD-MENTAL-3-600x400.jpeg 600w, https:\/\/colombiaopina.com.co\/wp-content\/uploads\/2024\/03\/SALUD-MENTAL-3.jpeg 1048w\" sizes=\"(max-width: 1024px) 100vw, 1024px\" \/><\/figure><p>Las entidades competentes han identificado varios factores que pueden contribuir al comportamiento suicida, incluyendo trastornos mentales como la depresi\u00f3n, altos niveles de estr\u00e9s, consumo de drogas o alcohol, y experiencias traum\u00e1ticas como el abuso sexual o f\u00edsico.<\/p><p>La atenci\u00f3n en salud mental en la ciudad enfrenta m\u00faltiples obst\u00e1culos, como la falta de diagn\u00f3sticos adecuados, tratamientos insuficientes, escasez de profesionales en psicolog\u00eda y psiquiatr\u00eda, y falta de servicios de urgencias psiqui\u00e1tricas. La Personer\u00eda Distrital de Medell\u00edn est\u00e1 realizando un seguimiento peri\u00f3dico de estas cifras para activar las rutas necesarias que permitan prevenir estas conductas y mejorar la atenci\u00f3n en salud mental en la ciudad.<\/p>","protected":false},"excerpt":{"rendered":"<p>Seg\u00fan un bolet\u00edn de prensa del 25 de enero de 2024, durante el per\u00edodo comprendido entre 2020 y 2023, m\u00e1s de 700 personas decidieron quitarse la vida en la ciudad de Medell\u00edn. Estas alarmantes cifras revelan una tendencia preocupante en cuanto a la incidencia del suicidio en la poblaci\u00f3n. En el a\u00f1o 2023, se registraron [&hellip;]<\/p>\n","protected":false},"author":4,"featured_media":2050,"comment_status":"open","ping_status":"open","sticky":false,"template":"","format":"standard","meta":{"tdm_status":"","tdm_grid_status":"","_jetpack_memberships_contains_paid_content":false,"footnotes":""},"categories":[38,54,60],"tags":[546,182,599,684],"class_list":{"0":"post-2049","1":"post","2":"type-post","3":"status-publish","4":"format-standard","5":"has-post-thumbnail","7":"category-antioquia","8":"category-medellin","9":"category-salud","10":"tag-medellin-2","11":"tag-salud","12":"tag-saludmental","13":"tag-suicidios"},"jetpack_sharing_enabled":true,"jetpack_featured_media_url":"https:\/\/colombiaopina.com.co\/wp-content\/uploads\/2024\/03\/SALUD-MENTAL-1.jpeg","amp_enabled":true,"_links":{"self":[{"href":"https:\/\/colombiaopina.com.co\/index.php\/wp-json\/wp\/v2\/posts\/2049"}],"collection":[{"href":"https:\/\/colombiaopina.com.co\/index.php\/wp-json\/wp\/v2\/posts"}],"about":[{"href":"https:\/\/colombiaopina.com.co\/index.php\/wp-json\/wp\/v2\/types\/post"}],"author":[{"embeddable":true,"href":"https:\/\/colombiaopina.com.co\/index.php\/wp-json\/wp\/v2\/users\/4"}],"replies":[{"embeddable":true,"href":"https:\/\/colombiaopina.com.co\/index.php\/wp-json\/wp\/v2\/comments?post=2049"}],"version-history":[{"count":1,"href":"https:\/\/colombiaopina.com.co\/index.php\/wp-json\/wp\/v2\/posts\/2049\/revisions"}],"predecessor-version":[{"id":2052,"href":"https:\/\/colombiaopina.com.co\/index.php\/wp-json\/wp\/v2\/posts\/2049\/revisions\/2052"}],"wp:featuredmedia":[{"embeddable":true,"href":"https:\/\/colombiaopina.com.co\/index.php\/wp-json\/wp\/v2\/media\/2050"}],"wp:attachment":[{"href":"https:\/\/colombiaopina.com.co\/index.php\/wp-json\/wp\/v2\/media?parent=2049"}],"wp:term":[{"taxonomy":"category","embeddable":true,"href":"https:\/\/colombiaopina.com.co\/index.php\/wp-json\/wp\/v2\/categories?post=2049"},{"taxonomy":"post_tag","embeddable":true,"href":"https:\/\/colombiaopina.com.co\/index.php\/wp-json\/wp\/v2\/tags?post=2049"}],"curies":[{"name":"wp","href":"https:\/\/api.w.org\/{rel}","templated":true}]}}