{"id":1948,"date":"2024-03-08T21:00:25","date_gmt":"2024-03-09T02:00:25","guid":{"rendered":"https:\/\/colombiaopina.com.co\/?p=1948"},"modified":"2024-03-08T21:00:26","modified_gmt":"2024-03-09T02:00:26","slug":"colombia-ve-luz-al-final-del-tunel-inflacionario-inflacion-cae-a-774-en-febrero","status":"publish","type":"post","link":"https:\/\/colombiaopina.com.co\/index.php\/2024\/03\/08\/colombia-ve-luz-al-final-del-tunel-inflacionario-inflacion-cae-a-774-en-febrero\/","title":{"rendered":"Colombia ve luz al final del t\u00fanel inflacionario: Inflaci\u00f3n cae a 7,74% en febrero\u2028"},"content":{"rendered":"<p>En un giro esperanzador para la econom\u00eda colombiana, la inflaci\u00f3n ha continuado su tendencia a la baja por und\u00e9cimo mes consecutivo, ubic\u00e1ndose en 7,74% en febrero, seg\u00fan inform\u00f3 el Departamento Administrativo Nacional de Estad\u00edstica (DANE). Este descenso marca un contraste significativo con el pico de 13,34% reportado en marzo del a\u00f1o anterior, se\u00f1alando un alivio gradual en la presi\u00f3n sobre el costo de vida de los colombianos.<\/p><p>El an\u00e1lisis del DANE destaca que sectores como transporte, educaci\u00f3n, bebidas alcoh\u00f3licas y tabaco, as\u00ed como restaurantes y hoteles, han registrado incrementos por encima del promedio nacional, impulsados en parte por el inicio del a\u00f1o escolar y los ajustes en el salario m\u00ednimo, entre otros factores. A pesar de estos aumentos, la tendencia general indica una moderaci\u00f3n en la inflaci\u00f3n, lo que ha generado optimismo entre funcionarios gubernamentales y analistas econ\u00f3micos.<\/p><p>El ministro de Hacienda, Ricardo Bonilla, ha interpretado estos datos como una se\u00f1al positiva, instando al Banco de la Rep\u00fablica a considerar una reducci\u00f3n en las tasas de inter\u00e9s para fomentar la recuperaci\u00f3n econ\u00f3mica y el crecimiento. Adem\u00e1s, destac\u00f3 que la inflaci\u00f3n para los estratos m\u00e1s pobres se situ\u00f3 en 6,54%, por debajo del promedio nacional, sugiriendo una mejora en el poder adquisitivo de la poblaci\u00f3n m\u00e1s vulnerable.<\/p><figure class=\"wp-block-embed is-type-rich is-provider-twitter wp-block-embed-twitter\"><div class=\"wp-block-embed__wrapper\">\n<blockquote class=\"twitter-tweet\" data-width=\"550\" data-dnt=\"true\"><p lang=\"es\" dir=\"ltr\">Nuevo \u00e9xito contra el nivel de precios: la tasa de inflaci\u00f3n cae a 7,74% anual.<br><br>En un a\u00f1o el precio de los alimentos solo ha subido un 1,89% anual<br><br>Si tenemos que el salario m\u00ednimo se increment\u00f3 nominalmente un 12% anual entonces el salario real sube en el a\u00f1o un 5,26 %<br><br>Sobre\u2026 <a href=\"https:\/\/t.co\/Tj5u313vmE\">https:\/\/t.co\/Tj5u313vmE<\/a><\/p>&mdash; Gustavo Petro (@petrogustavo) <a href=\"https:\/\/twitter.com\/petrogustavo\/status\/1765888618977980447?ref_src=twsrc%5Etfw\">March 7, 2024<\/a><\/blockquote><script async src=\"https:\/\/platform.twitter.com\/widgets.js\" charset=\"utf-8\"><\/script>\n<\/div><\/figure><p>Por su parte, el presidente Gustavo Petro ha resaltado el comportamiento favorable de la inflaci\u00f3n de los alimentos, con una variaci\u00f3n de solo 1,89% en el \u00faltimo a\u00f1o, atribuyendo este desempe\u00f1o a factores como la reducci\u00f3n en los precios de los insumos y el adelanto de algunas cosechas.<\/p><p>A pesar de los avances, la inflaci\u00f3n a\u00fan se encuentra por encima de la meta del 3% establecida por el Banco de la Rep\u00fablica, que espera alcanzar este objetivo a m\u00e1s tardar a mediados de 2025. Mientras tanto, ciudades como Valledupar, Riohacha y Sincelejo experimentan \u00edndices inflacionarios superiores al promedio nacional, lo que refleja la variabilidad regional en el comportamiento de los precios. Este panorama mixto subraya la importancia de continuar implementando pol\u00edticas econ\u00f3micas equilibradas que promuevan la estabilidad de precios sin sacrificar el crecimiento econ\u00f3mico. La pr\u00f3xima reuni\u00f3n de la Junta del Banco de la Rep\u00fablica ser\u00e1 crucial para definir el rumbo de las tasas de inter\u00e9s y, por ende, el futuro inmediato de la econom\u00eda colombiana.\u2028\u2028\u2028<br><\/p>","protected":false},"excerpt":{"rendered":"<p>En un giro esperanzador para la econom\u00eda colombiana, la inflaci\u00f3n ha continuado su tendencia a la baja por und\u00e9cimo mes consecutivo, ubic\u00e1ndose en 7,74% en febrero, seg\u00fan inform\u00f3 el Departamento Administrativo Nacional de Estad\u00edstica (DANE). Este descenso marca un contraste significativo con el pico de 13,34% reportado en marzo del a\u00f1o anterior, se\u00f1alando un alivio [&hellip;]<\/p>\n","protected":false},"author":4,"featured_media":1950,"comment_status":"open","ping_status":"open","sticky":false,"template":"","format":"standard","meta":{"tdm_status":"","tdm_grid_status":"","_jetpack_memberships_contains_paid_content":false,"footnotes":""},"categories":[39],"tags":[93,642,641,135],"class_list":{"0":"post-1948","1":"post","2":"type-post","3":"status-publish","4":"format-standard","5":"has-post-thumbnail","7":"category-colombia","8":"tag-colombia","9":"tag-economia-2","10":"tag-inflacion-2","11":"tag-petro"},"jetpack_sharing_enabled":true,"jetpack_featured_media_url":"https:\/\/colombiaopina.com.co\/wp-content\/uploads\/2024\/03\/Inflacion-portada-1.jpeg","amp_enabled":true,"_links":{"self":[{"href":"https:\/\/colombiaopina.com.co\/index.php\/wp-json\/wp\/v2\/posts\/1948"}],"collection":[{"href":"https:\/\/colombiaopina.com.co\/index.php\/wp-json\/wp\/v2\/posts"}],"about":[{"href":"https:\/\/colombiaopina.com.co\/index.php\/wp-json\/wp\/v2\/types\/post"}],"author":[{"embeddable":true,"href":"https:\/\/colombiaopina.com.co\/index.php\/wp-json\/wp\/v2\/users\/4"}],"replies":[{"embeddable":true,"href":"https:\/\/colombiaopina.com.co\/index.php\/wp-json\/wp\/v2\/comments?post=1948"}],"version-history":[{"count":1,"href":"https:\/\/colombiaopina.com.co\/index.php\/wp-json\/wp\/v2\/posts\/1948\/revisions"}],"predecessor-version":[{"id":1951,"href":"https:\/\/colombiaopina.com.co\/index.php\/wp-json\/wp\/v2\/posts\/1948\/revisions\/1951"}],"wp:featuredmedia":[{"embeddable":true,"href":"https:\/\/colombiaopina.com.co\/index.php\/wp-json\/wp\/v2\/media\/1950"}],"wp:attachment":[{"href":"https:\/\/colombiaopina.com.co\/index.php\/wp-json\/wp\/v2\/media?parent=1948"}],"wp:term":[{"taxonomy":"category","embeddable":true,"href":"https:\/\/colombiaopina.com.co\/index.php\/wp-json\/wp\/v2\/categories?post=1948"},{"taxonomy":"post_tag","embeddable":true,"href":"https:\/\/colombiaopina.com.co\/index.php\/wp-json\/wp\/v2\/tags?post=1948"}],"curies":[{"name":"wp","href":"https:\/\/api.w.org\/{rel}","templated":true}]}}