{"id":1944,"date":"2024-03-08T20:53:54","date_gmt":"2024-03-09T01:53:54","guid":{"rendered":"https:\/\/colombiaopina.com.co\/?p=1944"},"modified":"2024-03-08T20:53:56","modified_gmt":"2024-03-09T01:53:56","slug":"descubrimiento-historico-restos-del-magistrado-patino-roselli-hallados-tras-39-anos-de-la-tragedia-del-palacio-de-justicia","status":"publish","type":"post","link":"https:\/\/colombiaopina.com.co\/index.php\/2024\/03\/08\/descubrimiento-historico-restos-del-magistrado-patino-roselli-hallados-tras-39-anos-de-la-tragedia-del-palacio-de-justicia\/","title":{"rendered":"Descubrimiento hist\u00f3rico: Restos del magistrado Pati\u00f1o Roselli hallados tras 39 a\u00f1os de la tragedia del Palacio de Justicia\u2028"},"content":{"rendered":"<p>En un giro sorprendente que arroja luz sobre uno de los episodios m\u00e1s oscuros de la historia reciente de Colombia, la Fiscal\u00eda General de la Naci\u00f3n y el Instituto Nacional de Medicina Legal han logrado identificar y recuperar los restos del magistrado Alfonso Pati\u00f1o Roselli, v\u00edctima de la toma y retoma del Palacio de Justicia ocurrida entre el 6 y el 7 de noviembre de 1985. Este hallazgo, que llega casi cuatro d\u00e9cadas despu\u00e9s del tr\u00e1gico suceso, corrige un error hist\u00f3rico en el que los restos del magistrado hab\u00edan sido err\u00f3neamente identificados y entregados como los de Jaime Ben\u00edtez Prieto, sargento viceprimero de la Polic\u00eda Nacional.\u2028<\/p><p>La identificaci\u00f3n err\u00f3nea de los restos, un reflejo de la confusi\u00f3n y el caos que siguieron a la toma del Palacio, ha mantenido a las familias de las v\u00edctimas en una b\u00fasqueda dolorosa por la verdad y la justicia. La revelaci\u00f3n de que los restos de Pati\u00f1o Roselli fueron encontrados en la tumba destinada a Ben\u00edtez Prieto no solo cierra un cap\u00edtulo en la historia de dolor de la familia del magistrado, sino que tambi\u00e9n destapa las profundas heridas que a\u00fan persisten en el tejido social colombiano a ra\u00edz de este evento.\u2028<\/p><p>El proceso de identificaci\u00f3n forense, que culmin\u00f3 con la exhumaci\u00f3n de la tumba en el cementerio del Apogeo, ha sido un testimonio de la persistencia y el compromiso de las autoridades colombianas por esclarecer los hechos ocurridos durante y despu\u00e9s de la toma del Palacio de Justicia. Seg\u00fan el informe de Medicina Legal, la condici\u00f3n de los restos, fuertemente expuestos a altas temperaturas, indica que la v\u00edctima falleci\u00f3 en el lugar de los hechos, lo que a\u00f1ade una pieza m\u00e1s al complejo rompecabezas de aquellos d\u00edas fat\u00eddicos.\u2028<\/p><figure class=\"wp-block-image size-full\"><img loading=\"lazy\" decoding=\"async\" width=\"650\" height=\"488\" src=\"https:\/\/colombiaopina.com.co\/wp-content\/uploads\/2024\/03\/ROSELLI.jpeg\" alt=\"\" class=\"wp-image-1945\" srcset=\"https:\/\/colombiaopina.com.co\/wp-content\/uploads\/2024\/03\/ROSELLI.jpeg 650w, https:\/\/colombiaopina.com.co\/wp-content\/uploads\/2024\/03\/ROSELLI-300x225.jpeg 300w, https:\/\/colombiaopina.com.co\/wp-content\/uploads\/2024\/03\/ROSELLI-150x113.jpeg 150w, https:\/\/colombiaopina.com.co\/wp-content\/uploads\/2024\/03\/ROSELLI-265x198.jpeg 265w, https:\/\/colombiaopina.com.co\/wp-content\/uploads\/2024\/03\/ROSELLI-600x450.jpeg 600w\" sizes=\"(max-width: 650px) 100vw, 650px\" \/><\/figure><p>Este hallazgo no solo reabre el debate sobre la necesidad de justicia y reparaci\u00f3n para las v\u00edctimas y sus familias, sino que tambi\u00e9n pone de relieve las deficiencias en los procesos de identificaci\u00f3n y entrega de restos en el contexto de conflictos y tragedias nacionales. La historia del magistrado Pati\u00f1o Roselli, cuyos restos fueron visitados por sus familiares bajo una identidad equivocada hasta 1997, es un recordatorio doloroso de las cicatrices que la violencia ha dejado en Colombia.\u2028 La investigaci\u00f3n penal contin\u00faa, y como se\u00f1ala el abogado Eduardo Carre\u00f1o Wilches, representante de algunas de las v\u00edctimas, este caso no es aislado. Muchas familias han enfrentado una revictimizaci\u00f3n al descubrir la verdad sobre sus seres queridos desaparecidos o mal identificados. La identificaci\u00f3n de los restos de Pati\u00f1o Roselli no solo es un paso hacia la justicia para su familia, sino tambi\u00e9n un llamado a la acci\u00f3n para garantizar que tales errores no se repitan y que la memoria de las v\u00edctimas sea honrada con la verdad y la justicia.\u2028\u2028\u2028\u2028<br><\/p>","protected":false},"excerpt":{"rendered":"<p>En un giro sorprendente que arroja luz sobre uno de los episodios m\u00e1s oscuros de la historia reciente de Colombia, la Fiscal\u00eda General de la Naci\u00f3n y el Instituto Nacional de Medicina Legal han logrado identificar y recuperar los restos del magistrado Alfonso Pati\u00f1o Roselli, v\u00edctima de la toma y retoma del Palacio de Justicia [&hellip;]<\/p>\n","protected":false},"author":4,"featured_media":1946,"comment_status":"open","ping_status":"open","sticky":false,"template":"","format":"standard","meta":{"tdm_status":"","tdm_grid_status":"","_jetpack_memberships_contains_paid_content":false,"footnotes":""},"categories":[39],"tags":[638,637,639],"class_list":{"0":"post-1944","1":"post","2":"type-post","3":"status-publish","4":"format-standard","5":"has-post-thumbnail","7":"category-colombia","8":"tag-magistrado","9":"tag-palaciodejusticia","10":"tag-restos"},"jetpack_sharing_enabled":true,"jetpack_featured_media_url":"https:\/\/colombiaopina.com.co\/wp-content\/uploads\/2024\/03\/ROSELLI-PORTADA.jpeg","amp_enabled":true,"_links":{"self":[{"href":"https:\/\/colombiaopina.com.co\/index.php\/wp-json\/wp\/v2\/posts\/1944"}],"collection":[{"href":"https:\/\/colombiaopina.com.co\/index.php\/wp-json\/wp\/v2\/posts"}],"about":[{"href":"https:\/\/colombiaopina.com.co\/index.php\/wp-json\/wp\/v2\/types\/post"}],"author":[{"embeddable":true,"href":"https:\/\/colombiaopina.com.co\/index.php\/wp-json\/wp\/v2\/users\/4"}],"replies":[{"embeddable":true,"href":"https:\/\/colombiaopina.com.co\/index.php\/wp-json\/wp\/v2\/comments?post=1944"}],"version-history":[{"count":1,"href":"https:\/\/colombiaopina.com.co\/index.php\/wp-json\/wp\/v2\/posts\/1944\/revisions"}],"predecessor-version":[{"id":1947,"href":"https:\/\/colombiaopina.com.co\/index.php\/wp-json\/wp\/v2\/posts\/1944\/revisions\/1947"}],"wp:featuredmedia":[{"embeddable":true,"href":"https:\/\/colombiaopina.com.co\/index.php\/wp-json\/wp\/v2\/media\/1946"}],"wp:attachment":[{"href":"https:\/\/colombiaopina.com.co\/index.php\/wp-json\/wp\/v2\/media?parent=1944"}],"wp:term":[{"taxonomy":"category","embeddable":true,"href":"https:\/\/colombiaopina.com.co\/index.php\/wp-json\/wp\/v2\/categories?post=1944"},{"taxonomy":"post_tag","embeddable":true,"href":"https:\/\/colombiaopina.com.co\/index.php\/wp-json\/wp\/v2\/tags?post=1944"}],"curies":[{"name":"wp","href":"https:\/\/api.w.org\/{rel}","templated":true}]}}