{"id":1909,"date":"2024-03-08T20:00:02","date_gmt":"2024-03-09T01:00:02","guid":{"rendered":"https:\/\/colombiaopina.com.co\/?p=1909"},"modified":"2024-03-08T20:00:04","modified_gmt":"2024-03-09T01:00:04","slug":"cartagena-colombia","status":"publish","type":"post","link":"https:\/\/colombiaopina.com.co\/index.php\/2024\/03\/08\/cartagena-colombia\/","title":{"rendered":"Cartagena, Colombia"},"content":{"rendered":"<p>Un incendio de grandes proporciones se ha desatado en las bodegas de Contecar, ubicadas en la zona industrial de Cartagena, generando alarma entre los habitantes y autoridades de la ciudad. El cuerpo de bomberos, que ya se encuentra en el lugar combatiendo las llamas, ha solicitado refuerzos adicionales de m\u00e1quinas extintoras a las diferentes empresas cercanas para controlar el fuego.<\/p><p>El incendio, cuyas causas a\u00fan se desconocen, comenz\u00f3 en horas de la tarde y r\u00e1pidamente se extendi\u00f3, afectando varias bodegas de Contecar, una de las empresas m\u00e1s importantes en la zona industrial de Cartagena. Las llamas y la densa columna de humo son visibles desde varios puntos de la ciudad, causando preocupaci\u00f3n entre los ciudadanos.<\/p><figure class=\"wp-block-image size-full\"><img loading=\"lazy\" decoding=\"async\" width=\"920\" height=\"613\" src=\"https:\/\/colombiaopina.com.co\/wp-content\/uploads\/2024\/03\/INCENDIO.jpeg\" alt=\"\" class=\"wp-image-1910\" srcset=\"https:\/\/colombiaopina.com.co\/wp-content\/uploads\/2024\/03\/INCENDIO.jpeg 920w, https:\/\/colombiaopina.com.co\/wp-content\/uploads\/2024\/03\/INCENDIO-300x200.jpeg 300w, https:\/\/colombiaopina.com.co\/wp-content\/uploads\/2024\/03\/INCENDIO-768x512.jpeg 768w, https:\/\/colombiaopina.com.co\/wp-content\/uploads\/2024\/03\/INCENDIO-150x100.jpeg 150w, https:\/\/colombiaopina.com.co\/wp-content\/uploads\/2024\/03\/INCENDIO-696x464.jpeg 696w, https:\/\/colombiaopina.com.co\/wp-content\/uploads\/2024\/03\/INCENDIO-600x400.jpeg 600w\" sizes=\"(max-width: 920px) 100vw, 920px\" \/><\/figure><p>Equipos de emergencia, incluyendo bomberos y personal de respuesta r\u00e1pida, est\u00e1n trabajando incansablemente para contener el incendio y evitar que se propague a otras \u00e1reas. La magnitud del fuego ha llevado a las autoridades a pedir apoyo externo, destacando la solidaridad y cooperaci\u00f3n entre las empresas de la zona industrial en situaciones de emergencia.<\/p><p>Hasta el momento, no se han reportado v\u00edctimas ni heridos, pero las autoridades est\u00e1n monitoreando de cerca la situaci\u00f3n y han comenzado a evaluar los posibles da\u00f1os a la infraestructura y al medio ambiente. La prioridad actual es controlar el incendio y asegurar la zona para proteger la vida de los trabajadores y residentes cercanos. Las autoridades locales han pedido a los ciudadanos evitar acercarse a la zona afectada y seguir las indicaciones de los equipos de emergencia. Se espera que en las pr\u00f3ximas horas se brinde m\u00e1s informaci\u00f3n sobre el origen del incendio y las medidas que se tomar\u00e1n para prevenir futuros incidentes de este tipo en la zona industrial de Cartagena.\u2028\u2028\u2028\u2028<strong>\u2028<\/strong><strong><br><br><\/strong><\/p><figure class=\"wp-block-embed is-type-rich is-provider-twitter wp-block-embed-twitter\"><div class=\"wp-block-embed__wrapper\">\n<blockquote class=\"twitter-tweet\" data-width=\"550\" data-dnt=\"true\"><p lang=\"es\" dir=\"ltr\">Alex Tejada N\u00fa\u00f1ez, Director del Departamento Administrativo Distrital de Salud (DADIS), entrega reporte a la ciudadan\u00eda de la emergencia acontecida este viernes por un incendio en Contecar. <a href=\"https:\/\/t.co\/VYJGwdkA6p\">pic.twitter.com\/VYJGwdkA6p<\/a><\/p>&mdash; Alcald\u00eda de Cartagena (@AlcaldiaCTG) <a href=\"https:\/\/twitter.com\/AlcaldiaCTG\/status\/1766200163041755582?ref_src=twsrc%5Etfw\">March 8, 2024<\/a><\/blockquote><script async src=\"https:\/\/platform.twitter.com\/widgets.js\" charset=\"utf-8\"><\/script>\n<\/div><\/figure>","protected":false},"excerpt":{"rendered":"<p>Un incendio de grandes proporciones se ha desatado en las bodegas de Contecar, ubicadas en la zona industrial de Cartagena, generando alarma entre los habitantes y autoridades de la ciudad. El cuerpo de bomberos, que ya se encuentra en el lugar combatiendo las llamas, ha solicitado refuerzos adicionales de m\u00e1quinas extintoras a las diferentes empresas [&hellip;]<\/p>\n","protected":false},"author":4,"featured_media":1911,"comment_status":"open","ping_status":"open","sticky":false,"template":"","format":"standard","meta":{"tdm_status":"","tdm_grid_status":"","_jetpack_memberships_contains_paid_content":false,"footnotes":""},"categories":[39],"tags":[508,612,613,614,268],"class_list":{"0":"post-1909","1":"post","2":"type-post","3":"status-publish","4":"format-standard","5":"has-post-thumbnail","7":"category-colombia","8":"tag-bomberos","9":"tag-cartagena","10":"tag-fabrica","11":"tag-fuego","12":"tag-incendio"},"jetpack_sharing_enabled":true,"jetpack_featured_media_url":"https:\/\/colombiaopina.com.co\/wp-content\/uploads\/2024\/03\/INCENDIO-PORTADA.jpeg","amp_enabled":true,"_links":{"self":[{"href":"https:\/\/colombiaopina.com.co\/index.php\/wp-json\/wp\/v2\/posts\/1909"}],"collection":[{"href":"https:\/\/colombiaopina.com.co\/index.php\/wp-json\/wp\/v2\/posts"}],"about":[{"href":"https:\/\/colombiaopina.com.co\/index.php\/wp-json\/wp\/v2\/types\/post"}],"author":[{"embeddable":true,"href":"https:\/\/colombiaopina.com.co\/index.php\/wp-json\/wp\/v2\/users\/4"}],"replies":[{"embeddable":true,"href":"https:\/\/colombiaopina.com.co\/index.php\/wp-json\/wp\/v2\/comments?post=1909"}],"version-history":[{"count":1,"href":"https:\/\/colombiaopina.com.co\/index.php\/wp-json\/wp\/v2\/posts\/1909\/revisions"}],"predecessor-version":[{"id":1912,"href":"https:\/\/colombiaopina.com.co\/index.php\/wp-json\/wp\/v2\/posts\/1909\/revisions\/1912"}],"wp:featuredmedia":[{"embeddable":true,"href":"https:\/\/colombiaopina.com.co\/index.php\/wp-json\/wp\/v2\/media\/1911"}],"wp:attachment":[{"href":"https:\/\/colombiaopina.com.co\/index.php\/wp-json\/wp\/v2\/media?parent=1909"}],"wp:term":[{"taxonomy":"category","embeddable":true,"href":"https:\/\/colombiaopina.com.co\/index.php\/wp-json\/wp\/v2\/categories?post=1909"},{"taxonomy":"post_tag","embeddable":true,"href":"https:\/\/colombiaopina.com.co\/index.php\/wp-json\/wp\/v2\/tags?post=1909"}],"curies":[{"name":"wp","href":"https:\/\/api.w.org\/{rel}","templated":true}]}}