{"id":1894,"date":"2024-03-07T11:57:25","date_gmt":"2024-03-07T16:57:25","guid":{"rendered":"https:\/\/colombiaopina.com.co\/?p=1894"},"modified":"2024-03-07T11:57:27","modified_gmt":"2024-03-07T16:57:27","slug":"medellin-enfrenta-brote-de-hepatitis-a-autoridades-refuerzan-medidas-preventivas","status":"publish","type":"post","link":"https:\/\/colombiaopina.com.co\/index.php\/2024\/03\/07\/medellin-enfrenta-brote-de-hepatitis-a-autoridades-refuerzan-medidas-preventivas\/","title":{"rendered":"Medell\u00edn enfrenta brote de Hepatitis A: Autoridades refuerzan medidas preventivas"},"content":{"rendered":"<p>Medell\u00edn se encuentra en alerta debido a un brote de hepatitis A, con 170 casos reportados desde el inicio del a\u00f1o hasta la fecha. Esta enfermedad, que afecta principalmente al h\u00edgado causando inflamaci\u00f3n, se transmite por contaminaci\u00f3n del agua o de los alimentos, as\u00ed como por v\u00edas oral, sangu\u00ednea o sexual. Aunque algunos individuos infectados pueden no desarrollar s\u00edntomas, otros experimentan fiebre, p\u00e9rdida del apetito, fatiga, n\u00e1useas, v\u00f3mito, dolor abdominal y cambios en la materia fecal, entre otros signos de alerta.<\/p><p>Ante esta situaci\u00f3n, la Alcald\u00eda de Medell\u00edn ha intensificado las medidas de prevenci\u00f3n para contener la propagaci\u00f3n del virus. Entre las recomendaciones emitidas a la poblaci\u00f3n se incluyen pr\u00e1cticas de higiene b\u00e1sicas como el lavado de manos antes de preparar y consumir alimentos, el consumo de agua potable y la desinfecci\u00f3n adecuada de los servicios sanitarios. Adem\u00e1s, se hace un llamado especial a la vacunaci\u00f3n contra el virus, una medida preventiva clave para proteger a la comunidad.<\/p><p>Rita Almanza Payares, l\u00edder de Epidemiolog\u00eda de la Secretar\u00eda de Salud, ha hecho un llamado a la acci\u00f3n, destacando que la vacuna contra la hepatitis A est\u00e1 disponible de forma gratuita para todos los ni\u00f1os a partir de un a\u00f1o de edad y para aquellos que actualmente tienen 12 a\u00f1os o menos. Los interesados pueden acudir a los puntos de vacunaci\u00f3n distribuidos por la ciudad para solicitarla.<\/p><figure class=\"wp-block-embed is-type-rich is-provider-twitter wp-block-embed-twitter\"><div class=\"wp-block-embed__wrapper\">\n<blockquote class=\"twitter-tweet\" data-width=\"550\" data-dnt=\"true\"><p lang=\"es\" dir=\"ltr\">La Alcald\u00eda de Medell\u00edn fortalece las medidas de prevenci\u00f3n frente a la hepatitis A \ud83d\udc47\ud83c\udffb<a href=\"https:\/\/t.co\/E3dvFUIyuL\">https:\/\/t.co\/E3dvFUIyuL<\/a><\/p>&mdash; Alcald\u00eda de Medell\u00edn (@AlcaldiadeMed) <a href=\"https:\/\/twitter.com\/AlcaldiadeMed\/status\/1765385575425532291?ref_src=twsrc%5Etfw\">March 6, 2024<\/a><\/blockquote><script async src=\"https:\/\/platform.twitter.com\/widgets.js\" charset=\"utf-8\"><\/script>\n<\/div><\/figure><p>Aunque la hepatitis A generalmente no conduce a una enfermedad cr\u00f3nica del h\u00edgado y rara vez resulta fatal, puede provocar s\u00edntomas debilitantes y complicaciones en algunos casos. El diagn\u00f3stico de esta enfermedad se realiza a trav\u00e9s de un examen de sangre, permitiendo as\u00ed un tratamiento oportuno y adecuado para los afectados.<\/p><p>La respuesta de las autoridades sanitarias de Medell\u00edn ante este brote subraya la importancia de la prevenci\u00f3n y el control de enfermedades transmisibles. A trav\u00e9s de la educaci\u00f3n sobre pr\u00e1cticas de higiene, el acceso a servicios de salud de calidad y la promoci\u00f3n de la vacunaci\u00f3n, la ciudad busca proteger la salud de sus habitantes y prevenir futuros brotes de hepatitis A u otras enfermedades infecciosas.<\/p>","protected":false},"excerpt":{"rendered":"<p>Medell\u00edn se encuentra en alerta debido a un brote de hepatitis A, con 170 casos reportados desde el inicio del a\u00f1o hasta la fecha. Esta enfermedad, que afecta principalmente al h\u00edgado causando inflamaci\u00f3n, se transmite por contaminaci\u00f3n del agua o de los alimentos, as\u00ed como por v\u00edas oral, sangu\u00ednea o sexual. Aunque algunos individuos infectados [&hellip;]<\/p>\n","protected":false},"author":4,"featured_media":1895,"comment_status":"open","ping_status":"open","sticky":false,"template":"","format":"standard","meta":{"tdm_status":"","tdm_grid_status":"","_jetpack_memberships_contains_paid_content":false,"footnotes":""},"categories":[38,54,60],"tags":[607,546,182],"class_list":{"0":"post-1894","1":"post","2":"type-post","3":"status-publish","4":"format-standard","5":"has-post-thumbnail","7":"category-antioquia","8":"category-medellin","9":"category-salud","10":"tag-hepatitis","11":"tag-medellin-2","12":"tag-salud"},"jetpack_sharing_enabled":true,"jetpack_featured_media_url":"https:\/\/colombiaopina.com.co\/wp-content\/uploads\/2024\/03\/Hepatitis.jpeg","amp_enabled":true,"_links":{"self":[{"href":"https:\/\/colombiaopina.com.co\/index.php\/wp-json\/wp\/v2\/posts\/1894"}],"collection":[{"href":"https:\/\/colombiaopina.com.co\/index.php\/wp-json\/wp\/v2\/posts"}],"about":[{"href":"https:\/\/colombiaopina.com.co\/index.php\/wp-json\/wp\/v2\/types\/post"}],"author":[{"embeddable":true,"href":"https:\/\/colombiaopina.com.co\/index.php\/wp-json\/wp\/v2\/users\/4"}],"replies":[{"embeddable":true,"href":"https:\/\/colombiaopina.com.co\/index.php\/wp-json\/wp\/v2\/comments?post=1894"}],"version-history":[{"count":1,"href":"https:\/\/colombiaopina.com.co\/index.php\/wp-json\/wp\/v2\/posts\/1894\/revisions"}],"predecessor-version":[{"id":1896,"href":"https:\/\/colombiaopina.com.co\/index.php\/wp-json\/wp\/v2\/posts\/1894\/revisions\/1896"}],"wp:featuredmedia":[{"embeddable":true,"href":"https:\/\/colombiaopina.com.co\/index.php\/wp-json\/wp\/v2\/media\/1895"}],"wp:attachment":[{"href":"https:\/\/colombiaopina.com.co\/index.php\/wp-json\/wp\/v2\/media?parent=1894"}],"wp:term":[{"taxonomy":"category","embeddable":true,"href":"https:\/\/colombiaopina.com.co\/index.php\/wp-json\/wp\/v2\/categories?post=1894"},{"taxonomy":"post_tag","embeddable":true,"href":"https:\/\/colombiaopina.com.co\/index.php\/wp-json\/wp\/v2\/tags?post=1894"}],"curies":[{"name":"wp","href":"https:\/\/api.w.org\/{rel}","templated":true}]}}