{"id":1888,"date":"2024-03-07T11:45:34","date_gmt":"2024-03-07T16:45:34","guid":{"rendered":"https:\/\/colombiaopina.com.co\/?p=1888"},"modified":"2024-03-07T11:45:36","modified_gmt":"2024-03-07T16:45:36","slug":"daniel-quintero-moviliza-al-congreso-para-investigar-presunta-corrupcion-en-su-administracion","status":"publish","type":"post","link":"https:\/\/colombiaopina.com.co\/index.php\/2024\/03\/07\/daniel-quintero-moviliza-al-congreso-para-investigar-presunta-corrupcion-en-su-administracion\/","title":{"rendered":"Daniel Quintero moviliza al Congreso para investigar presunta corrupci\u00f3n en su administraci\u00f3n"},"content":{"rendered":"<p>En un giro inesperado en la pol\u00edtica de Medell\u00edn, el exalcalde Daniel Quintero ha tomado medidas proactivas frente a las acusaciones de corrupci\u00f3n presentadas por su sucesor, Federico Guti\u00e9rrez. Quintero, en un esfuerzo por limpiar su nombre y el de su administraci\u00f3n, ha solicitado una auditor\u00eda forense internacional sobre el informe que detalla presuntas irregularidades durante su mandato. Este informe, presentado por Guti\u00e9rrez, ha generado un torbellino de especulaciones y acusaciones, pero a\u00fan no se ha divulgado en su totalidad.<\/p><p>La situaci\u00f3n se intensifica con la intervenci\u00f3n de congresistas afines a Quintero, quienes han enviado una carta al actual alcalde de Medell\u00edn exigiendo respuestas a un cuestionario de siete preguntas relacionadas con el informe. Esta acci\u00f3n subraya la gravedad de las acusaciones y la necesidad de transparencia y rendici\u00f3n de cuentas en la gesti\u00f3n p\u00fablica.<\/p><p>Quintero ha criticado la presentaci\u00f3n del informe por parte de Guti\u00e9rrez, calific\u00e1ndola de \u00abshow medi\u00e1tico\u00bb y cuestionando la rigurosidad y precisi\u00f3n de los hallazgos anunciados. Seg\u00fan Quintero, algunos de los casos mencionados ya estaban bajo investigaci\u00f3n o hab\u00edan sido archivados por \u00f3rganos de control, mientras que otros ni siquiera se ejecutaron o correspond\u00edan a periodos en los que \u00e9l no estaba en el cargo.<\/p><figure class=\"wp-block-embed is-type-rich is-provider-twitter wp-block-embed-twitter\"><div class=\"wp-block-embed__wrapper\">\n<blockquote class=\"twitter-tweet\" data-width=\"550\" data-dnt=\"true\"><p lang=\"es\" dir=\"ltr\">Para todo el mundo es claro que el objetivo del Alcalde Gutierrez y del GEA, es lograr una sanci\u00f3n que me impida participar en las elecciones del 2026 para la Presidencia de la Rep\u00fablica.<br><br>El informe de \u201cauditor\u00eda forense\u201d presentado por Guti\u00e9rrez, como se esperaba, tiene\u2026 <a href=\"https:\/\/t.co\/6TSKLbql7x\">pic.twitter.com\/6TSKLbql7x<\/a><\/p>&mdash; Daniel Quintero Calle (@QuinteroCalle) <a href=\"https:\/\/twitter.com\/QuinteroCalle\/status\/1765419389594050984?ref_src=twsrc%5Etfw\">March 6, 2024<\/a><\/blockquote><script async src=\"https:\/\/platform.twitter.com\/widgets.js\" charset=\"utf-8\"><\/script>\n<\/div><\/figure><p>La administraci\u00f3n de Guti\u00e9rrez sostiene que ha identificado 501 irregularidades durante la alcald\u00eda de Quintero, con denuncias ya presentadas ante la Procuradur\u00eda General, la Personer\u00eda de Medell\u00edn, la Contralor\u00eda General y la Fiscal\u00eda. Estas acusaciones abarcan desde modificaciones contractuales que favorecer\u00edan a empresas espec\u00edficas hasta irregularidades en el manejo del presupuesto participativo y un presunto carrusel de la contrataci\u00f3n.<\/p><p>Quintero, por su parte, defiende su gesti\u00f3n, destacando su lucha contra las mafias y las irregularidades en proyectos significativos como Hidroituango. Asegura que su administraci\u00f3n se caracteriz\u00f3 por el valor y los principios, y se muestra dispuesto a enfrentar las acusaciones con firmeza.<\/p>","protected":false},"excerpt":{"rendered":"<p>En un giro inesperado en la pol\u00edtica de Medell\u00edn, el exalcalde Daniel Quintero ha tomado medidas proactivas frente a las acusaciones de corrupci\u00f3n presentadas por su sucesor, Federico Guti\u00e9rrez. Quintero, en un esfuerzo por limpiar su nombre y el de su administraci\u00f3n, ha solicitado una auditor\u00eda forense internacional sobre el informe que detalla presuntas irregularidades [&hellip;]<\/p>\n","protected":false},"author":4,"featured_media":1889,"comment_status":"open","ping_status":"open","sticky":false,"template":"","format":"standard","meta":{"tdm_status":"","tdm_grid_status":"","_jetpack_memberships_contains_paid_content":false,"footnotes":""},"categories":[86],"tags":[563,100,546,209,266],"class_list":{"0":"post-1888","1":"post","2":"type-post","3":"status-publish","4":"format-standard","5":"has-post-thumbnail","7":"category-politica","8":"tag-corrupcion","9":"tag-fico","10":"tag-medellin-2","11":"tag-politica-2","12":"tag-quintero"},"jetpack_sharing_enabled":true,"jetpack_featured_media_url":"https:\/\/colombiaopina.com.co\/wp-content\/uploads\/2024\/03\/QUINTERO.jpeg","amp_enabled":true,"_links":{"self":[{"href":"https:\/\/colombiaopina.com.co\/index.php\/wp-json\/wp\/v2\/posts\/1888"}],"collection":[{"href":"https:\/\/colombiaopina.com.co\/index.php\/wp-json\/wp\/v2\/posts"}],"about":[{"href":"https:\/\/colombiaopina.com.co\/index.php\/wp-json\/wp\/v2\/types\/post"}],"author":[{"embeddable":true,"href":"https:\/\/colombiaopina.com.co\/index.php\/wp-json\/wp\/v2\/users\/4"}],"replies":[{"embeddable":true,"href":"https:\/\/colombiaopina.com.co\/index.php\/wp-json\/wp\/v2\/comments?post=1888"}],"version-history":[{"count":1,"href":"https:\/\/colombiaopina.com.co\/index.php\/wp-json\/wp\/v2\/posts\/1888\/revisions"}],"predecessor-version":[{"id":1890,"href":"https:\/\/colombiaopina.com.co\/index.php\/wp-json\/wp\/v2\/posts\/1888\/revisions\/1890"}],"wp:featuredmedia":[{"embeddable":true,"href":"https:\/\/colombiaopina.com.co\/index.php\/wp-json\/wp\/v2\/media\/1889"}],"wp:attachment":[{"href":"https:\/\/colombiaopina.com.co\/index.php\/wp-json\/wp\/v2\/media?parent=1888"}],"wp:term":[{"taxonomy":"category","embeddable":true,"href":"https:\/\/colombiaopina.com.co\/index.php\/wp-json\/wp\/v2\/categories?post=1888"},{"taxonomy":"post_tag","embeddable":true,"href":"https:\/\/colombiaopina.com.co\/index.php\/wp-json\/wp\/v2\/tags?post=1888"}],"curies":[{"name":"wp","href":"https:\/\/api.w.org\/{rel}","templated":true}]}}