{"id":1653,"date":"2024-02-29T21:09:40","date_gmt":"2024-03-01T02:09:40","guid":{"rendered":"https:\/\/colombiaopina.com.co\/?p=1653"},"modified":"2024-02-29T21:09:41","modified_gmt":"2024-03-01T02:09:41","slug":"mefi-boset-rave-gomez-nuevo-guardian-de-la-etica-publica-en-medellin","status":"publish","type":"post","link":"https:\/\/colombiaopina.com.co\/index.php\/2024\/02\/29\/mefi-boset-rave-gomez-nuevo-guardian-de-la-etica-publica-en-medellin\/","title":{"rendered":"Mefi Boset Rave G\u00f3mez, nuevo guardi\u00e1n de la \u00e9tica p\u00fablica en Medell\u00edn"},"content":{"rendered":"<p>En un acto solemne celebrado en el Concejo de Medell\u00edn, Mefi Boset Rave G\u00f3mez asumi\u00f3 el cargo de Personero del Distrito para el per\u00edodo 2024-2028, marcando el inicio de una era en la que busca fortalecer la confianza ciudadana en las instituciones p\u00fablicas. Elegido tras un exigente concurso de m\u00e9ritos organizado por el Polit\u00e9cnico Grancolombiano, Rave G\u00f3mez lider\u00f3 con puntaje sobresaliente, lo que refleja su amplia competencia y dedicaci\u00f3n al servicio p\u00fablico.<\/p><p>Con una promesa firme de convertir la Personer\u00eda en un verdadero aliado de los ciudadanos m\u00e1s vulnerables y de la comunidad en general, Rave G\u00f3mez se propone restaurar la fe en los servidores p\u00fablicos, un reto may\u00fasculo en tiempos de creciente escepticismo hacia las autoridades. Andr\u00e9s Tob\u00f3n, presidente de la Corporaci\u00f3n, enfatiz\u00f3 la importancia de que la labor de la Personer\u00eda trascienda las oficinas para enraizarse en el territorio, como una estrategia clave para recuperar la confianza ciudadana.<\/p><figure class=\"wp-block-image size-large\"><img loading=\"lazy\" decoding=\"async\" width=\"1024\" height=\"682\" src=\"https:\/\/colombiaopina.com.co\/wp-content\/uploads\/2024\/02\/image003-1024x682.jpg\" alt=\"\" class=\"wp-image-1654\" srcset=\"https:\/\/colombiaopina.com.co\/wp-content\/uploads\/2024\/02\/image003-1024x682.jpg 1024w, https:\/\/colombiaopina.com.co\/wp-content\/uploads\/2024\/02\/image003-300x200.jpg 300w, https:\/\/colombiaopina.com.co\/wp-content\/uploads\/2024\/02\/image003-768x512.jpg 768w, https:\/\/colombiaopina.com.co\/wp-content\/uploads\/2024\/02\/image003-150x100.jpg 150w, https:\/\/colombiaopina.com.co\/wp-content\/uploads\/2024\/02\/image003-696x464.jpg 696w, https:\/\/colombiaopina.com.co\/wp-content\/uploads\/2024\/02\/image003-1068x712.jpg 1068w, https:\/\/colombiaopina.com.co\/wp-content\/uploads\/2024\/02\/image003-600x400.jpg 600w, https:\/\/colombiaopina.com.co\/wp-content\/uploads\/2024\/02\/image003.jpg 1280w\" sizes=\"(max-width: 1024px) 100vw, 1024px\" \/><\/figure><p>El alcalde Federico Guti\u00e9rrez, por su parte, asegur\u00f3 su total apoyo a la gesti\u00f3n de Rave, subrayando la importancia cr\u00edtica de los entes de control en la representaci\u00f3n de los intereses del pueblo. Guti\u00e9rrez prometi\u00f3 dotar a la Personer\u00eda de los recursos necesarios para que pueda ejercer un control efectivo sobre la administraci\u00f3n p\u00fablica, adem\u00e1s de fortalecer las unidades de derechos humanos, considerando los desaf\u00edos que enfrenta la ciudad en esta materia.<\/p><figure class=\"wp-block-image size-full\"><img loading=\"lazy\" decoding=\"async\" width=\"381\" height=\"254\" src=\"https:\/\/colombiaopina.com.co\/wp-content\/uploads\/2024\/02\/image013.jpg\" alt=\"\" class=\"wp-image-1655\" srcset=\"https:\/\/colombiaopina.com.co\/wp-content\/uploads\/2024\/02\/image013.jpg 381w, https:\/\/colombiaopina.com.co\/wp-content\/uploads\/2024\/02\/image013-300x200.jpg 300w, https:\/\/colombiaopina.com.co\/wp-content\/uploads\/2024\/02\/image013-150x100.jpg 150w\" sizes=\"(max-width: 381px) 100vw, 381px\" \/><\/figure><p>Rave G\u00f3mez no es ajeno a las responsabilidades que ahora asume; su experiencia previa como personero en diversas localidades de Antioquia y sus especializaciones en m\u00faltiples \u00e1reas del Derecho lo convierten en un candidato ideal para este rol. Con dos maestr\u00edas en Derecho Administrativo y Derecho Procesal Penal y Teor\u00eda del Delito, su perfil acad\u00e9mico y profesional augura un mandato caracterizado por la \u00e9tica, la transparencia y un compromiso inquebrantable con los derechos humanos. La comunidad de Medell\u00edn observa con esperanza y expectativa c\u00f3mo esta nueva etapa en la Personer\u00eda se desarrollar\u00e1 bajo la direcci\u00f3n de Mefi Boset Rave G\u00f3mez.<\/p>","protected":false},"excerpt":{"rendered":"<p>En un acto solemne celebrado en el Concejo de Medell\u00edn, Mefi Boset Rave G\u00f3mez asumi\u00f3 el cargo de Personero del Distrito para el per\u00edodo 2024-2028, marcando el inicio de una era en la que busca fortalecer la confianza ciudadana en las instituciones p\u00fablicas. Elegido tras un exigente concurso de m\u00e9ritos organizado por el Polit\u00e9cnico Grancolombiano, [&hellip;]<\/p>\n","protected":false},"author":4,"featured_media":1656,"comment_status":"open","ping_status":"open","sticky":false,"template":"","format":"standard","meta":{"tdm_status":"","tdm_grid_status":"","_jetpack_memberships_contains_paid_content":false,"footnotes":""},"categories":[54],"tags":[191,100,501,500,502],"class_list":{"0":"post-1653","1":"post","2":"type-post","3":"status-publish","4":"format-standard","5":"has-post-thumbnail","7":"category-medellin","8":"tag-concejo","9":"tag-fico","10":"tag-mefi","11":"tag-personeria","12":"tag-posecion"},"jetpack_sharing_enabled":true,"jetpack_featured_media_url":"https:\/\/colombiaopina.com.co\/wp-content\/uploads\/2024\/02\/image005.jpg","amp_enabled":true,"_links":{"self":[{"href":"https:\/\/colombiaopina.com.co\/index.php\/wp-json\/wp\/v2\/posts\/1653"}],"collection":[{"href":"https:\/\/colombiaopina.com.co\/index.php\/wp-json\/wp\/v2\/posts"}],"about":[{"href":"https:\/\/colombiaopina.com.co\/index.php\/wp-json\/wp\/v2\/types\/post"}],"author":[{"embeddable":true,"href":"https:\/\/colombiaopina.com.co\/index.php\/wp-json\/wp\/v2\/users\/4"}],"replies":[{"embeddable":true,"href":"https:\/\/colombiaopina.com.co\/index.php\/wp-json\/wp\/v2\/comments?post=1653"}],"version-history":[{"count":1,"href":"https:\/\/colombiaopina.com.co\/index.php\/wp-json\/wp\/v2\/posts\/1653\/revisions"}],"predecessor-version":[{"id":1657,"href":"https:\/\/colombiaopina.com.co\/index.php\/wp-json\/wp\/v2\/posts\/1653\/revisions\/1657"}],"wp:featuredmedia":[{"embeddable":true,"href":"https:\/\/colombiaopina.com.co\/index.php\/wp-json\/wp\/v2\/media\/1656"}],"wp:attachment":[{"href":"https:\/\/colombiaopina.com.co\/index.php\/wp-json\/wp\/v2\/media?parent=1653"}],"wp:term":[{"taxonomy":"category","embeddable":true,"href":"https:\/\/colombiaopina.com.co\/index.php\/wp-json\/wp\/v2\/categories?post=1653"},{"taxonomy":"post_tag","embeddable":true,"href":"https:\/\/colombiaopina.com.co\/index.php\/wp-json\/wp\/v2\/tags?post=1653"}],"curies":[{"name":"wp","href":"https:\/\/api.w.org\/{rel}","templated":true}]}}