{"id":1644,"date":"2024-02-29T20:40:00","date_gmt":"2024-03-01T01:40:00","guid":{"rendered":"https:\/\/colombiaopina.com.co\/?p=1644"},"modified":"2024-02-29T20:40:02","modified_gmt":"2024-03-01T01:40:02","slug":"andres-julian-rendon-se-posiciona-como-el-gobernador-mas-aplaudido-de-colombia","status":"publish","type":"post","link":"https:\/\/colombiaopina.com.co\/index.php\/2024\/02\/29\/andres-julian-rendon-se-posiciona-como-el-gobernador-mas-aplaudido-de-colombia\/","title":{"rendered":"Andr\u00e9s Juli\u00e1n Rend\u00f3n se posiciona como el gobernador m\u00e1s aplaudido de Colombia"},"content":{"rendered":"<p>En un reciente sondeo realizado por Invamer, Andr\u00e9s Juli\u00e1n Rend\u00f3n, gobernador de Antioquia, se destaca como el mandatario regional con la m\u00e1s alta aprobaci\u00f3n en Colombia, alcanzando un impresionante 55% de respaldo en los primeros meses de 2024. Esta cifra no solo refleja el apoyo de la ciudadan\u00eda a su gesti\u00f3n, sino que tambi\u00e9n marca una pauta significativa respecto a sus contempor\u00e1neos en otros departamentos, consolidando su liderazgo y la confianza depositada por los antioque\u00f1os en su administraci\u00f3n.<\/p><p>La encuesta revela un panorama variado en el \u00e1mbito pol\u00edtico regional, con Juvenal D\u00edaz, gobernador de Santander, siguiendo de cerca con un 53% de aprobaci\u00f3n. Sin embargo, es Dilian Francisca Toro, gobernadora del Valle, quien enfrenta el mayor desaf\u00edo, con una tasa de desaprobaci\u00f3n que supera su aprobaci\u00f3n, ubic\u00e1ndose en 45% contra 42%, respectivamente. Este contraste entre los l\u00edderes regionales evidencia las diferentes realidades y retos que enfrentan en sus respectivos mandatos.<\/p><figure class=\"wp-block-embed is-type-rich is-provider-twitter wp-block-embed-twitter\"><div class=\"wp-block-embed__wrapper\">\n<blockquote class=\"twitter-tweet\" data-width=\"550\" data-dnt=\"true\"><p lang=\"es\" dir=\"ltr\">El cari\u00f1o y confianza de los Antioque\u00f1os nos los ganamos todos los d\u00edas con trabajo y resultados. Mi compromiso es total. Estoy firme por Antioquia. <a href=\"https:\/\/t.co\/uuJOIOKi3j\">pic.twitter.com\/uuJOIOKi3j<\/a><\/p>&mdash; Andr\u00e9s Juli\u00e1n (@AndresJRendonC) <a href=\"https:\/\/twitter.com\/AndresJRendonC\/status\/1763010353439408148?ref_src=twsrc%5Etfw\">February 29, 2024<\/a><\/blockquote><script async src=\"https:\/\/platform.twitter.com\/widgets.js\" charset=\"utf-8\"><\/script>\n<\/div><\/figure><p>Por otro lado, Eduardo Verano de la Rosa, gobernador del Atl\u00e1ntico, presenta una aprobaci\u00f3n del 46%, la m\u00e1s baja en comparaci\u00f3n desde septiembre de 2002, cuando Alex Char dirig\u00eda la gobernaci\u00f3n. Este dato sugiere un cambio en la percepci\u00f3n p\u00fablica hacia la administraci\u00f3n actual y plantea interrogantes sobre las pol\u00edticas y estrategias implementadas para atender las necesidades de la poblaci\u00f3n atlanticense.<\/p><p>Este an\u00e1lisis de Invamer no solo ofrece una instant\u00e1nea de la pol\u00edtica regional en Colombia, sino que tambi\u00e9n subraya la importancia de la gesti\u00f3n gubernamental y su impacto directo en la satisfacci\u00f3n y el bienestar de los ciudadanos. Mientras Andr\u00e9s Juli\u00e1n Rend\u00f3n se erige como un modelo de aprobaci\u00f3n en Antioquia, el resto de los gobernadores enfrenta el reto de fortalecer su conexi\u00f3n con la ciudadan\u00eda y mejorar su desempe\u00f1o para alcanzar o superar las expectativas depositadas en ellos.<\/p><p><a>GUARDAR<\/a><\/p><p><\/p>","protected":false},"excerpt":{"rendered":"<p>En un reciente sondeo realizado por Invamer, Andr\u00e9s Juli\u00e1n Rend\u00f3n, gobernador de Antioquia, se destaca como el mandatario regional con la m\u00e1s alta aprobaci\u00f3n en Colombia, alcanzando un impresionante 55% de respaldo en los primeros meses de 2024. Esta cifra no solo refleja el apoyo de la ciudadan\u00eda a su gesti\u00f3n, sino que tambi\u00e9n marca [&hellip;]<\/p>\n","protected":false},"author":4,"featured_media":1646,"comment_status":"open","ping_status":"open","sticky":false,"template":"","format":"standard","meta":{"tdm_status":"","tdm_grid_status":"","_jetpack_memberships_contains_paid_content":false,"footnotes":""},"categories":[38,39],"tags":[93,203,200,487],"class_list":{"0":"post-1644","1":"post","2":"type-post","3":"status-publish","4":"format-standard","5":"has-post-thumbnail","7":"category-antioquia","8":"category-colombia","9":"tag-colombia","10":"tag-encuesta","11":"tag-gobernador","12":"tag-invamer"},"jetpack_sharing_enabled":true,"jetpack_featured_media_url":"https:\/\/colombiaopina.com.co\/wp-content\/uploads\/2024\/02\/Captura-de-pantalla-2024-02-29-a-las-8.38.02\u202fp.-m.png","amp_enabled":true,"_links":{"self":[{"href":"https:\/\/colombiaopina.com.co\/index.php\/wp-json\/wp\/v2\/posts\/1644"}],"collection":[{"href":"https:\/\/colombiaopina.com.co\/index.php\/wp-json\/wp\/v2\/posts"}],"about":[{"href":"https:\/\/colombiaopina.com.co\/index.php\/wp-json\/wp\/v2\/types\/post"}],"author":[{"embeddable":true,"href":"https:\/\/colombiaopina.com.co\/index.php\/wp-json\/wp\/v2\/users\/4"}],"replies":[{"embeddable":true,"href":"https:\/\/colombiaopina.com.co\/index.php\/wp-json\/wp\/v2\/comments?post=1644"}],"version-history":[{"count":1,"href":"https:\/\/colombiaopina.com.co\/index.php\/wp-json\/wp\/v2\/posts\/1644\/revisions"}],"predecessor-version":[{"id":1647,"href":"https:\/\/colombiaopina.com.co\/index.php\/wp-json\/wp\/v2\/posts\/1644\/revisions\/1647"}],"wp:featuredmedia":[{"embeddable":true,"href":"https:\/\/colombiaopina.com.co\/index.php\/wp-json\/wp\/v2\/media\/1646"}],"wp:attachment":[{"href":"https:\/\/colombiaopina.com.co\/index.php\/wp-json\/wp\/v2\/media?parent=1644"}],"wp:term":[{"taxonomy":"category","embeddable":true,"href":"https:\/\/colombiaopina.com.co\/index.php\/wp-json\/wp\/v2\/categories?post=1644"},{"taxonomy":"post_tag","embeddable":true,"href":"https:\/\/colombiaopina.com.co\/index.php\/wp-json\/wp\/v2\/tags?post=1644"}],"curies":[{"name":"wp","href":"https:\/\/api.w.org\/{rel}","templated":true}]}}