{"id":1435,"date":"2024-02-20T21:29:41","date_gmt":"2024-02-21T02:29:41","guid":{"rendered":"https:\/\/colombiaopina.com.co\/?p=1435"},"modified":"2024-02-20T21:29:43","modified_gmt":"2024-02-21T02:29:43","slug":"federico-gutierrez-refuerza-lazos-con-empresarios-tras-reunion-con-bruce-mac-master","status":"publish","type":"post","link":"https:\/\/colombiaopina.com.co\/index.php\/2024\/02\/20\/federico-gutierrez-refuerza-lazos-con-empresarios-tras-reunion-con-bruce-mac-master\/","title":{"rendered":"Federico Guti\u00e9rrez refuerza lazos con empresarios tras reuni\u00f3n con Bruce Mac Master"},"content":{"rendered":"<p>El alcalde de Medell\u00edn, Federico Guti\u00e9rrez, anunci\u00f3 un compromiso renovado con el sector empresarial luego de sostener una importante reuni\u00f3n con Bruce MacMaster, l\u00edder de la Asociaci\u00f3n Nacional de Empresarios de Colombia (Andi). En el encuentro, Guti\u00e9rrez enfatiz\u00f3 la importancia de trabajar de la mano con los empresarios para fortalecer la confianza en el sector productivo, clave para la generaci\u00f3n de empleo y el desarrollo econ\u00f3mico del pa\u00eds.<\/p><p>A trav\u00e9s de sus redes sociales, el mandatario expres\u00f3 su convicci\u00f3n de que la generaci\u00f3n de empleo es la mejor pol\u00edtica social para combatir la pobreza, y destac\u00f3 el papel fundamental de los empresarios en este proceso. \u00abQueremos y defendemos a nuestros empresarios\u00bb, asegur\u00f3 Guti\u00e9rrez, subrayando el compromiso de la administraci\u00f3n municipal con el sector empresarial como motor de progreso y bienestar para la ciudad.<\/p><p><br>La noticia m\u00e1s emocionante compartida por Guti\u00e9rrez fue el anuncio de que Medell\u00edn ser\u00e1 la sede de la 80\u00aa Asamblea General de la Andi, uno de los eventos empresariales m\u00e1s destacados del a\u00f1o. El alcalde manifest\u00f3 su orgullo por recibir a todos los afiliados de la organizaci\u00f3n, enfatizando que la ciudad est\u00e1 preparada para acoger este importante encuentro y demostrar su capacidad como centro de negocios y desarrollo empresarial.<\/p><p>La consolidaci\u00f3n de la relaci\u00f3n entre la Alcald\u00eda de Medell\u00edn y la Andi refleja un compromiso conjunto por impulsar el crecimiento econ\u00f3mico y la competitividad de la ciudad, as\u00ed como por promover un ambiente favorable para la inversi\u00f3n y la creaci\u00f3n de empleo. La decisi\u00f3n de celebrar la Asamblea General en Medell\u00edn es un reconocimiento al potencial empresarial y el dinamismo econ\u00f3mico de la ciudad, y constituye una oportunidad \u00fanica para fortalecer la colaboraci\u00f3n entre el sector p\u00fablico y privado en beneficio del desarrollo sostenible de Medell\u00edn y el pa\u00eds.<\/p>","protected":false},"excerpt":{"rendered":"<p>El alcalde de Medell\u00edn, Federico Guti\u00e9rrez, anunci\u00f3 un compromiso renovado con el sector empresarial luego de sostener una importante reuni\u00f3n con Bruce MacMaster, l\u00edder de la Asociaci\u00f3n Nacional de Empresarios de Colombia (Andi). En el encuentro, Guti\u00e9rrez enfatiz\u00f3 la importancia de trabajar de la mano con los empresarios para fortalecer la confianza en el sector [&hellip;]<\/p>\n","protected":false},"author":5,"featured_media":1436,"comment_status":"open","ping_status":"open","sticky":false,"template":"","format":"standard","meta":{"tdm_status":"","tdm_grid_status":"","_jetpack_memberships_contains_paid_content":false,"footnotes":""},"categories":[1],"tags":[],"class_list":{"0":"post-1435","1":"post","2":"type-post","3":"status-publish","4":"format-standard","5":"has-post-thumbnail","7":"category-blog"},"jetpack_sharing_enabled":true,"jetpack_featured_media_url":"https:\/\/colombiaopina.com.co\/wp-content\/uploads\/2024\/02\/Federico-Guitierez.jpg","amp_enabled":true,"_links":{"self":[{"href":"https:\/\/colombiaopina.com.co\/index.php\/wp-json\/wp\/v2\/posts\/1435"}],"collection":[{"href":"https:\/\/colombiaopina.com.co\/index.php\/wp-json\/wp\/v2\/posts"}],"about":[{"href":"https:\/\/colombiaopina.com.co\/index.php\/wp-json\/wp\/v2\/types\/post"}],"author":[{"embeddable":true,"href":"https:\/\/colombiaopina.com.co\/index.php\/wp-json\/wp\/v2\/users\/5"}],"replies":[{"embeddable":true,"href":"https:\/\/colombiaopina.com.co\/index.php\/wp-json\/wp\/v2\/comments?post=1435"}],"version-history":[{"count":1,"href":"https:\/\/colombiaopina.com.co\/index.php\/wp-json\/wp\/v2\/posts\/1435\/revisions"}],"predecessor-version":[{"id":1437,"href":"https:\/\/colombiaopina.com.co\/index.php\/wp-json\/wp\/v2\/posts\/1435\/revisions\/1437"}],"wp:featuredmedia":[{"embeddable":true,"href":"https:\/\/colombiaopina.com.co\/index.php\/wp-json\/wp\/v2\/media\/1436"}],"wp:attachment":[{"href":"https:\/\/colombiaopina.com.co\/index.php\/wp-json\/wp\/v2\/media?parent=1435"}],"wp:term":[{"taxonomy":"category","embeddable":true,"href":"https:\/\/colombiaopina.com.co\/index.php\/wp-json\/wp\/v2\/categories?post=1435"},{"taxonomy":"post_tag","embeddable":true,"href":"https:\/\/colombiaopina.com.co\/index.php\/wp-json\/wp\/v2\/tags?post=1435"}],"curies":[{"name":"wp","href":"https:\/\/api.w.org\/{rel}","templated":true}]}}