{"id":1310,"date":"2024-02-15T14:23:09","date_gmt":"2024-02-15T19:23:09","guid":{"rendered":"https:\/\/colombiaopina.com.co\/?p=1310"},"modified":"2024-02-15T14:23:11","modified_gmt":"2024-02-15T19:23:11","slug":"impacto-nacional-colombia-pierde-sede-de-los-juegos-panamericanos-2027-y-desencadena-renuncia-ministerial","status":"publish","type":"post","link":"https:\/\/colombiaopina.com.co\/index.php\/2024\/02\/15\/impacto-nacional-colombia-pierde-sede-de-los-juegos-panamericanos-2027-y-desencadena-renuncia-ministerial\/","title":{"rendered":"Impacto nacional: Colombia pierde sede de los Juegos Panamericanos 2027 y desencadena Renuncia Ministerial"},"content":{"rendered":"<p>En un giro inesperado que ha sacudido los cimientos del deporte y la pol\u00edtica en Colombia, la ministra del Deporte, Astrid Rodr\u00edguez, ha presentado su renuncia al presidente Gustavo Petro, en medio de una crisis sin precedentes tras la decisi\u00f3n de Panam Sports de despojar a Colombia de la sede de los Juegos Panamericanos 2027. La renuncia, efectiva a partir del 15 de febrero de 2024, pone de relieve las profundas repercusiones de un incumplimiento en los acuerdos financieros necesarios para albergar uno de los eventos deportivos m\u00e1s emblem\u00e1ticos del continente.<\/p><p>La crisis se desat\u00f3 luego de que se hiciera evidente el incumplimiento por parte de Colombia en los pagos correspondientes para la concesi\u00f3n de los derechos deportivos, una situaci\u00f3n que ha generado un terremoto en el \u00e1mbito deportivo y pol\u00edtico nacional. Este hecho no solo ha llevado a la p\u00e9rdida de la sede de los Juegos Panamericanos, un evento que promet\u00eda ser un hito en la historia deportiva del pa\u00eds, sino que tambi\u00e9n ha causado una fractura en la confianza hacia las instituciones encargadas de la promoci\u00f3n y gesti\u00f3n del deporte en Colombia.<br><br><\/p><figure class=\"wp-block-image size-large\"><img loading=\"lazy\" decoding=\"async\" width=\"800\" height=\"1024\" src=\"https:\/\/colombiaopina.com.co\/wp-content\/uploads\/2024\/02\/GGZlxoHWMAAVIpw-800x1024.jpeg\" alt=\"\" class=\"wp-image-1312\" srcset=\"https:\/\/colombiaopina.com.co\/wp-content\/uploads\/2024\/02\/GGZlxoHWMAAVIpw-800x1024.jpeg 800w, https:\/\/colombiaopina.com.co\/wp-content\/uploads\/2024\/02\/GGZlxoHWMAAVIpw-234x300.jpeg 234w, https:\/\/colombiaopina.com.co\/wp-content\/uploads\/2024\/02\/GGZlxoHWMAAVIpw-768x983.jpeg 768w, https:\/\/colombiaopina.com.co\/wp-content\/uploads\/2024\/02\/GGZlxoHWMAAVIpw-150x192.jpeg 150w, https:\/\/colombiaopina.com.co\/wp-content\/uploads\/2024\/02\/GGZlxoHWMAAVIpw-300x384.jpeg 300w, https:\/\/colombiaopina.com.co\/wp-content\/uploads\/2024\/02\/GGZlxoHWMAAVIpw-696x891.jpeg 696w, https:\/\/colombiaopina.com.co\/wp-content\/uploads\/2024\/02\/GGZlxoHWMAAVIpw-1068x1366.jpeg 1068w, https:\/\/colombiaopina.com.co\/wp-content\/uploads\/2024\/02\/GGZlxoHWMAAVIpw-600x768.jpeg 600w, https:\/\/colombiaopina.com.co\/wp-content\/uploads\/2024\/02\/GGZlxoHWMAAVIpw.jpeg 1170w\" sizes=\"(max-width: 800px) 100vw, 800px\" \/><\/figure><figure class=\"wp-block-image size-full\"><img loading=\"lazy\" decoding=\"async\" width=\"577\" height=\"680\" src=\"https:\/\/colombiaopina.com.co\/wp-content\/uploads\/2024\/02\/GGZlxoGXYAE_VU0.jpeg\" alt=\"\" class=\"wp-image-1311\" srcset=\"https:\/\/colombiaopina.com.co\/wp-content\/uploads\/2024\/02\/GGZlxoGXYAE_VU0.jpeg 577w, https:\/\/colombiaopina.com.co\/wp-content\/uploads\/2024\/02\/GGZlxoGXYAE_VU0-255x300.jpeg 255w, https:\/\/colombiaopina.com.co\/wp-content\/uploads\/2024\/02\/GGZlxoGXYAE_VU0-150x177.jpeg 150w, https:\/\/colombiaopina.com.co\/wp-content\/uploads\/2024\/02\/GGZlxoGXYAE_VU0-300x354.jpeg 300w\" sizes=\"(max-width: 577px) 100vw, 577px\" \/><\/figure><p>La ministra Rodr\u00edguez, en su carta de renuncia, expres\u00f3 su gratitud por la oportunidad de haber liderado una cartera tan crucial para el desarrollo del deporte, la educaci\u00f3n f\u00edsica, y el bienestar general de la poblaci\u00f3n colombiana. A menos de un a\u00f1o de su nombramiento, bajo el Decreto Presidencial No. 0319 de 2023, su salida marca un momento de reflexi\u00f3n sobre la importancia de cumplir con los compromisos internacionales y el impacto de estos en la imagen y proyecci\u00f3n de Colombia en el \u00e1mbito deportivo global.<\/p><p>El retiro de Colombia como sede de los Juegos Panamericanos 2027 no solo representa un rev\u00e9s para las aspiraciones deportivas del pa\u00eds, sino que tambi\u00e9n plantea serias preguntas sobre la capacidad de gesti\u00f3n de los eventos internacionales y la necesidad de fortalecer los mecanismos de gobernanza y financiaci\u00f3n en el sector deportivo. Este evento, sin duda, deja una lecci\u00f3n cr\u00edtica sobre la importancia de la planificaci\u00f3n, la responsabilidad financiera y la credibilidad internacional, aspectos fundamentales para el avance y reconocimiento del deporte colombiano en la arena internacional.<\/p>","protected":false},"excerpt":{"rendered":"<p>En un giro inesperado que ha sacudido los cimientos del deporte y la pol\u00edtica en Colombia, la ministra del Deporte, Astrid Rodr\u00edguez, ha presentado su renuncia al presidente Gustavo Petro, en medio de una crisis sin precedentes tras la decisi\u00f3n de Panam Sports de despojar a Colombia de la sede de los Juegos Panamericanos 2027. [&hellip;]<\/p>\n","protected":false},"author":4,"featured_media":1313,"comment_status":"open","ping_status":"open","sticky":false,"template":"","format":"standard","meta":{"tdm_status":"","tdm_grid_status":"","_jetpack_memberships_contains_paid_content":false,"footnotes":""},"categories":[39],"tags":[93,314,315,313,290],"class_list":{"0":"post-1310","1":"post","2":"type-post","3":"status-publish","4":"format-standard","5":"has-post-thumbnail","7":"category-colombia","8":"tag-colombia","9":"tag-deporte","10":"tag-juegos-panamericanos","11":"tag-ministra","12":"tag-renuncia"},"jetpack_sharing_enabled":true,"jetpack_featured_media_url":"https:\/\/colombiaopina.com.co\/wp-content\/uploads\/2024\/02\/Astrid-Bibiana-Rodriguez-1200x675-1.jpeg","amp_enabled":true,"_links":{"self":[{"href":"https:\/\/colombiaopina.com.co\/index.php\/wp-json\/wp\/v2\/posts\/1310"}],"collection":[{"href":"https:\/\/colombiaopina.com.co\/index.php\/wp-json\/wp\/v2\/posts"}],"about":[{"href":"https:\/\/colombiaopina.com.co\/index.php\/wp-json\/wp\/v2\/types\/post"}],"author":[{"embeddable":true,"href":"https:\/\/colombiaopina.com.co\/index.php\/wp-json\/wp\/v2\/users\/4"}],"replies":[{"embeddable":true,"href":"https:\/\/colombiaopina.com.co\/index.php\/wp-json\/wp\/v2\/comments?post=1310"}],"version-history":[{"count":1,"href":"https:\/\/colombiaopina.com.co\/index.php\/wp-json\/wp\/v2\/posts\/1310\/revisions"}],"predecessor-version":[{"id":1314,"href":"https:\/\/colombiaopina.com.co\/index.php\/wp-json\/wp\/v2\/posts\/1310\/revisions\/1314"}],"wp:featuredmedia":[{"embeddable":true,"href":"https:\/\/colombiaopina.com.co\/index.php\/wp-json\/wp\/v2\/media\/1313"}],"wp:attachment":[{"href":"https:\/\/colombiaopina.com.co\/index.php\/wp-json\/wp\/v2\/media?parent=1310"}],"wp:term":[{"taxonomy":"category","embeddable":true,"href":"https:\/\/colombiaopina.com.co\/index.php\/wp-json\/wp\/v2\/categories?post=1310"},{"taxonomy":"post_tag","embeddable":true,"href":"https:\/\/colombiaopina.com.co\/index.php\/wp-json\/wp\/v2\/tags?post=1310"}],"curies":[{"name":"wp","href":"https:\/\/api.w.org\/{rel}","templated":true}]}}