{"id":1269,"date":"2024-02-13T19:41:24","date_gmt":"2024-02-14T00:41:24","guid":{"rendered":"https:\/\/colombiaopina.com.co\/?p=1269"},"modified":"2024-02-13T19:41:25","modified_gmt":"2024-02-14T00:41:25","slug":"donald-trump-promete-masiva-operacion-de-deportacion-y-cuestiona-apoyo-a-la-otan-en-campana-presidencial","status":"publish","type":"post","link":"https:\/\/colombiaopina.com.co\/index.php\/2024\/02\/13\/donald-trump-promete-masiva-operacion-de-deportacion-y-cuestiona-apoyo-a-la-otan-en-campana-presidencial\/","title":{"rendered":"Donald Trump promete masiva operaci\u00f3n de deportaci\u00f3n y cuestiona apoyo a la OTAN en campa\u00f1a presidencial"},"content":{"rendered":"<p>En el marco de su campa\u00f1a para retornar a la Casa Blanca, Donald Trump ha esbozado un plan que podr\u00eda agitar el panorama pol\u00edtico y social de Estados Unidos y sus alianzas internacionales. Durante un acto de campa\u00f1a en Carolina del Sur, el expresidente prometi\u00f3 implementar una \u00aboperaci\u00f3n de deportaci\u00f3n masiva\u00bb de migrantes desde el primer d\u00eda de su posible segundo mandato, superando las pol\u00edticas de inmigraci\u00f3n actuales y elevando el debate sobre la gesti\u00f3n de la crisis migratoria en la frontera con M\u00e9xico.<\/p><p><br>Esta declaraci\u00f3n llega tras el fracaso de un proyecto legislativo bipartidista que buscaba abordar la inmigraci\u00f3n y ofrecer apoyo adicional a Ucrania e Israel, una victoria legislativa que Trump ha atribuido a su influencia sobre el Partido Republicano. El expresidente critic\u00f3 duramente la propuesta de ley, celebrando su hundimiento y presentando su visi\u00f3n de una pol\u00edtica fronteriza m\u00e1s restrictiva y unilateral.<\/p><p><br>Paralelamente, Trump ha lanzado un audaz desaf\u00edo a la estructura de seguridad colectiva de la OTAN, sugiriendo que bajo su administraci\u00f3n, Estados Unidos podr\u00eda rehusarse a defender a los miembros de la alianza que est\u00e9n en mora con sus obligaciones financieras. Esta postura representa una ruptura significativa con el principio de defensa mutua que ha sido pilar de la OTAN desde su fundaci\u00f3n, y ha generado preocupaci\u00f3n y cr\u00edticas tanto dentro como fuera de Estados Unidos.<\/p><p><br>La Casa Blanca y el secretario general de la OTAN, Jens Stoltenberg, han condenado estas declaraciones, subrayando la importancia de la solidaridad entre aliados para la seguridad global. En contraste, Trump mantiene su cr\u00edtica hacia la ayuda estadounidense a Ucrania y su escepticismo hacia la continuidad del apoyo norteamericano en el conflicto con Rusia, cuestionando incluso la permanencia de Estados Unidos en la alianza atl\u00e1ntica.<\/p><p><br>A medida que se acercan las elecciones del 5 de noviembre, las declaraciones de Trump reflejan no solo su estrategia de campa\u00f1a, sino tambi\u00e9n el profundo impacto que su liderazgo podr\u00eda tener en la pol\u00edtica migratoria de Estados Unidos, la cohesi\u00f3n de la OTAN y la postura estadounidense ante conflictos globales. Con la contienda electoral en el horizonte, el mundo observa atentamente las propuestas y promesas del expresidente, anticipando los posibles cambios en el escenario pol\u00edtico internacional.<\/p>","protected":false},"excerpt":{"rendered":"<p>En el marco de su campa\u00f1a para retornar a la Casa Blanca, Donald Trump ha esbozado un plan que podr\u00eda agitar el panorama pol\u00edtico y social de Estados Unidos y sus alianzas internacionales. Durante un acto de campa\u00f1a en Carolina del Sur, el expresidente prometi\u00f3 implementar una \u00aboperaci\u00f3n de deportaci\u00f3n masiva\u00bb de migrantes desde el [&hellip;]<\/p>\n","protected":false},"author":5,"featured_media":1270,"comment_status":"open","ping_status":"open","sticky":false,"template":"","format":"standard","meta":{"tdm_status":"","tdm_grid_status":"","_jetpack_memberships_contains_paid_content":false,"footnotes":""},"categories":[53],"tags":[280,281,279],"class_list":{"0":"post-1269","1":"post","2":"type-post","3":"status-publish","4":"format-standard","5":"has-post-thumbnail","7":"category-internacional","8":"tag-migrantes","9":"tag-otan","10":"tag-trump"},"jetpack_sharing_enabled":true,"jetpack_featured_media_url":"https:\/\/colombiaopina.com.co\/wp-content\/uploads\/2024\/02\/Trump.jpg","amp_enabled":true,"_links":{"self":[{"href":"https:\/\/colombiaopina.com.co\/index.php\/wp-json\/wp\/v2\/posts\/1269"}],"collection":[{"href":"https:\/\/colombiaopina.com.co\/index.php\/wp-json\/wp\/v2\/posts"}],"about":[{"href":"https:\/\/colombiaopina.com.co\/index.php\/wp-json\/wp\/v2\/types\/post"}],"author":[{"embeddable":true,"href":"https:\/\/colombiaopina.com.co\/index.php\/wp-json\/wp\/v2\/users\/5"}],"replies":[{"embeddable":true,"href":"https:\/\/colombiaopina.com.co\/index.php\/wp-json\/wp\/v2\/comments?post=1269"}],"version-history":[{"count":1,"href":"https:\/\/colombiaopina.com.co\/index.php\/wp-json\/wp\/v2\/posts\/1269\/revisions"}],"predecessor-version":[{"id":1271,"href":"https:\/\/colombiaopina.com.co\/index.php\/wp-json\/wp\/v2\/posts\/1269\/revisions\/1271"}],"wp:featuredmedia":[{"embeddable":true,"href":"https:\/\/colombiaopina.com.co\/index.php\/wp-json\/wp\/v2\/media\/1270"}],"wp:attachment":[{"href":"https:\/\/colombiaopina.com.co\/index.php\/wp-json\/wp\/v2\/media?parent=1269"}],"wp:term":[{"taxonomy":"category","embeddable":true,"href":"https:\/\/colombiaopina.com.co\/index.php\/wp-json\/wp\/v2\/categories?post=1269"},{"taxonomy":"post_tag","embeddable":true,"href":"https:\/\/colombiaopina.com.co\/index.php\/wp-json\/wp\/v2\/tags?post=1269"}],"curies":[{"name":"wp","href":"https:\/\/api.w.org\/{rel}","templated":true}]}}