{"id":1219,"date":"2024-02-12T10:56:30","date_gmt":"2024-02-12T15:56:30","guid":{"rendered":"https:\/\/colombiaopina.com.co\/?p=1219"},"modified":"2024-02-12T10:56:32","modified_gmt":"2024-02-12T15:56:32","slug":"polemica-por-los-13-billones-del-gobierno-petro-entre-la-discrecionalidad-y-el-futuro-de-grandes-obras","status":"publish","type":"post","link":"https:\/\/colombiaopina.com.co\/index.php\/2024\/02\/12\/polemica-por-los-13-billones-del-gobierno-petro-entre-la-discrecionalidad-y-el-futuro-de-grandes-obras\/","title":{"rendered":"Pol\u00e9mica por los $13 billones del Gobierno Petro: Entre la discrecionalidad y el futuro de grandes obras"},"content":{"rendered":"<p>La gesti\u00f3n del presupuesto por parte del Gobierno de Gustavo Petro ha desatado una ola de cr\u00edticas y preocupaciones, especialmente por los $13 billones del Presupuesto General de la Naci\u00f3n (PGN) para 2024, que ahora se encuentran en una especie de limbo sin asignaci\u00f3n espec\u00edfica. Este montante, equivalente a los ingresos de Colombia por exportaciones de petr\u00f3leo y manufacturas en diciembre de 2023, ha generado tensiones y cuestionamientos sobre la transparencia y la intencionalidad detr\u00e1s de su manejo.<\/p><p>La controversia se centra en el posible riesgo que estos fondos representan para proyectos cruciales en Antioquia y Bogot\u00e1, incluyendo el metro de Bogot\u00e1, el Regiotram, el metro ligero para Medell\u00edn y el T\u00fanel del Toyo. La salida de Jorge Iv\u00e1n Gonz\u00e1lez de la direcci\u00f3n del Departamento Nacional de Planeaci\u00f3n (DNP) a\u00f1ade otro cap\u00edtulo a este drama, evidenciando una crisis interna y poniendo en duda la credibilidad t\u00e9cnica del equipo de Petro.<\/p><figure class=\"wp-block-embed is-type-rich is-provider-twitter wp-block-embed-twitter\"><div class=\"wp-block-embed__wrapper\">\n<blockquote class=\"twitter-tweet\" data-width=\"550\" data-dnt=\"true\"><p lang=\"es\" dir=\"ltr\">El Gobierno Nacional se pasa por la faja la representaci\u00f3n popular de los Congresistas. Mientras \u00e9stos, incluidos los de Antioquia, pelearon infructuosamente partidas para sus regiones en la discusi\u00f3n del <a href=\"https:\/\/twitter.com\/hashtag\/PresupuestoGeneralDeLaNaci%C3%B3n?src=hash&amp;ref_src=twsrc%5Etfw\">#PresupuestoGeneralDeLaNaci\u00f3n<\/a>, <a href=\"https:\/\/twitter.com\/petrogustavo?ref_src=twsrc%5Etfw\">@petrogustavo<\/a> en la liquidaci\u00f3n del mismo se\u2026 <a href=\"https:\/\/t.co\/DtO97OszRk\">pic.twitter.com\/DtO97OszRk<\/a><\/p>&mdash; Andr\u00e9s Juli\u00e1n (@AndresJRendonC) <a href=\"https:\/\/twitter.com\/AndresJRendonC\/status\/1756315847042204017?ref_src=twsrc%5Etfw\">February 10, 2024<\/a><\/blockquote><script async src=\"https:\/\/platform.twitter.com\/widgets.js\" charset=\"utf-8\"><\/script>\n<\/div><\/figure><p>Los expertos y pol\u00edticos han lanzado alarmas sobre la posibilidad de que estos recursos se conviertan en una \u00abcaja menor\u00bb para el gobierno, distribuy\u00e9ndose seg\u00fan conveniencia y sin seguir criterios t\u00e9cnicos. La falta de destino espec\u00edfica en el presupuesto liquidado ha llevado a especulaciones sobre un manejo arbitrario de fondos que podr\u00edan afectar negativamente el desarrollo de infraestructuras clave y, por ende, el crecimiento econ\u00f3mico del pa\u00eds.<\/p><p>Esta situaci\u00f3n ha provocado reacciones en distintos sectores, incluido el exministro de Hacienda Juan Camilo Restrepo, quien compar\u00f3 el manejo presupuestal del gobierno con el de una \u00abregistradora de tienda de barrio\u00bb. Adem\u00e1s, ha surgido el temor de que esto represente un castigo a regiones como Bogot\u00e1, Antioquia y Barranquilla, que podr\u00edan ver comprometida la financiaci\u00f3n de sus proyectos m\u00e1s importantes.<\/p><p>El gobierno, por su parte, defiende su posici\u00f3n argumentando que se trata de un ejercicio de priorizaci\u00f3n solicitado por el presidente, asegurando que los recursos para proyectos como el metro de Bogot\u00e1 est\u00e1n garantizados. Sin embargo, la falta de claridad y la posible discrecionalidad en la asignaci\u00f3n de estos fondos contin\u00faan generando debate y preocupaci\u00f3n sobre las prioridades del Gobierno Petro y su impacto en el desarrollo nacional.<br><\/p>","protected":false},"excerpt":{"rendered":"<p>La gesti\u00f3n del presupuesto por parte del Gobierno de Gustavo Petro ha desatado una ola de cr\u00edticas y preocupaciones, especialmente por los $13 billones del Presupuesto General de la Naci\u00f3n (PGN) para 2024, que ahora se encuentran en una especie de limbo sin asignaci\u00f3n espec\u00edfica. Este montante, equivalente a los ingresos de Colombia por exportaciones [&hellip;]<\/p>\n","protected":false},"author":4,"featured_media":1220,"comment_status":"open","ping_status":"open","sticky":false,"template":"","format":"standard","meta":{"tdm_status":"","tdm_grid_status":"","_jetpack_memberships_contains_paid_content":false,"footnotes":""},"categories":[38,151,46],"tags":[93,254,135,253],"class_list":{"0":"post-1219","1":"post","2":"type-post","3":"status-publish","4":"format-standard","5":"has-post-thumbnail","7":"category-antioquia","8":"category-gobernador","9":"category-gobierno","10":"tag-colombia","11":"tag-obras","12":"tag-petro","13":"tag-presupuesto"},"jetpack_sharing_enabled":true,"jetpack_featured_media_url":"https:\/\/colombiaopina.com.co\/wp-content\/uploads\/2024\/02\/articles-417833_recurso_1.jpg","amp_enabled":true,"_links":{"self":[{"href":"https:\/\/colombiaopina.com.co\/index.php\/wp-json\/wp\/v2\/posts\/1219"}],"collection":[{"href":"https:\/\/colombiaopina.com.co\/index.php\/wp-json\/wp\/v2\/posts"}],"about":[{"href":"https:\/\/colombiaopina.com.co\/index.php\/wp-json\/wp\/v2\/types\/post"}],"author":[{"embeddable":true,"href":"https:\/\/colombiaopina.com.co\/index.php\/wp-json\/wp\/v2\/users\/4"}],"replies":[{"embeddable":true,"href":"https:\/\/colombiaopina.com.co\/index.php\/wp-json\/wp\/v2\/comments?post=1219"}],"version-history":[{"count":1,"href":"https:\/\/colombiaopina.com.co\/index.php\/wp-json\/wp\/v2\/posts\/1219\/revisions"}],"predecessor-version":[{"id":1221,"href":"https:\/\/colombiaopina.com.co\/index.php\/wp-json\/wp\/v2\/posts\/1219\/revisions\/1221"}],"wp:featuredmedia":[{"embeddable":true,"href":"https:\/\/colombiaopina.com.co\/index.php\/wp-json\/wp\/v2\/media\/1220"}],"wp:attachment":[{"href":"https:\/\/colombiaopina.com.co\/index.php\/wp-json\/wp\/v2\/media?parent=1219"}],"wp:term":[{"taxonomy":"category","embeddable":true,"href":"https:\/\/colombiaopina.com.co\/index.php\/wp-json\/wp\/v2\/categories?post=1219"},{"taxonomy":"post_tag","embeddable":true,"href":"https:\/\/colombiaopina.com.co\/index.php\/wp-json\/wp\/v2\/tags?post=1219"}],"curies":[{"name":"wp","href":"https:\/\/api.w.org\/{rel}","templated":true}]}}