{"id":11899,"date":"2024-12-12T15:35:46","date_gmt":"2024-12-12T20:35:46","guid":{"rendered":"https:\/\/colombiaopina.com.co\/?p=11899"},"modified":"2024-12-12T15:35:47","modified_gmt":"2024-12-12T20:35:47","slug":"polemica-en-la-guajira-trasladan-carrotanques-del-polemico-proyecto-de-agua-hacia-otros-departamentos","status":"publish","type":"post","link":"https:\/\/colombiaopina.com.co\/index.php\/2024\/12\/12\/polemica-en-la-guajira-trasladan-carrotanques-del-polemico-proyecto-de-agua-hacia-otros-departamentos\/","title":{"rendered":"Pol\u00e9mica en La Guajira: trasladan carrotanques del pol\u00e9mico proyecto de agua hacia otros departamentos"},"content":{"rendered":"<p>El programa de distribuci\u00f3n de agua potable en La Guajira, liderado por la Unidad Nacional de Gesti\u00f3n de Riesgo de Desastres (UNGRD) bajo la direcci\u00f3n de Olmedo L\u00f3pez, se encuentra en el ojo del hurac\u00e1n. Los 120 carrotanques destinados inicialmente para mitigar la crisis de agua en esta regi\u00f3n han comenzado a ser trasladados a Santa Marta para mantenimiento y redistribuci\u00f3n, dejando solo ocho veh\u00edculos en La Guajira.<\/p><p>Carlos Carrillo, nuevo director de la UNGRD, explic\u00f3 que los carrotanques se enviar\u00e1n a una revisi\u00f3n t\u00e9cnica en Kenworth de la Monta\u00f1a tras permanecer inactivos durante 11 meses. Posteriormente, ser\u00e1n redistribuidos entre varias entidades nacionales y departamentales. Cinco veh\u00edculos ir\u00e1n a la Armada Nacional, otros cinco al Ej\u00e9rcito y un n\u00famero igual a la Aeron\u00e1utica Civil. Adem\u00e1s, se asignar\u00e1n a 18 departamentos, dejando a La Guajira con solo una fracci\u00f3n del recurso prometido.<\/p><p>La distribuci\u00f3n definida por la UNGRD incluye dos carrotanques para municipios guajiros como Uribia, Riohacha, Maicao y Manaure. Sin embargo, seg\u00fan Carrillo, algunos alcaldes han mostrado reticencia a recibir los veh\u00edculos. A nivel nacional, departamentos como C\u00f3rdoba, Sucre, Bol\u00edvar, Nari\u00f1o y Valle del Cauca recibir\u00e1n dos veh\u00edculos cada uno, mientras que regiones como Atl\u00e1ntico obtendr\u00e1n cuatro.<\/p><figure class=\"wp-block-image size-full\"><img loading=\"lazy\" decoding=\"async\" width=\"600\" height=\"455\" src=\"https:\/\/colombiaopina.com.co\/wp-content\/uploads\/2024\/12\/2carrotanques.jpeg\" alt=\"\" class=\"wp-image-11901\" srcset=\"https:\/\/colombiaopina.com.co\/wp-content\/uploads\/2024\/12\/2carrotanques.jpeg 600w, https:\/\/colombiaopina.com.co\/wp-content\/uploads\/2024\/12\/2carrotanques-300x228.jpeg 300w, https:\/\/colombiaopina.com.co\/wp-content\/uploads\/2024\/12\/2carrotanques-150x114.jpeg 150w\" sizes=\"(max-width: 600px) 100vw, 600px\" \/><\/figure><p>Carrillo asegur\u00f3 que se est\u00e1n cumpliendo las obligaciones judiciales con La Guajira, subrayando que este a\u00f1o ya se han entregado m\u00e1s de 120 millones de litros de agua potable en el departamento. No obstante, las cr\u00edticas no cesan. La decisi\u00f3n de redistribuir los carrotanques es vista por muchos como una se\u00f1al de improvisaci\u00f3n en un proyecto que originalmente se promocion\u00f3 como una soluci\u00f3n estructural para la crisis h\u00eddrica en La Guajira.<\/p><p>Este caso refleja la desconexi\u00f3n entre los anuncios gubernamentales y la ejecuci\u00f3n real de pol\u00edticas en territorios vulnerables. Mientras se justifican decisiones administrativas, el desv\u00edo de recursos previamente asignados alimenta la desconfianza hacia las instituciones. La Guajira, hist\u00f3ricamente olvidada, enfrenta nuevamente el dilema de depender de soluciones parciales y poco sostenibles. Las lecciones de este episodio son claras: sin planificaci\u00f3n transparente ni seguimiento riguroso, los proyectos de impacto social se convierten en promesas incumplidas.<\/p>","protected":false},"excerpt":{"rendered":"<p>El programa de distribuci\u00f3n de agua potable en La Guajira, liderado por la Unidad Nacional de Gesti\u00f3n de Riesgo de Desastres (UNGRD) bajo la direcci\u00f3n de Olmedo L\u00f3pez, se encuentra en el ojo del hurac\u00e1n. Los 120 carrotanques destinados inicialmente para mitigar la crisis de agua en esta regi\u00f3n han comenzado a ser trasladados a [&hellip;]<\/p>\n","protected":false},"author":4,"featured_media":11900,"comment_status":"open","ping_status":"open","sticky":false,"template":"","format":"standard","meta":{"tdm_status":"","tdm_grid_status":"","_jetpack_memberships_contains_paid_content":false,"footnotes":""},"categories":[39,3499,3456],"tags":[3568,1334,386,385],"class_list":{"0":"post-11899","1":"post","2":"type-post","3":"status-publish","4":"format-standard","5":"has-post-thumbnail","7":"category-colombia","8":"category-la-guajira","9":"category-ungrd","10":"tag-carlos-carrillo","11":"tag-la-guajira","12":"tag-olmedo-lopez","13":"tag-ungrd"},"jetpack_sharing_enabled":true,"jetpack_featured_media_url":"https:\/\/colombiaopina.com.co\/wp-content\/uploads\/2024\/12\/1carrotanques.png","amp_enabled":true,"_links":{"self":[{"href":"https:\/\/colombiaopina.com.co\/index.php\/wp-json\/wp\/v2\/posts\/11899"}],"collection":[{"href":"https:\/\/colombiaopina.com.co\/index.php\/wp-json\/wp\/v2\/posts"}],"about":[{"href":"https:\/\/colombiaopina.com.co\/index.php\/wp-json\/wp\/v2\/types\/post"}],"author":[{"embeddable":true,"href":"https:\/\/colombiaopina.com.co\/index.php\/wp-json\/wp\/v2\/users\/4"}],"replies":[{"embeddable":true,"href":"https:\/\/colombiaopina.com.co\/index.php\/wp-json\/wp\/v2\/comments?post=11899"}],"version-history":[{"count":1,"href":"https:\/\/colombiaopina.com.co\/index.php\/wp-json\/wp\/v2\/posts\/11899\/revisions"}],"predecessor-version":[{"id":11902,"href":"https:\/\/colombiaopina.com.co\/index.php\/wp-json\/wp\/v2\/posts\/11899\/revisions\/11902"}],"wp:featuredmedia":[{"embeddable":true,"href":"https:\/\/colombiaopina.com.co\/index.php\/wp-json\/wp\/v2\/media\/11900"}],"wp:attachment":[{"href":"https:\/\/colombiaopina.com.co\/index.php\/wp-json\/wp\/v2\/media?parent=11899"}],"wp:term":[{"taxonomy":"category","embeddable":true,"href":"https:\/\/colombiaopina.com.co\/index.php\/wp-json\/wp\/v2\/categories?post=11899"},{"taxonomy":"post_tag","embeddable":true,"href":"https:\/\/colombiaopina.com.co\/index.php\/wp-json\/wp\/v2\/tags?post=11899"}],"curies":[{"name":"wp","href":"https:\/\/api.w.org\/{rel}","templated":true}]}}