{"id":11821,"date":"2024-12-10T12:43:52","date_gmt":"2024-12-10T17:43:52","guid":{"rendered":"https:\/\/colombiaopina.com.co\/?p=11821"},"modified":"2024-12-10T12:43:53","modified_gmt":"2024-12-10T17:43:53","slug":"aumentan-los-casos-de-quemados-por-polvora-en-antioquia-un-bebe-de-un-ano-entre-las-victimas","status":"publish","type":"post","link":"https:\/\/colombiaopina.com.co\/index.php\/2024\/12\/10\/aumentan-los-casos-de-quemados-por-polvora-en-antioquia-un-bebe-de-un-ano-entre-las-victimas\/","title":{"rendered":"Aumentan los casos de quemados por p\u00f3lvora en Antioquia: un beb\u00e9 de un a\u00f1o entre las v\u00edctimas"},"content":{"rendered":"<p>La tragedia de las quemaduras por p\u00f3lvora contin\u00faa ensombreciendo la temporada decembrina en Antioquia. Hasta este lunes 9 de diciembre, el departamento registra 44 casos de personas lesionadas, lo que representa un aumento del 13 % respecto al mismo periodo de 2023, cuando se hab\u00edan contabilizado 39 incidentes. Los \u00faltimos reportes incluyen casos de gravedad alarmante, como el de un beb\u00e9 de un a\u00f1o en Copacabana, que sufri\u00f3 severos da\u00f1os auditivos por la explosi\u00f3n de un volador.<\/p><p>Casos recientes y municipios afectados<\/p><p>El desgarrador balance de lesiones se distribuye en 19 municipios del departamento. Medell\u00edn encabeza la lista con 16 casos, seguido por Guarne (5), Caucasia (3) y otros municipios con uno o dos casos. Entre las v\u00edctimas, 14 son menores de edad, incluidos ni\u00f1os de tan solo 4 a\u00f1os y un a\u00f1o, ambos con heridas cr\u00edticas.<\/p><p>El menor de 4 a\u00f1os, en Caucasia, presenta quemaduras de segundo grado y da\u00f1o ocular debido a un tote. Mientras tanto, en La Ceja, un ni\u00f1o de 12 a\u00f1os sufri\u00f3 quemaduras en cuello y tronco por manipulaci\u00f3n de cohetes, y en Sons\u00f3n, un hombre de 35 a\u00f1os fue alcanzado por una papeleta que explot\u00f3 en su mano.<\/p><p>Secuelas devastadoras<\/p><p>La p\u00f3lvora no solo deja quemaduras y amputaciones visibles, sino tambi\u00e9n secuelas graves y, a menudo, permanentes. Seg\u00fan expertos, los efectos incluyen da\u00f1o ocular, p\u00e9rdida auditiva, disfunciones hep\u00e1ticas y cerebrales, y problemas de coagulaci\u00f3n por la falta de producci\u00f3n de prote\u00ednas clave tras quemaduras graves.<\/p><figure class=\"wp-block-image size-large\"><img loading=\"lazy\" decoding=\"async\" width=\"1024\" height=\"512\" src=\"https:\/\/colombiaopina.com.co\/wp-content\/uploads\/2024\/12\/2polvora-2-1024x512.jpeg\" alt=\"\" class=\"wp-image-11823\" srcset=\"https:\/\/colombiaopina.com.co\/wp-content\/uploads\/2024\/12\/2polvora-2-1024x512.jpeg 1024w, https:\/\/colombiaopina.com.co\/wp-content\/uploads\/2024\/12\/2polvora-2-300x150.jpeg 300w, https:\/\/colombiaopina.com.co\/wp-content\/uploads\/2024\/12\/2polvora-2-768x384.jpeg 768w, https:\/\/colombiaopina.com.co\/wp-content\/uploads\/2024\/12\/2polvora-2-150x75.jpeg 150w, https:\/\/colombiaopina.com.co\/wp-content\/uploads\/2024\/12\/2polvora-2-696x348.jpeg 696w, https:\/\/colombiaopina.com.co\/wp-content\/uploads\/2024\/12\/2polvora-2-1068x534.jpeg 1068w, https:\/\/colombiaopina.com.co\/wp-content\/uploads\/2024\/12\/2polvora-2-600x300.jpeg 600w, https:\/\/colombiaopina.com.co\/wp-content\/uploads\/2024\/12\/2polvora-2.jpeg 1200w\" sizes=\"(max-width: 1024px) 100vw, 1024px\" \/><\/figure><p>La toxic\u00f3loga Mar\u00eda Gabriela Garc\u00eda, de la Universidad de Antioquia, advierte sobre los riesgos neurol\u00f3gicos por la inhalaci\u00f3n de componentes como carb\u00f3n, nitrato de potasio, bario y f\u00f3sforo blanco. Estas sustancias pueden desencadenar alteraciones cognitivas, problemas de memoria, y en casos extremos, enfermedades neurodegenerativas como el p\u00e1rkinson.<\/p><p>La persistencia de estas tragedias pone en evidencia el desaf\u00edo que enfrentan las autoridades para erradicar el uso irresponsable de p\u00f3lvora. Aunque los operativos para incautar productos ilegales han aumentado, es evidente que las campa\u00f1as preventivas no han calado lo suficiente en muchas comunidades.<\/p><p>Es imperativo reforzar las sanciones y la regulaci\u00f3n del uso y venta de p\u00f3lvora, pero tambi\u00e9n redoblar esfuerzos en educaci\u00f3n y concienciaci\u00f3n ciudadana. La cultura del entretenimiento basada en explosivos debe ser reemplazada por alternativas seguras que protejan la vida y la salud de los m\u00e1s vulnerables. Cada ni\u00f1o lesionado por p\u00f3lvora es un recordatorio de que estas tragedias son evitables con voluntad, acci\u00f3n y responsabilidad compartida entre autoridades y sociedad.<\/p>","protected":false},"excerpt":{"rendered":"<p>La tragedia de las quemaduras por p\u00f3lvora contin\u00faa ensombreciendo la temporada decembrina en Antioquia. Hasta este lunes 9 de diciembre, el departamento registra 44 casos de personas lesionadas, lo que representa un aumento del 13 % respecto al mismo periodo de 2023, cuando se hab\u00edan contabilizado 39 incidentes. Los \u00faltimos reportes incluyen casos de gravedad [&hellip;]<\/p>\n","protected":false},"author":4,"featured_media":11822,"comment_status":"open","ping_status":"open","sticky":false,"template":"","format":"standard","meta":{"tdm_status":"","tdm_grid_status":"","_jetpack_memberships_contains_paid_content":false,"footnotes":""},"categories":[38,3351,60],"tags":[282,2466,3350,182],"class_list":{"0":"post-11821","1":"post","2":"type-post","3":"status-publish","4":"format-standard","5":"has-post-thumbnail","7":"category-antioquia","8":"category-polvora","9":"category-salud","10":"tag-antioquia","11":"tag-copacabana","12":"tag-polvora","13":"tag-salud"},"jetpack_sharing_enabled":true,"jetpack_featured_media_url":"https:\/\/colombiaopina.com.co\/wp-content\/uploads\/2024\/12\/1polvora-1.png","amp_enabled":true,"_links":{"self":[{"href":"https:\/\/colombiaopina.com.co\/index.php\/wp-json\/wp\/v2\/posts\/11821"}],"collection":[{"href":"https:\/\/colombiaopina.com.co\/index.php\/wp-json\/wp\/v2\/posts"}],"about":[{"href":"https:\/\/colombiaopina.com.co\/index.php\/wp-json\/wp\/v2\/types\/post"}],"author":[{"embeddable":true,"href":"https:\/\/colombiaopina.com.co\/index.php\/wp-json\/wp\/v2\/users\/4"}],"replies":[{"embeddable":true,"href":"https:\/\/colombiaopina.com.co\/index.php\/wp-json\/wp\/v2\/comments?post=11821"}],"version-history":[{"count":1,"href":"https:\/\/colombiaopina.com.co\/index.php\/wp-json\/wp\/v2\/posts\/11821\/revisions"}],"predecessor-version":[{"id":11824,"href":"https:\/\/colombiaopina.com.co\/index.php\/wp-json\/wp\/v2\/posts\/11821\/revisions\/11824"}],"wp:featuredmedia":[{"embeddable":true,"href":"https:\/\/colombiaopina.com.co\/index.php\/wp-json\/wp\/v2\/media\/11822"}],"wp:attachment":[{"href":"https:\/\/colombiaopina.com.co\/index.php\/wp-json\/wp\/v2\/media?parent=11821"}],"wp:term":[{"taxonomy":"category","embeddable":true,"href":"https:\/\/colombiaopina.com.co\/index.php\/wp-json\/wp\/v2\/categories?post=11821"},{"taxonomy":"post_tag","embeddable":true,"href":"https:\/\/colombiaopina.com.co\/index.php\/wp-json\/wp\/v2\/tags?post=11821"}],"curies":[{"name":"wp","href":"https:\/\/api.w.org\/{rel}","templated":true}]}}