{"id":11774,"date":"2024-12-09T13:17:11","date_gmt":"2024-12-09T18:17:11","guid":{"rendered":"https:\/\/colombiaopina.com.co\/?p=11774"},"modified":"2024-12-09T13:17:14","modified_gmt":"2024-12-09T18:17:14","slug":"notre-dame-resurge-la-iconica-catedral-reabre-sus-puertas-tras-cinco-anos-de-restauracion-monumental","status":"publish","type":"post","link":"https:\/\/colombiaopina.com.co\/index.php\/2024\/12\/09\/notre-dame-resurge-la-iconica-catedral-reabre-sus-puertas-tras-cinco-anos-de-restauracion-monumental\/","title":{"rendered":"Notre-Dame resurge: la ic\u00f3nica catedral reabre sus puertas tras cinco a\u00f1os de restauraci\u00f3n monumental"},"content":{"rendered":"<p>La Catedral de Notre-Dame de Par\u00eds, devastada por un incendio en abril de 2019, volvi\u00f3 a brillar tras una meticulosa restauraci\u00f3n que tom\u00f3 cinco a\u00f1os y moviliz\u00f3 a miles de artesanos. El hist\u00f3rico monumento, de 860 a\u00f1os de antig\u00fcedad, recuper\u00f3 su esplendor g\u00f3tico, con su aguja renovada, b\u00f3vedas restauradas y la piedra blanca reluciente como s\u00edmbolo de resistencia y renacimiento.<\/p><p>La ceremonia de reapertura, celebrada el s\u00e1bado 7 de diciembre, cont\u00f3 con la presencia de l\u00edderes mundiales como el presidente franc\u00e9s Emmanuel Macron, el presidente electo de Estados Unidos Donald Trump, y el mandatario ucraniano Volod\u00edmir Zelenski. En un acto cargado de simbolismo, los invitados recorrieron el interior de la catedral mientras un espect\u00e1culo de luces iluminaba la palabra \u00abGracias\u00bb en su fachada, un reconocimiento al esfuerzo colectivo que permiti\u00f3 la reconstrucci\u00f3n.<\/p><figure class=\"wp-block-image size-large\"><img loading=\"lazy\" decoding=\"async\" width=\"1024\" height=\"683\" src=\"https:\/\/colombiaopina.com.co\/wp-content\/uploads\/2024\/12\/2notre-dame-1024x683.png\" alt=\"\" class=\"wp-image-11777\" srcset=\"https:\/\/colombiaopina.com.co\/wp-content\/uploads\/2024\/12\/2notre-dame-1024x683.png 1024w, https:\/\/colombiaopina.com.co\/wp-content\/uploads\/2024\/12\/2notre-dame-300x200.png 300w, https:\/\/colombiaopina.com.co\/wp-content\/uploads\/2024\/12\/2notre-dame-768x512.png 768w, https:\/\/colombiaopina.com.co\/wp-content\/uploads\/2024\/12\/2notre-dame-1536x1024.png 1536w, https:\/\/colombiaopina.com.co\/wp-content\/uploads\/2024\/12\/2notre-dame-2048x1366.png 2048w, https:\/\/colombiaopina.com.co\/wp-content\/uploads\/2024\/12\/2notre-dame-150x100.png 150w, https:\/\/colombiaopina.com.co\/wp-content\/uploads\/2024\/12\/2notre-dame-696x464.png 696w, https:\/\/colombiaopina.com.co\/wp-content\/uploads\/2024\/12\/2notre-dame-1068x712.png 1068w, https:\/\/colombiaopina.com.co\/wp-content\/uploads\/2024\/12\/2notre-dame-1920x1280.png 1920w, https:\/\/colombiaopina.com.co\/wp-content\/uploads\/2024\/12\/2notre-dame-600x400.png 600w\" sizes=\"(max-width: 1024px) 100vw, 1024px\" \/><\/figure><p>El proyecto de restauraci\u00f3n no solo fue un desaf\u00edo arquitect\u00f3nico y art\u00edstico, sino tambi\u00e9n un tributo al patrimonio universal. M\u00e1s de cinco mil expertos, entre carpinteros, canteros y artesanos de vitrales, emplearon t\u00e9cnicas tradicionales para reparar o sustituir los elementos da\u00f1ados. Pascal Tordeux, residente frente a la catedral, expres\u00f3 su emoci\u00f3n: \u201cLa vi arder y la vi levantarse nuevamente. Ahora est\u00e1 terminada, y es un orgullo\u201d.<\/p><p>Para Francia y el mundo, Notre-Dame no es solo un s\u00edmbolo arquitect\u00f3nico, sino tambi\u00e9n un hito cultural. Desde su primera piedra en 1163 hasta convertirse en el escenario de la novela \u00abEl jorobado de Notre-Dame\u00bb de V\u00edctor Hugo, esta obra maestra g\u00f3tica ha sido testigo de los cap\u00edtulos m\u00e1s significativos de la historia. La Iglesia Cat\u00f3lica estima que la catedral podr\u00eda recibir nuevamente a 15 millones de visitantes anuales, consolid\u00e1ndose como uno de los destinos tur\u00edsticos m\u00e1s importantes del mundo.<\/p><figure class=\"wp-block-image size-full\"><img loading=\"lazy\" decoding=\"async\" width=\"800\" height=\"450\" src=\"https:\/\/colombiaopina.com.co\/wp-content\/uploads\/2024\/12\/3notre-dame.jpeg\" alt=\"\" class=\"wp-image-11776\" srcset=\"https:\/\/colombiaopina.com.co\/wp-content\/uploads\/2024\/12\/3notre-dame.jpeg 800w, https:\/\/colombiaopina.com.co\/wp-content\/uploads\/2024\/12\/3notre-dame-300x169.jpeg 300w, https:\/\/colombiaopina.com.co\/wp-content\/uploads\/2024\/12\/3notre-dame-768x432.jpeg 768w, https:\/\/colombiaopina.com.co\/wp-content\/uploads\/2024\/12\/3notre-dame-150x84.jpeg 150w, https:\/\/colombiaopina.com.co\/wp-content\/uploads\/2024\/12\/3notre-dame-696x392.jpeg 696w, https:\/\/colombiaopina.com.co\/wp-content\/uploads\/2024\/12\/3notre-dame-600x338.jpeg 600w\" sizes=\"(max-width: 800px) 100vw, 800px\" \/><\/figure><p>La restauraci\u00f3n de Notre-Dame trasciende el acto arquitect\u00f3nico y se convierte en una met\u00e1fora de resiliencia cultural. En un mundo que enfrenta constantes desaf\u00edos, este proyecto demuestra c\u00f3mo la cooperaci\u00f3n y el respeto por el patrimonio pueden unir a las naciones en torno a un objetivo com\u00fan. Sin embargo, el reto de mantener este \u00edcono vivo y relevante requerir\u00e1 un compromiso continuo, tanto para su preservaci\u00f3n como para su integraci\u00f3n en el legado cultural y espiritual de las pr\u00f3ximas generaciones.<\/p>","protected":false},"excerpt":{"rendered":"<p>La Catedral de Notre-Dame de Par\u00eds, devastada por un incendio en abril de 2019, volvi\u00f3 a brillar tras una meticulosa restauraci\u00f3n que tom\u00f3 cinco a\u00f1os y moviliz\u00f3 a miles de artesanos. El hist\u00f3rico monumento, de 860 a\u00f1os de antig\u00fcedad, recuper\u00f3 su esplendor g\u00f3tico, con su aguja renovada, b\u00f3vedas restauradas y la piedra blanca reluciente como [&hellip;]<\/p>\n","protected":false},"author":4,"featured_media":11775,"comment_status":"open","ping_status":"open","sticky":false,"template":"","format":"standard","meta":{"tdm_status":"","tdm_grid_status":"","_jetpack_memberships_contains_paid_content":false,"footnotes":""},"categories":[3518,53,3519],"tags":[3517,289,596,3516],"class_list":{"0":"post-11774","1":"post","2":"type-post","3":"status-publish","4":"format-standard","5":"has-post-thumbnail","7":"category-francia","8":"category-internacional","9":"category-notre-dame","10":"tag-arquitectura","11":"tag-francia","12":"tag-internacional","13":"tag-notre-dame"},"jetpack_sharing_enabled":true,"jetpack_featured_media_url":"https:\/\/colombiaopina.com.co\/wp-content\/uploads\/2024\/12\/1notre-dame.png","amp_enabled":true,"_links":{"self":[{"href":"https:\/\/colombiaopina.com.co\/index.php\/wp-json\/wp\/v2\/posts\/11774"}],"collection":[{"href":"https:\/\/colombiaopina.com.co\/index.php\/wp-json\/wp\/v2\/posts"}],"about":[{"href":"https:\/\/colombiaopina.com.co\/index.php\/wp-json\/wp\/v2\/types\/post"}],"author":[{"embeddable":true,"href":"https:\/\/colombiaopina.com.co\/index.php\/wp-json\/wp\/v2\/users\/4"}],"replies":[{"embeddable":true,"href":"https:\/\/colombiaopina.com.co\/index.php\/wp-json\/wp\/v2\/comments?post=11774"}],"version-history":[{"count":1,"href":"https:\/\/colombiaopina.com.co\/index.php\/wp-json\/wp\/v2\/posts\/11774\/revisions"}],"predecessor-version":[{"id":11778,"href":"https:\/\/colombiaopina.com.co\/index.php\/wp-json\/wp\/v2\/posts\/11774\/revisions\/11778"}],"wp:featuredmedia":[{"embeddable":true,"href":"https:\/\/colombiaopina.com.co\/index.php\/wp-json\/wp\/v2\/media\/11775"}],"wp:attachment":[{"href":"https:\/\/colombiaopina.com.co\/index.php\/wp-json\/wp\/v2\/media?parent=11774"}],"wp:term":[{"taxonomy":"category","embeddable":true,"href":"https:\/\/colombiaopina.com.co\/index.php\/wp-json\/wp\/v2\/categories?post=11774"},{"taxonomy":"post_tag","embeddable":true,"href":"https:\/\/colombiaopina.com.co\/index.php\/wp-json\/wp\/v2\/tags?post=11774"}],"curies":[{"name":"wp","href":"https:\/\/api.w.org\/{rel}","templated":true}]}}