{"id":1174,"date":"2024-02-09T14:33:42","date_gmt":"2024-02-09T19:33:42","guid":{"rendered":"https:\/\/colombiaopina.com.co\/?p=1174"},"modified":"2024-02-09T14:35:30","modified_gmt":"2024-02-09T19:35:30","slug":"federico-gutierrez-zuluaga-condena-acciones-del-presidente-petro-y-alerta-sobre-riesgo-institucional","status":"publish","type":"post","link":"https:\/\/colombiaopina.com.co\/index.php\/2024\/02\/09\/federico-gutierrez-zuluaga-condena-acciones-del-presidente-petro-y-alerta-sobre-riesgo-institucional\/","title":{"rendered":"Federico Guti\u00e9rrez Zuluaga condena acciones del presidente Petro y alerta sobre riesgo institucional"},"content":{"rendered":"<p>Federico Guti\u00e9rrez Zuluaga, en una declaraci\u00f3n firme, ha expresado su profunda preocupaci\u00f3n por los eventos del 8 de febrero, describi\u00e9ndolos como un \u00abnuevo atentado contra las altas Cortes\u00bb y un d\u00eda triste para Colombia. En su comunicado, Guti\u00e9rrez recalc\u00f3 la gravedad de las acciones promovidas por el presidente Gustavo Petro, que, a su juicio, han propiciado una ruptura institucional preocupante.<br><br>\u00abEl 8 de febrero ser\u00e1 recordado por la historia como el d\u00eda en el que el presidente Gustavo Petro promovi\u00f3 un nuevo atentado contra las altas Cortes\u00bb, afirm\u00f3 Guti\u00e9rrez, evocando el doloroso recuerdo del asalto del M-19 al Palacio de Justicia en 1985, incidente que dej\u00f3 un saldo tr\u00e1gico de 101 muertos, incluidos 11 magistrados. Es particularmente alarmante para Guti\u00e9rrez que Petro, quien en el pasado fue parte de esa organizaci\u00f3n al margen de la ley, hoy incite acciones que ponen en peligro la integridad de las instituciones democr\u00e1ticas del pa\u00eds.<br><br>El exalcalde de Medell\u00edn no dud\u00f3 en calificar las acciones del presidente como \u00abinfinitamente m\u00e1s graves\u00bb que aquel atentado hist\u00f3rico, dada la posici\u00f3n de Petro como la m\u00e1xima autoridad del gobierno. \u00abEsas mismas puertas por las que entr\u00f3 el M-19 hace casi 40 a\u00f1os intentaron ser franqueadas ayer en un terrible acto de violencia\u00bb, lament\u00f3 Guti\u00e9rrez, subrayando la iron\u00eda y la gravedad de la situaci\u00f3n.<\/p><figure class=\"wp-block-embed is-type-rich is-provider-twitter wp-block-embed-twitter\"><div class=\"wp-block-embed__wrapper\">\n<blockquote class=\"twitter-tweet\" data-width=\"550\" data-dnt=\"true\"><p lang=\"es\" dir=\"ltr\">8 de febrero: un d\u00eda triste para la democracia <br><br>Ruptura institucional<br><br>Nuestra democracia en vilo. <a href=\"https:\/\/t.co\/56X3O8yzHg\">pic.twitter.com\/56X3O8yzHg<\/a><\/p>&mdash; Fico Guti\u00e9rrez (@FicoGutierrez) <a href=\"https:\/\/twitter.com\/FicoGutierrez\/status\/1756017213788565721?ref_src=twsrc%5Etfw\">February 9, 2024<\/a><\/blockquote><script async src=\"https:\/\/platform.twitter.com\/widgets.js\" charset=\"utf-8\"><\/script>\n<\/div><\/figure><p><br>Refiri\u00e9ndose a las palabras del presidente de la Corte Suprema, Yerson Chaverra, quien expres\u00f3 que la democracia colombiana \u00abqueda en vilo\u00bb tras los recientes acontecimientos, Guti\u00e9rrez hizo un llamado a la reflexi\u00f3n. \u00abEl presidente deber\u00eda cuidar la institucionalidad, no desgarrarla\u00bb, enfatiz\u00f3, recordando que cualquier acci\u00f3n violenta es preocupante, especialmente cuando es incitada por quien deber\u00eda ser garante de la tranquilidad y seguridad nacional.<br>Guti\u00e9rrez extendi\u00f3 su total apoyo y respeto a la rama judicial, recordando los oscuros d\u00edas cuando los jueces viv\u00edan bajo la sombra del miedo. \u00abHago un llamado a todos los sectores democr\u00e1ticos a estar vigilantes y no permitir por ninguna raz\u00f3n que quien deber\u00eda liderar los destinos de nuestra patria la incendie y la convierta en cenizas\u00bb, concluy\u00f3, evidenciando su compromiso con la defensa de la democracia y la institucionalidad en Colombia.<\/p>","protected":false},"excerpt":{"rendered":"<p>Federico Guti\u00e9rrez Zuluaga, en una declaraci\u00f3n firme, ha expresado su profunda preocupaci\u00f3n por los eventos del 8 de febrero, describi\u00e9ndolos como un \u00abnuevo atentado contra las altas Cortes\u00bb y un d\u00eda triste para Colombia. En su comunicado, Guti\u00e9rrez recalc\u00f3 la gravedad de las acciones promovidas por el presidente Gustavo Petro, que, a su juicio, han [&hellip;]<\/p>\n","protected":false},"author":4,"featured_media":1176,"comment_status":"open","ping_status":"open","sticky":false,"template":"","format":"standard","meta":{"tdm_status":"","tdm_grid_status":"","_jetpack_memberships_contains_paid_content":false,"footnotes":""},"categories":[38,54],"tags":[180,93,211,100],"class_list":{"0":"post-1174","1":"post","2":"type-post","3":"status-publish","4":"format-standard","5":"has-post-thumbnail","7":"category-antioquia","8":"category-medellin","9":"tag-alcalde","10":"tag-colombia","11":"tag-cortes","12":"tag-fico"},"jetpack_sharing_enabled":true,"jetpack_featured_media_url":"https:\/\/colombiaopina.com.co\/wp-content\/uploads\/2024\/02\/L4ODVBKGIBAEHHY57JIF66SSUA.jpg","amp_enabled":true,"_links":{"self":[{"href":"https:\/\/colombiaopina.com.co\/index.php\/wp-json\/wp\/v2\/posts\/1174"}],"collection":[{"href":"https:\/\/colombiaopina.com.co\/index.php\/wp-json\/wp\/v2\/posts"}],"about":[{"href":"https:\/\/colombiaopina.com.co\/index.php\/wp-json\/wp\/v2\/types\/post"}],"author":[{"embeddable":true,"href":"https:\/\/colombiaopina.com.co\/index.php\/wp-json\/wp\/v2\/users\/4"}],"replies":[{"embeddable":true,"href":"https:\/\/colombiaopina.com.co\/index.php\/wp-json\/wp\/v2\/comments?post=1174"}],"version-history":[{"count":2,"href":"https:\/\/colombiaopina.com.co\/index.php\/wp-json\/wp\/v2\/posts\/1174\/revisions"}],"predecessor-version":[{"id":1179,"href":"https:\/\/colombiaopina.com.co\/index.php\/wp-json\/wp\/v2\/posts\/1174\/revisions\/1179"}],"wp:featuredmedia":[{"embeddable":true,"href":"https:\/\/colombiaopina.com.co\/index.php\/wp-json\/wp\/v2\/media\/1176"}],"wp:attachment":[{"href":"https:\/\/colombiaopina.com.co\/index.php\/wp-json\/wp\/v2\/media?parent=1174"}],"wp:term":[{"taxonomy":"category","embeddable":true,"href":"https:\/\/colombiaopina.com.co\/index.php\/wp-json\/wp\/v2\/categories?post=1174"},{"taxonomy":"post_tag","embeddable":true,"href":"https:\/\/colombiaopina.com.co\/index.php\/wp-json\/wp\/v2\/tags?post=1174"}],"curies":[{"name":"wp","href":"https:\/\/api.w.org\/{rel}","templated":true}]}}