{"id":1171,"date":"2024-02-09T14:23:10","date_gmt":"2024-02-09T19:23:10","guid":{"rendered":"https:\/\/colombiaopina.com.co\/?p=1171"},"modified":"2024-02-09T14:23:12","modified_gmt":"2024-02-09T19:23:12","slug":"senador-david-luna-exige-a-petro-llamado-a-la-paz-tras-violencia-en-marchas","status":"publish","type":"post","link":"https:\/\/colombiaopina.com.co\/index.php\/2024\/02\/09\/senador-david-luna-exige-a-petro-llamado-a-la-paz-tras-violencia-en-marchas\/","title":{"rendered":"Senador David Luna exige a Petro llamado a la paz tras violencia en marchas"},"content":{"rendered":"<p>El senador David Luna ha expresado su firme repudio hacia los actos de violencia que se han desencadenado en Colombia, espec\u00edficamente dirigidos a periodistas y contra instituciones fundamentales como la Corte Suprema de Justicia. En una declaraci\u00f3n p\u00fablica, Luna critic\u00f3 al presidente Gustavo Petro por no atender a su solicitud de promover un mensaje de paz y tolerancia como convocante de las recientes manifestaciones.<\/p><p>\u00abEn la ma\u00f1ana de hoy, le ped\u00ed al presidente Petro, como convocante de las marchas, que hiciera un llamado de paz y de tolerancia. Lamentablemente, usted no lo hizo, y estamos viendo las consecuencias\u00bb, declar\u00f3 Luna, refiri\u00e9ndose a los disturbios que han manchado lo que debieron ser protestas pac\u00edficas. Las manifestaciones, seg\u00fan Luna, han degenerado en violencia, poniendo en riesgo no solo a los ciudadanos, sino tambi\u00e9n a la prensa y a la integridad de las instituciones democr\u00e1ticas del pa\u00eds.<\/p><figure class=\"wp-block-embed is-type-rich is-provider-twitter wp-block-embed-twitter\"><div class=\"wp-block-embed__wrapper\">\n<blockquote class=\"twitter-tweet\" data-width=\"550\" data-dnt=\"true\"><p lang=\"es\" dir=\"ltr\">La separaci\u00f3n de poderes se respeta. Presidente <a href=\"https:\/\/twitter.com\/petrogustavo?ref_src=twsrc%5Etfw\">@petrogustavo<\/a> usted respald\u00f3 y convoc\u00f3 las marchas, usted es el responsable de la violencia que se vivi\u00f3 en ellas. \u00bfPor qu\u00e9 no hizo un llamado a la calma? \u00bfd\u00f3nde est\u00e1n las garant\u00edas?<br><br>Presidente, es hora de dejar la preferencia por\u2026 <a href=\"https:\/\/t.co\/XyCJuA99G9\">pic.twitter.com\/XyCJuA99G9<\/a><\/p>&mdash; David Luna (@lunadavid) <a href=\"https:\/\/twitter.com\/lunadavid\/status\/1755712864713670910?ref_src=twsrc%5Etfw\">February 8, 2024<\/a><\/blockquote><script async src=\"https:\/\/platform.twitter.com\/widgets.js\" charset=\"utf-8\"><\/script>\n<\/div><\/figure><p>El senador hizo un llamado directo al presidente Petro para que inste a los manifestantes a actuar con civismo y respeto por el Estado de derecho. \u00abRechazo absoluto a los actos violentos y solicito expresamente a usted, presidente Petro, que le pida a sus manifestantes actuar en paz\u00bb, enfatiz\u00f3 Luna, subrayando la responsabilidad que tiene el gobierno de asegurar la seguridad de todos los colombianos y la protecci\u00f3n de las entidades judiciales.<\/p><p>Esta posici\u00f3n de David Luna resalta la creciente preocupaci\u00f3n por la polarizaci\u00f3n y el aumento de la tensi\u00f3n en el pa\u00eds, instando a una reflexi\u00f3n colectiva sobre la importancia de la cohesi\u00f3n social, el respeto mutuo y la preservaci\u00f3n de la democracia. El senador hace hincapi\u00e9 en la necesidad urgente de di\u00e1logo y entendimiento, especialmente en momentos de disenso pol\u00edtico, para fortalecer los pilares de la sociedad colombiana y evitar futuras escaladas de violencia.<br><strong><br><br><\/strong><\/p>","protected":false},"excerpt":{"rendered":"<p>El senador David Luna ha expresado su firme repudio hacia los actos de violencia que se han desencadenado en Colombia, espec\u00edficamente dirigidos a periodistas y contra instituciones fundamentales como la Corte Suprema de Justicia. En una declaraci\u00f3n p\u00fablica, Luna critic\u00f3 al presidente Gustavo Petro por no atender a su solicitud de promover un mensaje de [&hellip;]<\/p>\n","protected":false},"author":4,"featured_media":1172,"comment_status":"open","ping_status":"open","sticky":false,"template":"","format":"standard","meta":{"tdm_status":"","tdm_grid_status":"","_jetpack_memberships_contains_paid_content":false,"footnotes":""},"categories":[1],"tags":[211,221,135,209],"class_list":{"0":"post-1171","1":"post","2":"type-post","3":"status-publish","4":"format-standard","5":"has-post-thumbnail","7":"category-blog","8":"tag-cortes","9":"tag-david","10":"tag-petro","11":"tag-politica-2"},"jetpack_sharing_enabled":true,"jetpack_featured_media_url":"https:\/\/colombiaopina.com.co\/wp-content\/uploads\/2024\/02\/642c87fd51bb5.jpeg","amp_enabled":true,"_links":{"self":[{"href":"https:\/\/colombiaopina.com.co\/index.php\/wp-json\/wp\/v2\/posts\/1171"}],"collection":[{"href":"https:\/\/colombiaopina.com.co\/index.php\/wp-json\/wp\/v2\/posts"}],"about":[{"href":"https:\/\/colombiaopina.com.co\/index.php\/wp-json\/wp\/v2\/types\/post"}],"author":[{"embeddable":true,"href":"https:\/\/colombiaopina.com.co\/index.php\/wp-json\/wp\/v2\/users\/4"}],"replies":[{"embeddable":true,"href":"https:\/\/colombiaopina.com.co\/index.php\/wp-json\/wp\/v2\/comments?post=1171"}],"version-history":[{"count":1,"href":"https:\/\/colombiaopina.com.co\/index.php\/wp-json\/wp\/v2\/posts\/1171\/revisions"}],"predecessor-version":[{"id":1173,"href":"https:\/\/colombiaopina.com.co\/index.php\/wp-json\/wp\/v2\/posts\/1171\/revisions\/1173"}],"wp:featuredmedia":[{"embeddable":true,"href":"https:\/\/colombiaopina.com.co\/index.php\/wp-json\/wp\/v2\/media\/1172"}],"wp:attachment":[{"href":"https:\/\/colombiaopina.com.co\/index.php\/wp-json\/wp\/v2\/media?parent=1171"}],"wp:term":[{"taxonomy":"category","embeddable":true,"href":"https:\/\/colombiaopina.com.co\/index.php\/wp-json\/wp\/v2\/categories?post=1171"},{"taxonomy":"post_tag","embeddable":true,"href":"https:\/\/colombiaopina.com.co\/index.php\/wp-json\/wp\/v2\/tags?post=1171"}],"curies":[{"name":"wp","href":"https:\/\/api.w.org\/{rel}","templated":true}]}}