{"id":11652,"date":"2024-12-05T11:59:36","date_gmt":"2024-12-05T16:59:36","guid":{"rendered":"https:\/\/colombiaopina.com.co\/?p=11652"},"modified":"2024-12-05T11:59:38","modified_gmt":"2024-12-05T16:59:38","slug":"diego-guevara-castaneda-asume-el-ministerio-de-hacienda-en-medio-de-turbulencias-politicas-y-economicas","status":"publish","type":"post","link":"https:\/\/colombiaopina.com.co\/index.php\/2024\/12\/05\/diego-guevara-castaneda-asume-el-ministerio-de-hacienda-en-medio-de-turbulencias-politicas-y-economicas\/","title":{"rendered":"Diego Guevara Casta\u00f1eda asume el Ministerio de Hacienda en medio de turbulencias pol\u00edticas y econ\u00f3micas"},"content":{"rendered":"<p>El presidente Gustavo Petro design\u00f3 a Diego Guevara Casta\u00f1eda, actual viceministro General de Hacienda y reconocido acad\u00e9mico, como nuevo ministro de Hacienda. Este nombramiento llega tras la renuncia de Ricardo Bonilla, quien dej\u00f3 el cargo en medio del esc\u00e1ndalo de corrupci\u00f3n relacionado con la Unidad Nacional para la Gesti\u00f3n del Riesgo de Desastres (UNGRD) y una creciente crisis de confianza en la gesti\u00f3n econ\u00f3mica del gobierno.<\/p><p>Guevara, economista de trayectoria y con experiencia en la direcci\u00f3n de pol\u00edticas fiscales y presupuestales, hereda un panorama complejo: un d\u00e9ficit presupuestario proyectado en $22 billones para 2024, la baja ejecuci\u00f3n de los ministerios que mantiene $150 billones sin gastar, y las dificultades para aprobar la Ley de Financiamiento, clave para cubrir el hueco fiscal del pr\u00f3ximo a\u00f1o. Su tarea inmediata ser\u00e1 recuperar la confianza del sector empresarial y del Congreso, en momentos en que la oposici\u00f3n cuestiona la viabilidad de las reformas econ\u00f3micas del gobierno.<\/p><p>El presidente Petro defendi\u00f3 la elecci\u00f3n de Guevara, destacando su conocimiento de las negociaciones de deuda p\u00fablica interna y externa y su compromiso con reducir el d\u00e9ficit fiscal heredado del gobierno anterior. Durante el anuncio, Petro reiter\u00f3 que su administraci\u00f3n no ha otorgado cupos indicativos a congresistas, un mecanismo se\u00f1alado como parte del esquema de corrupci\u00f3n que provoc\u00f3 la salida de Bonilla. Seg\u00fan Petro, aunque hubo intentos de implementar estas pr\u00e1cticas, su decisi\u00f3n de apartar al exdirector de la UNGRD, Olmedo L\u00f3pez, evit\u00f3 que se materializaran.<\/p><figure class=\"wp-block-image size-large\"><img loading=\"lazy\" decoding=\"async\" width=\"1024\" height=\"512\" src=\"https:\/\/colombiaopina.com.co\/wp-content\/uploads\/2024\/12\/2guevara-1024x512.png\" alt=\"\" class=\"wp-image-11654\" srcset=\"https:\/\/colombiaopina.com.co\/wp-content\/uploads\/2024\/12\/2guevara-1024x512.png 1024w, https:\/\/colombiaopina.com.co\/wp-content\/uploads\/2024\/12\/2guevara-300x150.png 300w, https:\/\/colombiaopina.com.co\/wp-content\/uploads\/2024\/12\/2guevara-768x384.png 768w, https:\/\/colombiaopina.com.co\/wp-content\/uploads\/2024\/12\/2guevara-150x75.png 150w, https:\/\/colombiaopina.com.co\/wp-content\/uploads\/2024\/12\/2guevara-696x348.png 696w, https:\/\/colombiaopina.com.co\/wp-content\/uploads\/2024\/12\/2guevara-1068x534.png 1068w, https:\/\/colombiaopina.com.co\/wp-content\/uploads\/2024\/12\/2guevara-600x300.png 600w, https:\/\/colombiaopina.com.co\/wp-content\/uploads\/2024\/12\/2guevara.png 1200w\" sizes=\"(max-width: 1024px) 100vw, 1024px\" \/><\/figure><p>Petro aprovech\u00f3 la ocasi\u00f3n para defender la ley de reactivaci\u00f3n econ\u00f3mica propuesta por su administraci\u00f3n, que busca reducir la carga fiscal de la clase media y de las empresas como medida para estimular el crecimiento. Sin embargo, el mandatario apunt\u00f3 a sectores econ\u00f3micos que, seg\u00fan \u00e9l, se oponen al proyecto debido a medidas como el aumento de impuestos para juegos de azar, carb\u00f3n y petr\u00f3leo de exportaci\u00f3n, se\u00f1alando que estos intereses han dificultado su aprobaci\u00f3n.<\/p><p>El nombramiento de Diego Guevara es una apuesta por la continuidad t\u00e9cnica en el manejo econ\u00f3mico, pero enfrenta el desaf\u00edo de articular una estrategia pol\u00edtica efectiva para lograr consensos en un Congreso cada vez m\u00e1s hostil. Su \u00e9xito depender\u00e1 no solo de su capacidad t\u00e9cnica, sino de su habilidad para reactivar la confianza de los mercados y manejar las presiones internas dentro de un gobierno que atraviesa una crisis de credibilidad. Si Guevara no logra superar estos obst\u00e1culos, la estabilidad econ\u00f3mica del pa\u00eds podr\u00eda verse seriamente comprometida.<\/p><p><\/p>","protected":false},"excerpt":{"rendered":"<p>El presidente Gustavo Petro design\u00f3 a Diego Guevara Casta\u00f1eda, actual viceministro General de Hacienda y reconocido acad\u00e9mico, como nuevo ministro de Hacienda. Este nombramiento llega tras la renuncia de Ricardo Bonilla, quien dej\u00f3 el cargo en medio del esc\u00e1ndalo de corrupci\u00f3n relacionado con la Unidad Nacional para la Gesti\u00f3n del Riesgo de Desastres (UNGRD) y [&hellip;]<\/p>\n","protected":false},"author":4,"featured_media":11653,"comment_status":"open","ping_status":"open","sticky":false,"template":"","format":"standard","meta":{"tdm_status":"","tdm_grid_status":"","_jetpack_memberships_contains_paid_content":false,"footnotes":""},"categories":[3485,3279,103],"tags":[3484,3388,318],"class_list":{"0":"post-11652","1":"post","2":"type-post","3":"status-publish","4":"format-standard","5":"has-post-thumbnail","7":"category-diego-guevara-castaneda","8":"category-minhacienda","9":"category-petro","10":"tag-diego-guevara-castaneda","11":"tag-gustavo-petro","12":"tag-minhacienda"},"jetpack_sharing_enabled":true,"jetpack_featured_media_url":"https:\/\/colombiaopina.com.co\/wp-content\/uploads\/2024\/12\/1guevara.jpeg","amp_enabled":true,"_links":{"self":[{"href":"https:\/\/colombiaopina.com.co\/index.php\/wp-json\/wp\/v2\/posts\/11652"}],"collection":[{"href":"https:\/\/colombiaopina.com.co\/index.php\/wp-json\/wp\/v2\/posts"}],"about":[{"href":"https:\/\/colombiaopina.com.co\/index.php\/wp-json\/wp\/v2\/types\/post"}],"author":[{"embeddable":true,"href":"https:\/\/colombiaopina.com.co\/index.php\/wp-json\/wp\/v2\/users\/4"}],"replies":[{"embeddable":true,"href":"https:\/\/colombiaopina.com.co\/index.php\/wp-json\/wp\/v2\/comments?post=11652"}],"version-history":[{"count":1,"href":"https:\/\/colombiaopina.com.co\/index.php\/wp-json\/wp\/v2\/posts\/11652\/revisions"}],"predecessor-version":[{"id":11655,"href":"https:\/\/colombiaopina.com.co\/index.php\/wp-json\/wp\/v2\/posts\/11652\/revisions\/11655"}],"wp:featuredmedia":[{"embeddable":true,"href":"https:\/\/colombiaopina.com.co\/index.php\/wp-json\/wp\/v2\/media\/11653"}],"wp:attachment":[{"href":"https:\/\/colombiaopina.com.co\/index.php\/wp-json\/wp\/v2\/media?parent=11652"}],"wp:term":[{"taxonomy":"category","embeddable":true,"href":"https:\/\/colombiaopina.com.co\/index.php\/wp-json\/wp\/v2\/categories?post=11652"},{"taxonomy":"post_tag","embeddable":true,"href":"https:\/\/colombiaopina.com.co\/index.php\/wp-json\/wp\/v2\/tags?post=11652"}],"curies":[{"name":"wp","href":"https:\/\/api.w.org\/{rel}","templated":true}]}}