{"id":11600,"date":"2024-12-04T18:23:16","date_gmt":"2024-12-04T23:23:16","guid":{"rendered":"https:\/\/colombiaopina.com.co\/?p=11600"},"modified":"2024-12-04T18:23:18","modified_gmt":"2024-12-04T23:23:18","slug":"se-cierra-un-capitulo-oscuro-exfuncionarios-de-uribe-condenados-a-prision-por-red-de-espionaje-del-das","status":"publish","type":"post","link":"https:\/\/colombiaopina.com.co\/index.php\/2024\/12\/04\/se-cierra-un-capitulo-oscuro-exfuncionarios-de-uribe-condenados-a-prision-por-red-de-espionaje-del-das\/","title":{"rendered":"Se cierra un cap\u00edtulo oscuro: exfuncionarios de Uribe condenados a prisi\u00f3n por red de espionaje del DAS"},"content":{"rendered":"<p>La Corte Suprema de Justicia dict\u00f3 una sentencia hist\u00f3rica al condenar a seis a\u00f1os de prisi\u00f3n a C\u00e9sar Mauricio Vel\u00e1squez y Edmundo del Castillo, dos altos exfuncionarios de la administraci\u00f3n de \u00c1lvaro Uribe V\u00e9lez, por su participaci\u00f3n en la red de interceptaciones ilegales conocida como las \u2018chuzadas\u2019 del DAS. El fallo confirma su responsabilidad en el delito de concierto para delinquir, el cual fue orquestado para atacar a la Corte Suprema de Justicia y figuras pol\u00edticas de la oposici\u00f3n.<\/p><p>Las investigaciones revelaron que Vel\u00e1squez, exjefe de prensa, y Del Castillo, exsecretario jur\u00eddico, utilizaron al extinto Departamento Administrativo de Seguridad (DAS) como herramienta de espionaje y manipulaci\u00f3n. Seg\u00fan la Fiscal\u00eda, se valieron de grabaciones obtenidas de manera ilegal mediante funcionarios infiltrados en las instalaciones de la Corte. Estas grabaciones habr\u00edan sido filtradas estrat\u00e9gicamente para desprestigiar a magistrados, periodistas y pol\u00edticos cr\u00edticos al gobierno de Uribe.<\/p><figure class=\"wp-block-image size-large\"><img loading=\"lazy\" decoding=\"async\" width=\"1024\" height=\"538\" src=\"https:\/\/colombiaopina.com.co\/wp-content\/uploads\/2024\/12\/3das-1024x538.jpeg\" alt=\"\" class=\"wp-image-11602\" srcset=\"https:\/\/colombiaopina.com.co\/wp-content\/uploads\/2024\/12\/3das-1024x538.jpeg 1024w, https:\/\/colombiaopina.com.co\/wp-content\/uploads\/2024\/12\/3das-300x158.jpeg 300w, https:\/\/colombiaopina.com.co\/wp-content\/uploads\/2024\/12\/3das-768x403.jpeg 768w, https:\/\/colombiaopina.com.co\/wp-content\/uploads\/2024\/12\/3das-150x79.jpeg 150w, https:\/\/colombiaopina.com.co\/wp-content\/uploads\/2024\/12\/3das-696x365.jpeg 696w, https:\/\/colombiaopina.com.co\/wp-content\/uploads\/2024\/12\/3das-1068x561.jpeg 1068w, https:\/\/colombiaopina.com.co\/wp-content\/uploads\/2024\/12\/3das-600x315.jpeg 600w, https:\/\/colombiaopina.com.co\/wp-content\/uploads\/2024\/12\/3das.jpeg 1200w\" sizes=\"(max-width: 1024px) 100vw, 1024px\" \/><figcaption class=\"wp-element-caption\"><br><\/figcaption><\/figure><p>Uno de los aspectos m\u00e1s graves de este caso es el rol del entonces secretario general de la Presidencia, Bernardo Moreno, se\u00f1alado como autor intelectual de las \u00f3rdenes. Seg\u00fan el expediente judicial, Moreno habr\u00eda instruido a Vel\u00e1squez y Del Castillo para ejecutar estas acciones contra la independencia judicial y voces opositoras como el periodista Daniel Coronell y los exsenadores Gustavo Petro y Piedad C\u00f3rdoba. Este entramado qued\u00f3 expuesto como un uso abusivo de las instituciones p\u00fablicas para consolidar un aparato de vigilancia contra quienes representaban un obst\u00e1culo pol\u00edtico para la administraci\u00f3n de turno.<\/p><p>La Corte determin\u00f3 que las pruebas presentadas eran contundentes: las grabaciones ilegales y los testimonios demostraron que los acusados instrumentalizaron organismos estatales, como el DAS y la Unidad de Informaci\u00f3n y An\u00e1lisis Financiero (UAIF), para perpetrar sus objetivos. Adem\u00e1s, se confirm\u00f3 que las grabaciones se filtraron a medios de comunicaci\u00f3n con interpretaciones maliciosas, buscando manipular la opini\u00f3n p\u00fablica y da\u00f1ar la reputaci\u00f3n de sus objetivos.<\/p><div class=\"wp-block-image\"><figure class=\"aligncenter size-full\"><img loading=\"lazy\" decoding=\"async\" width=\"650\" height=\"488\" src=\"https:\/\/colombiaopina.com.co\/wp-content\/uploads\/2024\/12\/4das.jpg\" alt=\"\" class=\"wp-image-11603\" srcset=\"https:\/\/colombiaopina.com.co\/wp-content\/uploads\/2024\/12\/4das.jpg 650w, https:\/\/colombiaopina.com.co\/wp-content\/uploads\/2024\/12\/4das-300x225.jpg 300w, https:\/\/colombiaopina.com.co\/wp-content\/uploads\/2024\/12\/4das-150x113.jpg 150w, https:\/\/colombiaopina.com.co\/wp-content\/uploads\/2024\/12\/4das-265x198.jpg 265w, https:\/\/colombiaopina.com.co\/wp-content\/uploads\/2024\/12\/4das-600x450.jpg 600w\" sizes=\"(max-width: 650px) 100vw, 650px\" \/><\/figure><\/div><p>Esta sentencia es un recordatorio de los peligros que implica el uso indebido de los recursos del Estado para prop\u00f3sitos pol\u00edticos. M\u00e1s all\u00e1 de los nombres implicados, este caso expone un entramado de corrupci\u00f3n y abuso de poder que pone en jaque los pilares de la democracia colombiana. Si bien el fallo cierra un cap\u00edtulo doloroso, tambi\u00e9n es un llamado urgente para que las instituciones sean blindadas frente a los intereses partidistas y no vuelvan a ser herramientas de persecuci\u00f3n pol\u00edtica. El caso refuerza la importancia de la independencia judicial y la vigilancia ciudadana sobre quienes ostentan el poder.<\/p>","protected":false},"excerpt":{"rendered":"<p>La Corte Suprema de Justicia dict\u00f3 una sentencia hist\u00f3rica al condenar a seis a\u00f1os de prisi\u00f3n a C\u00e9sar Mauricio Vel\u00e1squez y Edmundo del Castillo, dos altos exfuncionarios de la administraci\u00f3n de \u00c1lvaro Uribe V\u00e9lez, por su participaci\u00f3n en la red de interceptaciones ilegales conocida como las \u2018chuzadas\u2019 del DAS. El fallo confirma su responsabilidad en [&hellip;]<\/p>\n","protected":false},"author":4,"featured_media":11601,"comment_status":"open","ping_status":"open","sticky":false,"template":"","format":"standard","meta":{"tdm_status":"","tdm_grid_status":"","_jetpack_memberships_contains_paid_content":false,"footnotes":""},"categories":[2930,39,2886],"tags":[3476,3477,93,709,3475,3478,2343],"class_list":{"0":"post-11600","1":"post","2":"type-post","3":"status-publish","4":"format-standard","5":"has-post-thumbnail","7":"category-alvaro-uribe","8":"category-colombia","9":"category-corte-suprema","10":"tag-alvaro-uribe-velez","11":"tag-cesar-mauricio-velasquez","12":"tag-colombia","13":"tag-corte-suprema-de-justicia","14":"tag-das","15":"tag-edmundo-del-castillo","16":"tag-espionaje"},"jetpack_sharing_enabled":true,"jetpack_featured_media_url":"https:\/\/colombiaopina.com.co\/wp-content\/uploads\/2024\/12\/1das.jpeg","amp_enabled":true,"_links":{"self":[{"href":"https:\/\/colombiaopina.com.co\/index.php\/wp-json\/wp\/v2\/posts\/11600"}],"collection":[{"href":"https:\/\/colombiaopina.com.co\/index.php\/wp-json\/wp\/v2\/posts"}],"about":[{"href":"https:\/\/colombiaopina.com.co\/index.php\/wp-json\/wp\/v2\/types\/post"}],"author":[{"embeddable":true,"href":"https:\/\/colombiaopina.com.co\/index.php\/wp-json\/wp\/v2\/users\/4"}],"replies":[{"embeddable":true,"href":"https:\/\/colombiaopina.com.co\/index.php\/wp-json\/wp\/v2\/comments?post=11600"}],"version-history":[{"count":1,"href":"https:\/\/colombiaopina.com.co\/index.php\/wp-json\/wp\/v2\/posts\/11600\/revisions"}],"predecessor-version":[{"id":11604,"href":"https:\/\/colombiaopina.com.co\/index.php\/wp-json\/wp\/v2\/posts\/11600\/revisions\/11604"}],"wp:featuredmedia":[{"embeddable":true,"href":"https:\/\/colombiaopina.com.co\/index.php\/wp-json\/wp\/v2\/media\/11601"}],"wp:attachment":[{"href":"https:\/\/colombiaopina.com.co\/index.php\/wp-json\/wp\/v2\/media?parent=11600"}],"wp:term":[{"taxonomy":"category","embeddable":true,"href":"https:\/\/colombiaopina.com.co\/index.php\/wp-json\/wp\/v2\/categories?post=11600"},{"taxonomy":"post_tag","embeddable":true,"href":"https:\/\/colombiaopina.com.co\/index.php\/wp-json\/wp\/v2\/tags?post=11600"}],"curies":[{"name":"wp","href":"https:\/\/api.w.org\/{rel}","templated":true}]}}