{"id":11521,"date":"2024-12-02T17:54:50","date_gmt":"2024-12-02T22:54:50","guid":{"rendered":"https:\/\/colombiaopina.com.co\/?p=11521"},"modified":"2024-12-02T17:54:53","modified_gmt":"2024-12-02T22:54:53","slug":"petro-alerta-sobre-crisis-financiera-y-pide-respaldo-politico-para-enfrentar-el-deficit-nacional","status":"publish","type":"post","link":"https:\/\/colombiaopina.com.co\/index.php\/2024\/12\/02\/petro-alerta-sobre-crisis-financiera-y-pide-respaldo-politico-para-enfrentar-el-deficit-nacional\/","title":{"rendered":"Petro alerta sobre crisis financiera y pide respaldo pol\u00edtico para enfrentar el d\u00e9ficit nacional"},"content":{"rendered":"<p>El presidente Gustavo Petro, desde Guain\u00eda, lanz\u00f3 una contundente advertencia sobre la situaci\u00f3n econ\u00f3mica del pa\u00eds: las arcas de la Naci\u00f3n est\u00e1n quedando vac\u00edas. Durante su intervenci\u00f3n, llam\u00f3 a los gobernadores y parlamentarios a formar una coalici\u00f3n pol\u00edtica que defienda los recursos territoriales y contribuya a superar la crisis presupuestal que enfrenta el Gobierno.<\/p><p>Petro atribuy\u00f3 la crisis a varias causas estructurales y coyunturales, entre ellas el sobreendeudamiento derivado de la pandemia del COVID-19, las decisiones de no ajustar oportunamente los precios de los combustibles f\u00f3siles y la ca\u00edda de la reforma tributaria por decisi\u00f3n de la Corte Constitucional. \u201cEl endeudamiento excesivo y la falta de medidas fiscales responsables durante a\u00f1os pasados han generado una deuda que ahora enfrentamos\u201d, declar\u00f3, justificando el reciente incremento en los precios de la gasolina y el di\u00e9sel como una medida correctiva.<\/p><p>Cr\u00edticas al Congreso y a la Corte Constitucional<\/p><p>El mandatario fue enf\u00e1tico al criticar al Congreso por bloquear la ley de financiamiento que propuso su Gobierno, argumentando que las trabas impuestas ponen en riesgo la estabilidad econ\u00f3mica del pa\u00eds. Asimismo, cuestion\u00f3 la decisi\u00f3n de la Corte Constitucional de tumbar la reforma tributaria, asegurando que dicha acci\u00f3n \u201cha puesto al pa\u00eds en peligro\u201d al privarlo de recursos clave.<\/p><p>Petro no ahorr\u00f3 cr\u00edticas hacia el presidente del Congreso, afirmando que su postura favorece intereses privados, como las multinacionales del carb\u00f3n y sectores econ\u00f3micamente poderosos, en detrimento de las necesidades presupuestales del Estado.<\/p><figure class=\"wp-block-image size-large\"><img loading=\"lazy\" decoding=\"async\" width=\"1024\" height=\"576\" src=\"https:\/\/colombiaopina.com.co\/wp-content\/uploads\/2024\/12\/2petro-1024x576.jpg\" alt=\"\" class=\"wp-image-11523\" srcset=\"https:\/\/colombiaopina.com.co\/wp-content\/uploads\/2024\/12\/2petro-1024x576.jpg 1024w, https:\/\/colombiaopina.com.co\/wp-content\/uploads\/2024\/12\/2petro-300x169.jpg 300w, https:\/\/colombiaopina.com.co\/wp-content\/uploads\/2024\/12\/2petro-768x432.jpg 768w, https:\/\/colombiaopina.com.co\/wp-content\/uploads\/2024\/12\/2petro-150x84.jpg 150w, https:\/\/colombiaopina.com.co\/wp-content\/uploads\/2024\/12\/2petro-696x392.jpg 696w, https:\/\/colombiaopina.com.co\/wp-content\/uploads\/2024\/12\/2petro-1068x601.jpg 1068w, https:\/\/colombiaopina.com.co\/wp-content\/uploads\/2024\/12\/2petro-600x338.jpg 600w, https:\/\/colombiaopina.com.co\/wp-content\/uploads\/2024\/12\/2petro.jpg 1280w\" sizes=\"(max-width: 1024px) 100vw, 1024px\" \/><\/figure><p>Llamado al Banco de la Rep\u00fablica y un mensaje de esperanza<\/p><p>El jefe de Estado inst\u00f3 nuevamente al Banco de la Rep\u00fablica a reducir las tasas de inter\u00e9s, subrayando la necesidad de una pol\u00edtica monetaria que no est\u00e9 influenciada por presiones pol\u00edticas pero que sea sensible a la coyuntura econ\u00f3mica del pa\u00eds. \u201cEs hora de actuar de manera racional para facilitar la recuperaci\u00f3n\u201d, se\u00f1al\u00f3.<\/p><p>A pesar del sombr\u00edo panorama, Petro transmiti\u00f3 un mensaje optimista al resaltar los esfuerzos de su Gobierno por diversificar la econom\u00eda, alej\u00e1ndose de la dependencia de los combustibles f\u00f3siles y enfoc\u00e1ndose en sectores como la agricultura. \u201cEstamos enfrentando los problemas poco a poco, construyendo un modelo econ\u00f3mico m\u00e1s sostenible y equitativo\u201d, concluy\u00f3.<\/p><p>La advertencia del presidente marca un punto cr\u00edtico en el debate econ\u00f3mico nacional, en el que se requerir\u00e1 el respaldo pol\u00edtico y la implementaci\u00f3n de medidas fiscales urgentes para evitar que la crisis se profundice.<\/p>","protected":false},"excerpt":{"rendered":"<p>El presidente Gustavo Petro, desde Guain\u00eda, lanz\u00f3 una contundente advertencia sobre la situaci\u00f3n econ\u00f3mica del pa\u00eds: las arcas de la Naci\u00f3n est\u00e1n quedando vac\u00edas. Durante su intervenci\u00f3n, llam\u00f3 a los gobernadores y parlamentarios a formar una coalici\u00f3n pol\u00edtica que defienda los recursos territoriales y contribuya a superar la crisis presupuestal que enfrenta el Gobierno. Petro [&hellip;]<\/p>\n","protected":false},"author":4,"featured_media":11522,"comment_status":"open","ping_status":"open","sticky":false,"template":"","format":"standard","meta":{"tdm_status":"","tdm_grid_status":"","_jetpack_memberships_contains_paid_content":false,"footnotes":""},"categories":[39,2907,103],"tags":[93,2911,2784,135],"class_list":{"0":"post-11521","1":"post","2":"type-post","3":"status-publish","4":"format-standard","5":"has-post-thumbnail","7":"category-colombia","8":"category-crisis-financiera","9":"category-petro","10":"tag-colombia","11":"tag-crisis-financiera","12":"tag-gobierno-nacional","13":"tag-petro"},"jetpack_sharing_enabled":true,"jetpack_featured_media_url":"https:\/\/colombiaopina.com.co\/wp-content\/uploads\/2024\/12\/1petro.jpg","amp_enabled":true,"_links":{"self":[{"href":"https:\/\/colombiaopina.com.co\/index.php\/wp-json\/wp\/v2\/posts\/11521"}],"collection":[{"href":"https:\/\/colombiaopina.com.co\/index.php\/wp-json\/wp\/v2\/posts"}],"about":[{"href":"https:\/\/colombiaopina.com.co\/index.php\/wp-json\/wp\/v2\/types\/post"}],"author":[{"embeddable":true,"href":"https:\/\/colombiaopina.com.co\/index.php\/wp-json\/wp\/v2\/users\/4"}],"replies":[{"embeddable":true,"href":"https:\/\/colombiaopina.com.co\/index.php\/wp-json\/wp\/v2\/comments?post=11521"}],"version-history":[{"count":1,"href":"https:\/\/colombiaopina.com.co\/index.php\/wp-json\/wp\/v2\/posts\/11521\/revisions"}],"predecessor-version":[{"id":11524,"href":"https:\/\/colombiaopina.com.co\/index.php\/wp-json\/wp\/v2\/posts\/11521\/revisions\/11524"}],"wp:featuredmedia":[{"embeddable":true,"href":"https:\/\/colombiaopina.com.co\/index.php\/wp-json\/wp\/v2\/media\/11522"}],"wp:attachment":[{"href":"https:\/\/colombiaopina.com.co\/index.php\/wp-json\/wp\/v2\/media?parent=11521"}],"wp:term":[{"taxonomy":"category","embeddable":true,"href":"https:\/\/colombiaopina.com.co\/index.php\/wp-json\/wp\/v2\/categories?post=11521"},{"taxonomy":"post_tag","embeddable":true,"href":"https:\/\/colombiaopina.com.co\/index.php\/wp-json\/wp\/v2\/tags?post=11521"}],"curies":[{"name":"wp","href":"https:\/\/api.w.org\/{rel}","templated":true}]}}