{"id":11511,"date":"2024-12-02T17:45:22","date_gmt":"2024-12-02T22:45:22","guid":{"rendered":"https:\/\/colombiaopina.com.co\/?p=11511"},"modified":"2024-12-02T17:45:22","modified_gmt":"2024-12-02T22:45:22","slug":"inicio-de-la-navidad-en-medellin-incautan-782-kilos-de-polvora-y-reportan-mas-de-3-000-llamadas-por-rinas","status":"publish","type":"post","link":"https:\/\/colombiaopina.com.co\/index.php\/2024\/12\/02\/inicio-de-la-navidad-en-medellin-incautan-782-kilos-de-polvora-y-reportan-mas-de-3-000-llamadas-por-rinas\/","title":{"rendered":"Inicio de la Navidad en Medell\u00edn: incautan 782 kilos de p\u00f3lvora y reportan m\u00e1s de 3.000 llamadas por ri\u00f1as"},"content":{"rendered":"<p>El inicio de la temporada navide\u00f1a en Medell\u00edn dej\u00f3 un panorama mixto de celebraci\u00f3n y alteraciones al orden p\u00fablico. Seg\u00fan inform\u00f3 la Secretar\u00eda de Seguridad, las autoridades incautaron 782 kilos de p\u00f3lvora, detuvieron a trece personas y registraron cinco casos de quemaduras por p\u00f3lvora, entre ellos tres menores de edad.<\/p><p>Orden p\u00fablico y operativos<\/p><p>Durante la noche de la Alborada, la l\u00ednea de emergencias 123 recibi\u00f3 3.083 llamadas. De estas, 249 correspondieron a ri\u00f1as y 553 a perturbaciones. Adem\u00e1s, seis personas resultaron lesionadas en episodios de intolerancia. Las autoridades tambi\u00e9n reportaron el decomiso de un arma de fuego, la inmovilizaci\u00f3n de 160 veh\u00edculos y la aplicaci\u00f3n de 374 comparendos, 294 de ellos relacionados con infracciones de tr\u00e1nsito.<\/p><div class=\"wp-block-image\"><figure class=\"aligncenter size-large\"><img loading=\"lazy\" decoding=\"async\" width=\"1024\" height=\"576\" src=\"https:\/\/colombiaopina.com.co\/wp-content\/uploads\/2024\/12\/2rinas-1-1024x576.png\" alt=\"\" class=\"wp-image-11514\" srcset=\"https:\/\/colombiaopina.com.co\/wp-content\/uploads\/2024\/12\/2rinas-1-1024x576.png 1024w, https:\/\/colombiaopina.com.co\/wp-content\/uploads\/2024\/12\/2rinas-1-300x169.png 300w, https:\/\/colombiaopina.com.co\/wp-content\/uploads\/2024\/12\/2rinas-1-768x432.png 768w, https:\/\/colombiaopina.com.co\/wp-content\/uploads\/2024\/12\/2rinas-1-150x84.png 150w, https:\/\/colombiaopina.com.co\/wp-content\/uploads\/2024\/12\/2rinas-1-696x392.png 696w, https:\/\/colombiaopina.com.co\/wp-content\/uploads\/2024\/12\/2rinas-1-1068x601.png 1068w, https:\/\/colombiaopina.com.co\/wp-content\/uploads\/2024\/12\/2rinas-1-600x338.png 600w, https:\/\/colombiaopina.com.co\/wp-content\/uploads\/2024\/12\/2rinas-1.png 1280w\" sizes=\"(max-width: 1024px) 100vw, 1024px\" \/><\/figure><\/div><p>Refuerzo de la seguridad<\/p><p>A pesar de contar con un despliegue de 1.200 polic\u00edas, operativos viales intensificados y monitoreo a\u00e9reo las 24 horas, los incidentes persistieron. Manuel Villa Mej\u00eda, secretario de Seguridad de Medell\u00edn, asegur\u00f3 que los controles se mantendr\u00e1n reforzados durante toda la temporada navide\u00f1a, con el objetivo de garantizar la seguridad en las festividades.<\/p><p>Lesionados por p\u00f3lvora<\/p><p>Las cinco personas quemadas con p\u00f3lvora en Medell\u00edn, que incluyen tres menores de edad, fueron atendidas de manera ambulatoria por lesiones de segundo y tercer grado en rostro y extremidades. Las autoridades reiteraron el llamado a la ciudadan\u00eda a evitar el uso de p\u00f3lvora y adoptar medidas de precauci\u00f3n para prevenir tragedias durante las celebraciones.<\/p><p>El compromiso de las autoridades ser\u00e1 clave para mantener el equilibrio entre la tradici\u00f3n decembrina y el orden p\u00fablico en la ciudad durante este mes festivo.<\/p>","protected":false},"excerpt":{"rendered":"<p>El inicio de la temporada navide\u00f1a en Medell\u00edn dej\u00f3 un panorama mixto de celebraci\u00f3n y alteraciones al orden p\u00fablico. Seg\u00fan inform\u00f3 la Secretar\u00eda de Seguridad, las autoridades incautaron 782 kilos de p\u00f3lvora, detuvieron a trece personas y registraron cinco casos de quemaduras por p\u00f3lvora, entre ellos tres menores de edad. Orden p\u00fablico y operativos Durante [&hellip;]<\/p>\n","protected":false},"author":4,"featured_media":11512,"comment_status":"open","ping_status":"open","sticky":false,"template":"","format":"standard","meta":{"tdm_status":"","tdm_grid_status":"","_jetpack_memberships_contains_paid_content":false,"footnotes":""},"categories":[54,49,3351],"tags":[62,127,3350,1423],"class_list":{"0":"post-11511","1":"post","2":"type-post","3":"status-publish","4":"format-standard","5":"has-post-thumbnail","7":"category-medellin","8":"category-orden-publico","9":"category-polvora","10":"tag-medellin","11":"tag-orden-publico","12":"tag-polvora","13":"tag-rina"},"jetpack_sharing_enabled":true,"jetpack_featured_media_url":"https:\/\/colombiaopina.com.co\/wp-content\/uploads\/2024\/12\/1rinas.jpg","amp_enabled":true,"_links":{"self":[{"href":"https:\/\/colombiaopina.com.co\/index.php\/wp-json\/wp\/v2\/posts\/11511"}],"collection":[{"href":"https:\/\/colombiaopina.com.co\/index.php\/wp-json\/wp\/v2\/posts"}],"about":[{"href":"https:\/\/colombiaopina.com.co\/index.php\/wp-json\/wp\/v2\/types\/post"}],"author":[{"embeddable":true,"href":"https:\/\/colombiaopina.com.co\/index.php\/wp-json\/wp\/v2\/users\/4"}],"replies":[{"embeddable":true,"href":"https:\/\/colombiaopina.com.co\/index.php\/wp-json\/wp\/v2\/comments?post=11511"}],"version-history":[{"count":1,"href":"https:\/\/colombiaopina.com.co\/index.php\/wp-json\/wp\/v2\/posts\/11511\/revisions"}],"predecessor-version":[{"id":11515,"href":"https:\/\/colombiaopina.com.co\/index.php\/wp-json\/wp\/v2\/posts\/11511\/revisions\/11515"}],"wp:featuredmedia":[{"embeddable":true,"href":"https:\/\/colombiaopina.com.co\/index.php\/wp-json\/wp\/v2\/media\/11512"}],"wp:attachment":[{"href":"https:\/\/colombiaopina.com.co\/index.php\/wp-json\/wp\/v2\/media?parent=11511"}],"wp:term":[{"taxonomy":"category","embeddable":true,"href":"https:\/\/colombiaopina.com.co\/index.php\/wp-json\/wp\/v2\/categories?post=11511"},{"taxonomy":"post_tag","embeddable":true,"href":"https:\/\/colombiaopina.com.co\/index.php\/wp-json\/wp\/v2\/tags?post=11511"}],"curies":[{"name":"wp","href":"https:\/\/api.w.org\/{rel}","templated":true}]}}