{"id":11487,"date":"2024-11-29T12:50:40","date_gmt":"2024-11-29T17:50:40","guid":{"rendered":"https:\/\/colombiaopina.com.co\/?p=11487"},"modified":"2024-11-29T12:50:41","modified_gmt":"2024-11-29T17:50:41","slug":"ministerio-tic-respalda-proyecto-de-ley-para-prohibir-uso-de-redes-sociales-por-menores-de-14-anos-en-colombia","status":"publish","type":"post","link":"https:\/\/colombiaopina.com.co\/index.php\/2024\/11\/29\/ministerio-tic-respalda-proyecto-de-ley-para-prohibir-uso-de-redes-sociales-por-menores-de-14-anos-en-colombia\/","title":{"rendered":"Ministerio TIC respalda proyecto de ley para prohibir uso de redes sociales por menores de 14 a\u00f1os en Colombia"},"content":{"rendered":"<p>El Ministerio de Tecnolog\u00edas de la Informaci\u00f3n y las Comunicaciones (MinTIC), liderado por Mauricio Lizcano, expres\u00f3 su apoyo al proyecto de ley que busca prohibir el acceso a redes sociales a menores de 14 a\u00f1os en Colombia. La iniciativa, presentada por los senadores Enrique Cabrales y Mar\u00eda Fernanda Cabal, busca proteger la salud mental, f\u00edsica y emocional de los ni\u00f1os frente a los riesgos asociados al uso de estas plataformas.<\/p><p>Lizcano destac\u00f3 que, aunque la tecnolog\u00eda puede ser una herramienta \u00fatil para la formaci\u00f3n y el entretenimiento, es indispensable que su uso est\u00e9 regulado y supervisado por los padres. \u201cNuestro principal compromiso es proteger a los ni\u00f1os. Las redes sociales no solo traen problemas de adicci\u00f3n a la tecnolog\u00eda, sino m\u00faltiples riesgos a nuestras ni\u00f1as y ni\u00f1os\u201d, afirm\u00f3 el ministro.<\/p><div class=\"wp-block-image\"><figure class=\"aligncenter size-full\"><img loading=\"lazy\" decoding=\"async\" width=\"652\" height=\"366\" src=\"https:\/\/colombiaopina.com.co\/wp-content\/uploads\/2024\/11\/2mintic-1.jpeg\" alt=\"\" class=\"wp-image-11490\" srcset=\"https:\/\/colombiaopina.com.co\/wp-content\/uploads\/2024\/11\/2mintic-1.jpeg 652w, https:\/\/colombiaopina.com.co\/wp-content\/uploads\/2024\/11\/2mintic-1-300x168.jpeg 300w, https:\/\/colombiaopina.com.co\/wp-content\/uploads\/2024\/11\/2mintic-1-150x84.jpeg 150w, https:\/\/colombiaopina.com.co\/wp-content\/uploads\/2024\/11\/2mintic-1-600x337.jpeg 600w\" sizes=\"(max-width: 652px) 100vw, 652px\" \/><\/figure><\/div><p>Medidas planteadas por el proyecto<\/p><p>Entre los puntos principales del proyecto de ley se encuentra la obligaci\u00f3n de las plataformas digitales de:<\/p><p>Implementar sistemas de verificaci\u00f3n para evitar que menores de 14 a\u00f1os se registren como usuarios.<br>Eliminar cuentas de menores de esa edad existentes al momento de la entrada en vigor de la ley.<br>Borrar permanentemente toda la informaci\u00f3n personal relacionada con dichas cuentas eliminadas.<br>Establecer un \u00abtoque de queda digital\u00bb que limite el uso de redes sociales para menores autorizados por sus tutores entre las 10:00 p.m. y las 6:00 a.m.<br>El MinTIC ser\u00e1 el encargado de supervisar el cumplimiento de estas disposiciones, cuya violaci\u00f3n implicar\u00e1 multas de entre 5.000 y 50.000 salarios m\u00ednimos legales mensuales vigentes para las plataformas digitales.<\/p><figure class=\"wp-block-image size-full\"><img loading=\"lazy\" decoding=\"async\" width=\"945\" height=\"630\" src=\"https:\/\/colombiaopina.com.co\/wp-content\/uploads\/2024\/11\/3mintic.jpeg\" alt=\"\" class=\"wp-image-11491\" srcset=\"https:\/\/colombiaopina.com.co\/wp-content\/uploads\/2024\/11\/3mintic.jpeg 945w, https:\/\/colombiaopina.com.co\/wp-content\/uploads\/2024\/11\/3mintic-300x200.jpeg 300w, https:\/\/colombiaopina.com.co\/wp-content\/uploads\/2024\/11\/3mintic-768x512.jpeg 768w, https:\/\/colombiaopina.com.co\/wp-content\/uploads\/2024\/11\/3mintic-150x100.jpeg 150w, https:\/\/colombiaopina.com.co\/wp-content\/uploads\/2024\/11\/3mintic-696x464.jpeg 696w, https:\/\/colombiaopina.com.co\/wp-content\/uploads\/2024\/11\/3mintic-600x400.jpeg 600w\" sizes=\"(max-width: 945px) 100vw, 945px\" \/><\/figure><p>Reacciones y pr\u00f3ximo tr\u00e1mite<\/p><p>El proyecto ya super\u00f3 su primer debate en la Comisi\u00f3n VI del Senado. Aunque ha recibido el respaldo del MinTIC, algunos expertos consideran dif\u00edcil su implementaci\u00f3n, citando retos t\u00e9cnicos y dudas sobre la viabilidad de los m\u00e9todos de verificaci\u00f3n de edad.<\/p><p>De aprobarse en los siguientes debates legislativos y obtener la sanci\u00f3n presidencial, esta ley establecer\u00eda un precedente a nivel regional y se convertir\u00eda en una de las normativas m\u00e1s estrictas sobre el acceso de menores a redes sociales en Am\u00e9rica Latina.<\/p><p>La propuesta refleja la creciente preocupaci\u00f3n por el impacto de las redes sociales en los menores, incluyendo su influencia en la salud mental y el aumento de riesgos como el ciberacoso y la exposici\u00f3n a contenidos inapropiados. Sin embargo, tambi\u00e9n plantea un debate sobre la corresponsabilidad entre el Estado, los padres y las empresas tecnol\u00f3gicas para garantizar un entorno seguro en la era digital. Si bien la regulaci\u00f3n puede ser una herramienta valiosa, su \u00e9xito depender\u00e1 de un enfoque equilibrado y de la colaboraci\u00f3n efectiva entre los sectores involucrados.<\/p>","protected":false},"excerpt":{"rendered":"<p>El Ministerio de Tecnolog\u00edas de la Informaci\u00f3n y las Comunicaciones (MinTIC), liderado por Mauricio Lizcano, expres\u00f3 su apoyo al proyecto de ley que busca prohibir el acceso a redes sociales a menores de 14 a\u00f1os en Colombia. La iniciativa, presentada por los senadores Enrique Cabrales y Mar\u00eda Fernanda Cabal, busca proteger la salud mental, f\u00edsica [&hellip;]<\/p>\n","protected":false},"author":4,"featured_media":11488,"comment_status":"open","ping_status":"open","sticky":false,"template":"","format":"standard","meta":{"tdm_status":"","tdm_grid_status":"","_jetpack_memberships_contains_paid_content":false,"footnotes":""},"categories":[39,2807,3438],"tags":[93,3437,1292,3436,2808],"class_list":{"0":"post-11487","1":"post","2":"type-post","3":"status-publish","4":"format-standard","5":"has-post-thumbnail","7":"category-colombia","8":"category-mintic","9":"category-proyecto-de-ley","10":"tag-colombia","11":"tag-enrique-cabrales","12":"tag-maria-fernanda-cabal","13":"tag-mauricio-lizcano","14":"tag-mintic"},"jetpack_sharing_enabled":true,"jetpack_featured_media_url":"https:\/\/colombiaopina.com.co\/wp-content\/uploads\/2024\/11\/1mintic.jpeg","amp_enabled":true,"_links":{"self":[{"href":"https:\/\/colombiaopina.com.co\/index.php\/wp-json\/wp\/v2\/posts\/11487"}],"collection":[{"href":"https:\/\/colombiaopina.com.co\/index.php\/wp-json\/wp\/v2\/posts"}],"about":[{"href":"https:\/\/colombiaopina.com.co\/index.php\/wp-json\/wp\/v2\/types\/post"}],"author":[{"embeddable":true,"href":"https:\/\/colombiaopina.com.co\/index.php\/wp-json\/wp\/v2\/users\/4"}],"replies":[{"embeddable":true,"href":"https:\/\/colombiaopina.com.co\/index.php\/wp-json\/wp\/v2\/comments?post=11487"}],"version-history":[{"count":1,"href":"https:\/\/colombiaopina.com.co\/index.php\/wp-json\/wp\/v2\/posts\/11487\/revisions"}],"predecessor-version":[{"id":11492,"href":"https:\/\/colombiaopina.com.co\/index.php\/wp-json\/wp\/v2\/posts\/11487\/revisions\/11492"}],"wp:featuredmedia":[{"embeddable":true,"href":"https:\/\/colombiaopina.com.co\/index.php\/wp-json\/wp\/v2\/media\/11488"}],"wp:attachment":[{"href":"https:\/\/colombiaopina.com.co\/index.php\/wp-json\/wp\/v2\/media?parent=11487"}],"wp:term":[{"taxonomy":"category","embeddable":true,"href":"https:\/\/colombiaopina.com.co\/index.php\/wp-json\/wp\/v2\/categories?post=11487"},{"taxonomy":"post_tag","embeddable":true,"href":"https:\/\/colombiaopina.com.co\/index.php\/wp-json\/wp\/v2\/tags?post=11487"}],"curies":[{"name":"wp","href":"https:\/\/api.w.org\/{rel}","templated":true}]}}