{"id":11307,"date":"2024-11-22T11:30:12","date_gmt":"2024-11-22T16:30:12","guid":{"rendered":"https:\/\/colombiaopina.com.co\/?p=11307"},"modified":"2024-11-22T14:48:53","modified_gmt":"2024-11-22T19:48:53","slug":"crisis-en-el-icetex-pone-en-vilo-la-educacion-de-mas-de-200-000-estudiantes-quien-asumira-la-responsabilidad","status":"publish","type":"post","link":"https:\/\/colombiaopina.com.co\/index.php\/2024\/11\/22\/crisis-en-el-icetex-pone-en-vilo-la-educacion-de-mas-de-200-000-estudiantes-quien-asumira-la-responsabilidad\/","title":{"rendered":"Crisis en el Icetex pone en vilo la educaci\u00f3n de m\u00e1s de 200.000 estudiantes: \u00bfqui\u00e9n asumir\u00e1 la responsabilidad?"},"content":{"rendered":"<p>La situaci\u00f3n del Icetex, entidad clave para el acceso a la educaci\u00f3n superior en Colombia, se encuentra en una de sus peores crisis financieras. La falta de giros por $420.000 millones correspondientes al segundo semestre de 2024 y la ausencia de recursos para abrir la convocatoria de cr\u00e9ditos en 2025 podr\u00edan dejar a m\u00e1s de 210.000 estudiantes sin posibilidades de continuar sus estudios. Las tensiones entre los ministerios de Hacienda y Educaci\u00f3n han agravado un panorama que afecta principalmente a j\u00f3venes de escasos recursos y comunidades vulnerables.<\/p><p>Para el pr\u00f3ximo semestre, el Icetex requer\u00eda un bill\u00f3n de pesos destinados a subsidios y l\u00edneas de cr\u00e9dito para poblaciones con protecci\u00f3n constitucional, como minor\u00edas \u00e9tnicas y estudiantes en condiciones de vulnerabilidad. Sin embargo, solo se asignaron $480.000 millones, dejando un d\u00e9ficit que compromete la continuidad de miles de estudiantes. Adem\u00e1s, unos 30.000 nuevos cupos para cr\u00e9ditos educativos est\u00e1n en riesgo, seg\u00fan la entidad.<\/p><p>El problema no solo radica en la falta de presupuesto para el pr\u00f3ximo a\u00f1o. Universidades han alertado que el Icetex no ha girado los recursos correspondientes al semestre actual, afectando a otros 200.000 estudiantes que dependen de estos cr\u00e9ditos para continuar su formaci\u00f3n. Esta situaci\u00f3n ha generado incertidumbre en universidades p\u00fablicas y privadas, pero el impacto recae directamente en los j\u00f3venes, muchos de ellos sin otras alternativas para acceder a la educaci\u00f3n superior.<\/p><p>El ministro de Educaci\u00f3n, Daniel Rojas, y el ministro de Hacienda, Ricardo Bonilla, han intercambiado acusaciones sobre qui\u00e9n tiene la responsabilidad de la crisis. Mientras Rojas asegura que el Icetex est\u00e1 adscrito a Hacienda y no pertenece plenamente a su cartera, Bonilla afirma que es Educaci\u00f3n quien administra los recursos asignados. Esta disputa deja a los estudiantes y sus familias en el limbo, sin soluciones concretas en el horizonte.<\/p><figure class=\"wp-block-image size-large\"><img loading=\"lazy\" decoding=\"async\" width=\"1024\" height=\"768\" src=\"https:\/\/colombiaopina.com.co\/wp-content\/uploads\/2024\/11\/2icetex-1024x768.jpeg\" alt=\"\" class=\"wp-image-11309\" srcset=\"https:\/\/colombiaopina.com.co\/wp-content\/uploads\/2024\/11\/2icetex-1024x768.jpeg 1024w, https:\/\/colombiaopina.com.co\/wp-content\/uploads\/2024\/11\/2icetex-300x225.jpeg 300w, https:\/\/colombiaopina.com.co\/wp-content\/uploads\/2024\/11\/2icetex-768x576.jpeg 768w, https:\/\/colombiaopina.com.co\/wp-content\/uploads\/2024\/11\/2icetex-150x113.jpeg 150w, https:\/\/colombiaopina.com.co\/wp-content\/uploads\/2024\/11\/2icetex-696x522.jpeg 696w, https:\/\/colombiaopina.com.co\/wp-content\/uploads\/2024\/11\/2icetex-1068x801.jpeg 1068w, https:\/\/colombiaopina.com.co\/wp-content\/uploads\/2024\/11\/2icetex-265x198.jpeg 265w, https:\/\/colombiaopina.com.co\/wp-content\/uploads\/2024\/11\/2icetex-600x450.jpeg 600w, https:\/\/colombiaopina.com.co\/wp-content\/uploads\/2024\/11\/2icetex.jpeg 1200w\" sizes=\"(max-width: 1024px) 100vw, 1024px\" \/><\/figure><p><br>La crisis del Icetex no solo refleja la falta de planificaci\u00f3n presupuestaria del Gobierno, sino tambi\u00e9n una desconexi\u00f3n con las necesidades de los estudiantes m\u00e1s vulnerables. La ausencia de giros y la reducci\u00f3n de los recursos destinados al Icetex afectan directamente el derecho a la educaci\u00f3n de miles de j\u00f3venes. Esta situaci\u00f3n pone en duda la efectividad de la gratuidad en las universidades p\u00fablicas, si al mismo tiempo se elimina el acceso a cr\u00e9ditos para quienes no logran un cupo o necesitan cursar programas ofrecidos en instituciones privadas.<\/p><p>Si no se toman medidas urgentes para garantizar el financiamiento del Icetex, el pa\u00eds podr\u00eda enfrentar una crisis educativa de grandes proporciones, comprometiendo no solo el futuro de los estudiantes, sino tambi\u00e9n el desarrollo econ\u00f3mico y social de Colombia.<\/p>","protected":false},"excerpt":{"rendered":"<p>La situaci\u00f3n del Icetex, entidad clave para el acceso a la educaci\u00f3n superior en Colombia, se encuentra en una de sus peores crisis financieras. La falta de giros por $420.000 millones correspondientes al segundo semestre de 2024 y la ausencia de recursos para abrir la convocatoria de cr\u00e9ditos en 2025 podr\u00edan dejar a m\u00e1s de [&hellip;]<\/p>\n","protected":false},"author":4,"featured_media":11308,"comment_status":"open","ping_status":"open","sticky":false,"template":"","format":"standard","meta":{"tdm_status":"","tdm_grid_status":"","_jetpack_memberships_contains_paid_content":false,"footnotes":""},"categories":[42,3279,3223],"tags":[56,392,3224,3382],"class_list":{"0":"post-11307","1":"post","2":"type-post","3":"status-publish","4":"format-standard","5":"has-post-thumbnail","7":"category-educacion","8":"category-minhacienda","9":"category-ministerio-de-educacion","10":"tag-educacion","11":"tag-icetex","12":"tag-ministerio-de-educacion","13":"tag-ministerio-de-hacienda"},"jetpack_sharing_enabled":true,"jetpack_featured_media_url":"https:\/\/colombiaopina.com.co\/wp-content\/uploads\/2024\/11\/1icetex.jpeg","amp_enabled":true,"_links":{"self":[{"href":"https:\/\/colombiaopina.com.co\/index.php\/wp-json\/wp\/v2\/posts\/11307"}],"collection":[{"href":"https:\/\/colombiaopina.com.co\/index.php\/wp-json\/wp\/v2\/posts"}],"about":[{"href":"https:\/\/colombiaopina.com.co\/index.php\/wp-json\/wp\/v2\/types\/post"}],"author":[{"embeddable":true,"href":"https:\/\/colombiaopina.com.co\/index.php\/wp-json\/wp\/v2\/users\/4"}],"replies":[{"embeddable":true,"href":"https:\/\/colombiaopina.com.co\/index.php\/wp-json\/wp\/v2\/comments?post=11307"}],"version-history":[{"count":1,"href":"https:\/\/colombiaopina.com.co\/index.php\/wp-json\/wp\/v2\/posts\/11307\/revisions"}],"predecessor-version":[{"id":11310,"href":"https:\/\/colombiaopina.com.co\/index.php\/wp-json\/wp\/v2\/posts\/11307\/revisions\/11310"}],"wp:featuredmedia":[{"embeddable":true,"href":"https:\/\/colombiaopina.com.co\/index.php\/wp-json\/wp\/v2\/media\/11308"}],"wp:attachment":[{"href":"https:\/\/colombiaopina.com.co\/index.php\/wp-json\/wp\/v2\/media?parent=11307"}],"wp:term":[{"taxonomy":"category","embeddable":true,"href":"https:\/\/colombiaopina.com.co\/index.php\/wp-json\/wp\/v2\/categories?post=11307"},{"taxonomy":"post_tag","embeddable":true,"href":"https:\/\/colombiaopina.com.co\/index.php\/wp-json\/wp\/v2\/tags?post=11307"}],"curies":[{"name":"wp","href":"https:\/\/api.w.org\/{rel}","templated":true}]}}