{"id":11299,"date":"2024-11-22T11:22:44","date_gmt":"2024-11-22T16:22:44","guid":{"rendered":"https:\/\/colombiaopina.com.co\/?p=11299"},"modified":"2024-11-22T11:22:45","modified_gmt":"2024-11-22T16:22:45","slug":"canal-del-dique-declarado-victima-del-conflicto-armado-el-horror-oculto-en-un-cementerio-acuatico","status":"publish","type":"post","link":"https:\/\/colombiaopina.com.co\/index.php\/2024\/11\/22\/canal-del-dique-declarado-victima-del-conflicto-armado-el-horror-oculto-en-un-cementerio-acuatico\/","title":{"rendered":"Canal del Dique, declarado v\u00edctima del conflicto armado: el horror oculto en un cementerio acu\u00e1tico"},"content":{"rendered":"<p>En una decisi\u00f3n sin precedentes, la Jurisdicci\u00f3n Especial para la Paz (JEP) reconoci\u00f3 al Canal del Dique como v\u00edctima del conflicto armado en Colombia. Seg\u00fan el tribunal, esta regi\u00f3n fue escenario de cr\u00edmenes atroces perpetrados durante a\u00f1os de violencia, donde se utiliz\u00f3 el canal como un \u00abcementerio acu\u00e1tico\u00bb para arrojar los cuerpos de personas asesinadas en el marco del Subcaso Montes de Mar\u00eda. Esta declaraci\u00f3n le permite al Canal del Dique participar en los procesos judiciales de b\u00fasqueda de verdad, reparaci\u00f3n y garant\u00edas de no repetici\u00f3n.<\/p><p>El Canal del Dique, una infraestructura h\u00eddrica de 113 kil\u00f3metros que conecta municipios de Atl\u00e1ntico, Bol\u00edvar y Sucre, fue controlado estrat\u00e9gicamente por las Autodefensas Unidas de Colombia (AUC) y otros grupos armados desde los a\u00f1os noventa. La JEP document\u00f3 c\u00f3mo las acciones violentas, que incluyeron homicidios, desapariciones forzadas y violencias sexuales, no solo impactaron a las comunidades afrodescendientes, ind\u00edgenas y campesinas que habitan la regi\u00f3n, sino tambi\u00e9n al entorno ecol\u00f3gico y cultural.<\/p><p>La degradaci\u00f3n ambiental se ha reflejado en la contaminaci\u00f3n de fuentes h\u00eddricas y la destrucci\u00f3n de ecosistemas. Adem\u00e1s, la declaraci\u00f3n resalt\u00f3 c\u00f3mo los significados espirituales y culturales del territorio fueron alterados, afectando la identidad y la relaci\u00f3n hist\u00f3rica de las comunidades con su entorno. Representantes de la Ruta del Cimarronaje, que agrupa a m\u00e1s de 200 colectivos \u00e9tnicos del Caribe colombiano, han se\u00f1alado que el territorio no es solo un espacio f\u00edsico, sino una extensi\u00f3n vital de sus comunidades.<\/p><figure class=\"wp-block-image size-full\"><img loading=\"lazy\" decoding=\"async\" width=\"920\" height=\"613\" src=\"https:\/\/colombiaopina.com.co\/wp-content\/uploads\/2024\/11\/2dique.jpg\" alt=\"\" class=\"wp-image-11301\" srcset=\"https:\/\/colombiaopina.com.co\/wp-content\/uploads\/2024\/11\/2dique.jpg 920w, https:\/\/colombiaopina.com.co\/wp-content\/uploads\/2024\/11\/2dique-300x200.jpg 300w, https:\/\/colombiaopina.com.co\/wp-content\/uploads\/2024\/11\/2dique-768x512.jpg 768w, https:\/\/colombiaopina.com.co\/wp-content\/uploads\/2024\/11\/2dique-150x100.jpg 150w, https:\/\/colombiaopina.com.co\/wp-content\/uploads\/2024\/11\/2dique-696x464.jpg 696w, https:\/\/colombiaopina.com.co\/wp-content\/uploads\/2024\/11\/2dique-600x400.jpg 600w\" sizes=\"(max-width: 920px) 100vw, 920px\" \/><\/figure><p>La JEP record\u00f3 que en 2021 ya hab\u00eda adoptado medidas cautelares para proteger posibles cuerpos de v\u00edctimas en la regi\u00f3n, en medio de la construcci\u00f3n de megaproyectos que podr\u00edan afectar los procesos de b\u00fasqueda de desaparecidos. Este fallo hist\u00f3rico tambi\u00e9n se bas\u00f3 en evidencia presentada por el Centro Nacional de Memoria Hist\u00f3rica y la Comisi\u00f3n de la Verdad, que documentaron el horror y los da\u00f1os acumulados en esta regi\u00f3n estrat\u00e9gica.<\/p><p>Esta decisi\u00f3n de la JEP marca un hito en la reparaci\u00f3n integral de territorios que, como el Canal del Dique, fueron despojados no solo f\u00edsicamente, sino en su dimensi\u00f3n cultural y espiritual. Sin embargo, reconocer al territorio como v\u00edctima plantea interrogantes sobre c\u00f3mo implementar medidas de reparaci\u00f3n que trasciendan lo simb\u00f3lico para impactar realmente en la recuperaci\u00f3n ecol\u00f3gica, econ\u00f3mica y social de la regi\u00f3n. El reto radica en evitar que estas declaraciones hist\u00f3ricas queden en el papel y asegurar que las comunidades afectadas reciban justicia y garant\u00edas de no repetici\u00f3n.<\/p>","protected":false},"excerpt":{"rendered":"<p>En una decisi\u00f3n sin precedentes, la Jurisdicci\u00f3n Especial para la Paz (JEP) reconoci\u00f3 al Canal del Dique como v\u00edctima del conflicto armado en Colombia. Seg\u00fan el tribunal, esta regi\u00f3n fue escenario de cr\u00edmenes atroces perpetrados durante a\u00f1os de violencia, donde se utiliz\u00f3 el canal como un \u00abcementerio acu\u00e1tico\u00bb para arrojar los cuerpos de personas asesinadas [&hellip;]<\/p>\n","protected":false},"author":4,"featured_media":11300,"comment_status":"open","ping_status":"open","sticky":false,"template":"","format":"standard","meta":{"tdm_status":"","tdm_grid_status":"","_jetpack_memberships_contains_paid_content":false,"footnotes":""},"categories":[3379,2844,2707],"tags":[3378,93,869,1102,224],"class_list":{"0":"post-11299","1":"post","2":"type-post","3":"status-publish","4":"format-standard","5":"has-post-thumbnail","7":"category-conflicto-armado","8":"category-jep","9":"category-paz","10":"tag-canal-del-dique","11":"tag-colombia","12":"tag-conflicto-armado","13":"tag-jep","14":"tag-paz"},"jetpack_sharing_enabled":true,"jetpack_featured_media_url":"https:\/\/colombiaopina.com.co\/wp-content\/uploads\/2024\/11\/1dique.jpg","amp_enabled":true,"_links":{"self":[{"href":"https:\/\/colombiaopina.com.co\/index.php\/wp-json\/wp\/v2\/posts\/11299"}],"collection":[{"href":"https:\/\/colombiaopina.com.co\/index.php\/wp-json\/wp\/v2\/posts"}],"about":[{"href":"https:\/\/colombiaopina.com.co\/index.php\/wp-json\/wp\/v2\/types\/post"}],"author":[{"embeddable":true,"href":"https:\/\/colombiaopina.com.co\/index.php\/wp-json\/wp\/v2\/users\/4"}],"replies":[{"embeddable":true,"href":"https:\/\/colombiaopina.com.co\/index.php\/wp-json\/wp\/v2\/comments?post=11299"}],"version-history":[{"count":1,"href":"https:\/\/colombiaopina.com.co\/index.php\/wp-json\/wp\/v2\/posts\/11299\/revisions"}],"predecessor-version":[{"id":11302,"href":"https:\/\/colombiaopina.com.co\/index.php\/wp-json\/wp\/v2\/posts\/11299\/revisions\/11302"}],"wp:featuredmedia":[{"embeddable":true,"href":"https:\/\/colombiaopina.com.co\/index.php\/wp-json\/wp\/v2\/media\/11300"}],"wp:attachment":[{"href":"https:\/\/colombiaopina.com.co\/index.php\/wp-json\/wp\/v2\/media?parent=11299"}],"wp:term":[{"taxonomy":"category","embeddable":true,"href":"https:\/\/colombiaopina.com.co\/index.php\/wp-json\/wp\/v2\/categories?post=11299"},{"taxonomy":"post_tag","embeddable":true,"href":"https:\/\/colombiaopina.com.co\/index.php\/wp-json\/wp\/v2\/tags?post=11299"}],"curies":[{"name":"wp","href":"https:\/\/api.w.org\/{rel}","templated":true}]}}