{"id":1129,"date":"2024-02-08T12:56:08","date_gmt":"2024-02-08T17:56:08","guid":{"rendered":"https:\/\/colombiaopina.com.co\/?p=1129"},"modified":"2024-02-08T13:08:18","modified_gmt":"2024-02-08T18:08:18","slug":"encuesta-opiniones-divididas-acerca-del-posible-seguimiento-a-la-permanencia-de-los-estudiantes-en-la-universidad-publica","status":"publish","type":"post","link":"https:\/\/colombiaopina.com.co\/index.php\/2024\/02\/08\/encuesta-opiniones-divididas-acerca-del-posible-seguimiento-a-la-permanencia-de-los-estudiantes-en-la-universidad-publica\/","title":{"rendered":"[Encuesta] Opiniones divididas acerca del posible seguimiento a la permanencia de los estudiantes en la universidad p\u00fablica"},"content":{"rendered":"<p>Una encuesta realizada por la empresa Pron\u00f3sticos en asocio con PyG Medios dio a conocer la percepci\u00f3n de estudiantes de universidades p\u00fablicas y privadas acerca del posible seguimiento a la permanencia de los estudiantes en las universidades p\u00fablicas.<\/p><figure class=\"wp-block-image size-full\"><img loading=\"lazy\" decoding=\"async\" width=\"960\" height=\"720\" src=\"https:\/\/colombiaopina.com.co\/wp-content\/uploads\/2024\/02\/Diapositiva3.jpg\" alt=\"\" class=\"wp-image-1132\" srcset=\"https:\/\/colombiaopina.com.co\/wp-content\/uploads\/2024\/02\/Diapositiva3.jpg 960w, https:\/\/colombiaopina.com.co\/wp-content\/uploads\/2024\/02\/Diapositiva3-300x225.jpg 300w, https:\/\/colombiaopina.com.co\/wp-content\/uploads\/2024\/02\/Diapositiva3-768x576.jpg 768w, https:\/\/colombiaopina.com.co\/wp-content\/uploads\/2024\/02\/Diapositiva3-150x113.jpg 150w, https:\/\/colombiaopina.com.co\/wp-content\/uploads\/2024\/02\/Diapositiva3-696x522.jpg 696w, https:\/\/colombiaopina.com.co\/wp-content\/uploads\/2024\/02\/Diapositiva3-265x198.jpg 265w, https:\/\/colombiaopina.com.co\/wp-content\/uploads\/2024\/02\/Diapositiva3-600x450.jpg 600w\" sizes=\"(max-width: 960px) 100vw, 960px\" \/><\/figure><p>La encuesta realizada a <strong>428 personas<\/strong> de Medell\u00edn y el \u00e1rea metropolitana indic\u00f3 que el <strong>30.9%<\/strong> de los estudiantes de universidades p\u00fablicas estar\u00eda <strong>de acuerdo<\/strong> con el control, el <strong>38.5%<\/strong> en <strong>desacuerdo<\/strong> y el <strong>30.6%<\/strong> no comparti\u00f3 ninguna de las dos posiciones.<\/p><p>En el caso de los estudiantes de universidades privadas, el <strong>40.7%<\/strong> afirm\u00f3 estar de acuerdo, el <strong>32.9%<\/strong> en desacuerdo, y el <strong>26.4<\/strong> no se identific\u00f3 con ninguna de las opciones.<\/p><figure class=\"wp-block-image size-full\"><img loading=\"lazy\" decoding=\"async\" width=\"960\" height=\"720\" src=\"https:\/\/colombiaopina.com.co\/wp-content\/uploads\/2024\/02\/Diapositiva6.jpg\" alt=\"\" class=\"wp-image-1130\" srcset=\"https:\/\/colombiaopina.com.co\/wp-content\/uploads\/2024\/02\/Diapositiva6.jpg 960w, https:\/\/colombiaopina.com.co\/wp-content\/uploads\/2024\/02\/Diapositiva6-300x225.jpg 300w, https:\/\/colombiaopina.com.co\/wp-content\/uploads\/2024\/02\/Diapositiva6-768x576.jpg 768w, https:\/\/colombiaopina.com.co\/wp-content\/uploads\/2024\/02\/Diapositiva6-150x113.jpg 150w, https:\/\/colombiaopina.com.co\/wp-content\/uploads\/2024\/02\/Diapositiva6-696x522.jpg 696w, https:\/\/colombiaopina.com.co\/wp-content\/uploads\/2024\/02\/Diapositiva6-265x198.jpg 265w, https:\/\/colombiaopina.com.co\/wp-content\/uploads\/2024\/02\/Diapositiva6-600x450.jpg 600w\" sizes=\"(max-width: 960px) 100vw, 960px\" \/><\/figure><p>Los resultados se dan justo en medio de la pol\u00e9mica generada por el gobernador de Antioquia, <strong>Andr\u00e9s Juli\u00e1n Rend\u00f3n<\/strong>, quien en d\u00edas pasado cuestion\u00f3 que algunos estudiantes de la Universidad de Antioquia llevar\u00e1n entre <strong>14 y 39 semestres matriculados<\/strong> en la instituci\u00f3n, lo cual abri\u00f3 el debate acerca de los motivos para esta situaci\u00f3n.<\/p><figure class=\"wp-block-embed is-type-rich is-provider-twitter wp-block-embed-twitter\"><div class=\"wp-block-embed__wrapper\">\n<blockquote class=\"twitter-tweet\" data-width=\"550\" data-dnt=\"true\"><p lang=\"es\" dir=\"ltr\">La Universidad de Antioquia: rigurosa en la academia y abierta en formaci\u00f3n, debate de las ideas y confluencia de saberes, debe cuidarse. <br>En Consejo Superior ped\u00ed explicaci\u00f3n por este listado. Personas que llevan muchos semestres y que, por alguna raz\u00f3n, nunca se grad\u00faan. Me\u2026 <a href=\"https:\/\/t.co\/8adxNVTm6D\">pic.twitter.com\/8adxNVTm6D<\/a><\/p>&mdash; Andr\u00e9s Juli\u00e1n (@AndresJRendonC) <a href=\"https:\/\/twitter.com\/AndresJRendonC\/status\/1752664074943406266?ref_src=twsrc%5Etfw\">January 31, 2024<\/a><\/blockquote><script async src=\"https:\/\/platform.twitter.com\/widgets.js\" charset=\"utf-8\"><\/script>\n<\/div><figcaption class=\"wp-element-caption\"><br><\/figcaption><\/figure><p>Esta es la ficha t\u00e9cnica de la encuesta:<\/p><figure class=\"wp-block-image size-full\"><img loading=\"lazy\" decoding=\"async\" width=\"960\" height=\"720\" src=\"https:\/\/colombiaopina.com.co\/wp-content\/uploads\/2024\/02\/Diapositiva2-1.jpg\" alt=\"\" class=\"wp-image-1144\" srcset=\"https:\/\/colombiaopina.com.co\/wp-content\/uploads\/2024\/02\/Diapositiva2-1.jpg 960w, https:\/\/colombiaopina.com.co\/wp-content\/uploads\/2024\/02\/Diapositiva2-1-300x225.jpg 300w, https:\/\/colombiaopina.com.co\/wp-content\/uploads\/2024\/02\/Diapositiva2-1-768x576.jpg 768w, https:\/\/colombiaopina.com.co\/wp-content\/uploads\/2024\/02\/Diapositiva2-1-150x113.jpg 150w, https:\/\/colombiaopina.com.co\/wp-content\/uploads\/2024\/02\/Diapositiva2-1-696x522.jpg 696w, https:\/\/colombiaopina.com.co\/wp-content\/uploads\/2024\/02\/Diapositiva2-1-265x198.jpg 265w, https:\/\/colombiaopina.com.co\/wp-content\/uploads\/2024\/02\/Diapositiva2-1-600x450.jpg 600w\" sizes=\"(max-width: 960px) 100vw, 960px\" \/><\/figure><p>Conozca aqu\u00ed la encuesta completa:<\/p><div data-wp-interactive=\"core\/file\" class=\"wp-block-file\"><object data-wp-bind--hidden=\"!state.hasPdfPreview\"  class=\"wp-block-file__embed\" data=\"https:\/\/colombiaopina.com.co\/wp-content\/uploads\/2024\/02\/PERMANENCIA-DE-LOS-ESTUDIANTES-EN-LAS-UNIVERSIDADES-1.pdf\" type=\"application\/pdf\" style=\"width:100%;height:600px\" aria-label=\"Incrustado de PERMANENCIA-DE-LOS-ESTUDIANTES-EN-LAS-UNIVERSIDADES-1.\"><\/object><a id=\"wp-block-file--media-ca80e683-0f12-40f0-bad4-36cceaac2a92\" href=\"https:\/\/colombiaopina.com.co\/wp-content\/uploads\/2024\/02\/PERMANENCIA-DE-LOS-ESTUDIANTES-EN-LAS-UNIVERSIDADES-1.pdf\">PERMANENCIA-DE-LOS-ESTUDIANTES-EN-LAS-UNIVERSIDADES-1<\/a><a href=\"https:\/\/colombiaopina.com.co\/wp-content\/uploads\/2024\/02\/PERMANENCIA-DE-LOS-ESTUDIANTES-EN-LAS-UNIVERSIDADES-1.pdf\" class=\"wp-block-file__button wp-element-button\" download aria-describedby=\"wp-block-file--media-ca80e683-0f12-40f0-bad4-36cceaac2a92\">Descarga<\/a><\/div>","protected":false},"excerpt":{"rendered":"<p>Una encuesta realizada por la empresa Pron\u00f3sticos en asocio con PyG Medios dio a conocer la percepci\u00f3n de estudiantes de universidades p\u00fablicas y privadas acerca del posible seguimiento a la permanencia de los estudiantes en las universidades p\u00fablicas. La encuesta realizada a 428 personas de Medell\u00edn y el \u00e1rea metropolitana indic\u00f3 que el 30.9% de [&hellip;]<\/p>\n","protected":false},"author":4,"featured_media":1136,"comment_status":"open","ping_status":"open","sticky":false,"template":"","format":"standard","meta":{"tdm_status":"","tdm_grid_status":"","_jetpack_memberships_contains_paid_content":false,"footnotes":""},"categories":[38,42],"tags":[205,203,204],"class_list":{"0":"post-1129","1":"post","2":"type-post","3":"status-publish","4":"format-standard","5":"has-post-thumbnail","7":"category-antioquia","8":"category-educacion","9":"tag-eduacion","10":"tag-encuesta","11":"tag-universidad-de-antioquia"},"jetpack_sharing_enabled":true,"jetpack_featured_media_url":"https:\/\/colombiaopina.com.co\/wp-content\/uploads\/2024\/02\/UdeA.png","amp_enabled":true,"_links":{"self":[{"href":"https:\/\/colombiaopina.com.co\/index.php\/wp-json\/wp\/v2\/posts\/1129"}],"collection":[{"href":"https:\/\/colombiaopina.com.co\/index.php\/wp-json\/wp\/v2\/posts"}],"about":[{"href":"https:\/\/colombiaopina.com.co\/index.php\/wp-json\/wp\/v2\/types\/post"}],"author":[{"embeddable":true,"href":"https:\/\/colombiaopina.com.co\/index.php\/wp-json\/wp\/v2\/users\/4"}],"replies":[{"embeddable":true,"href":"https:\/\/colombiaopina.com.co\/index.php\/wp-json\/wp\/v2\/comments?post=1129"}],"version-history":[{"count":4,"href":"https:\/\/colombiaopina.com.co\/index.php\/wp-json\/wp\/v2\/posts\/1129\/revisions"}],"predecessor-version":[{"id":1145,"href":"https:\/\/colombiaopina.com.co\/index.php\/wp-json\/wp\/v2\/posts\/1129\/revisions\/1145"}],"wp:featuredmedia":[{"embeddable":true,"href":"https:\/\/colombiaopina.com.co\/index.php\/wp-json\/wp\/v2\/media\/1136"}],"wp:attachment":[{"href":"https:\/\/colombiaopina.com.co\/index.php\/wp-json\/wp\/v2\/media?parent=1129"}],"wp:term":[{"taxonomy":"category","embeddable":true,"href":"https:\/\/colombiaopina.com.co\/index.php\/wp-json\/wp\/v2\/categories?post=1129"},{"taxonomy":"post_tag","embeddable":true,"href":"https:\/\/colombiaopina.com.co\/index.php\/wp-json\/wp\/v2\/tags?post=1129"}],"curies":[{"name":"wp","href":"https:\/\/api.w.org\/{rel}","templated":true}]}}