{"id":11232,"date":"2024-11-21T17:32:53","date_gmt":"2024-11-21T22:32:53","guid":{"rendered":"https:\/\/colombiaopina.com.co\/?p=11232"},"modified":"2024-11-21T17:32:55","modified_gmt":"2024-11-21T22:32:55","slug":"federico-gutierrez-critica-sancion-al-tecnico-de-nacional-y-pide-mesura-en-el-caso","status":"publish","type":"post","link":"https:\/\/colombiaopina.com.co\/index.php\/2024\/11\/21\/federico-gutierrez-critica-sancion-al-tecnico-de-nacional-y-pide-mesura-en-el-caso\/","title":{"rendered":"Federico Guti\u00e9rrez critica sanci\u00f3n al t\u00e9cnico de Nacional y pide mesura en el caso"},"content":{"rendered":"<p>El alcalde de Medell\u00edn, Federico Guti\u00e9rrez, expres\u00f3 su desacuerdo frente a la sanci\u00f3n preliminar que se plantea para Efra\u00edn Ju\u00e1rez, t\u00e9cnico de Atl\u00e9tico Nacional, tras los hechos ocurridos en el \u00faltimo cl\u00e1sico frente al Medell\u00edn. La medida, propuesta por una inspectora, incluye una prohibici\u00f3n de tres a\u00f1os para ingresar al estadio y ha sido calificada por Guti\u00e9rrez como \u00ababsurda y desproporcionada\u00bb.<\/p><p>Desde su cuenta en X, el mandatario se\u00f1al\u00f3 que la decisi\u00f3n parece carecer de balance. \u201cA la inspectora que toma esta equivocada decisi\u00f3n, solo le falt\u00f3 expulsarlo de la ciudad\u201d, coment\u00f3, reflejando su molestia. No obstante, hizo un llamado a la calma, recordando que el fallo no es definitivo y que a\u00fan queda pendiente la revisi\u00f3n en segunda instancia.<\/p><p>El caso surgi\u00f3 luego de que Ju\u00e1rez celebrara un gol en el cl\u00e1sico de una manera que fue interpretada como provocadora hacia la hinchada rival, lo que gener\u00f3 un reporte oficial y la medida disciplinaria inicial. Por su parte, Atl\u00e9tico Nacional ha manifestado su rechazo a la sanci\u00f3n y ha interpuesto una apelaci\u00f3n argumentando que se est\u00e1 vulnerando el derecho del entrenador a ejercer su labor y que la decisi\u00f3n afecta al desarrollo deportivo del equipo.<\/p><p>Guti\u00e9rrez insisti\u00f3 en que las autoridades y el f\u00fatbol deben manejar estos conflictos con mesura. \u201cSentido com\u00fan, por favor\u201d, puntualiz\u00f3, enfatizando la importancia de proteger la convivencia y el respeto mutuo en un deporte que es fundamental para la identidad cultural de Medell\u00edn. La apelaci\u00f3n sigue en curso, y la decisi\u00f3n final ser\u00e1 clave para definir el manejo de incidentes similares en el futuro del f\u00fatbol colombiano.<\/p>","protected":false},"excerpt":{"rendered":"<p>El alcalde de Medell\u00edn, Federico Guti\u00e9rrez, expres\u00f3 su desacuerdo frente a la sanci\u00f3n preliminar que se plantea para Efra\u00edn Ju\u00e1rez, t\u00e9cnico de Atl\u00e9tico Nacional, tras los hechos ocurridos en el \u00faltimo cl\u00e1sico frente al Medell\u00edn. La medida, propuesta por una inspectora, incluye una prohibici\u00f3n de tres a\u00f1os para ingresar al estadio y ha sido calificada [&hellip;]<\/p>\n","protected":false},"author":4,"featured_media":11233,"comment_status":"open","ping_status":"open","sticky":false,"template":"","format":"standard","meta":{"tdm_status":"","tdm_grid_status":"","_jetpack_memberships_contains_paid_content":false,"footnotes":""},"categories":[3240,47,147],"tags":[3242,74,3357,3107],"class_list":{"0":"post-11232","1":"post","2":"type-post","3":"status-publish","4":"format-standard","5":"has-post-thumbnail","7":"category-atletico-nacional","8":"category-deportes","9":"category-fico","10":"tag-atletico-nacional-2","11":"tag-deportes","12":"tag-efrain-juarez","13":"tag-federico-gutierrez"},"jetpack_sharing_enabled":true,"jetpack_featured_media_url":"https:\/\/colombiaopina.com.co\/wp-content\/uploads\/2024\/11\/1fico.jpeg","amp_enabled":true,"_links":{"self":[{"href":"https:\/\/colombiaopina.com.co\/index.php\/wp-json\/wp\/v2\/posts\/11232"}],"collection":[{"href":"https:\/\/colombiaopina.com.co\/index.php\/wp-json\/wp\/v2\/posts"}],"about":[{"href":"https:\/\/colombiaopina.com.co\/index.php\/wp-json\/wp\/v2\/types\/post"}],"author":[{"embeddable":true,"href":"https:\/\/colombiaopina.com.co\/index.php\/wp-json\/wp\/v2\/users\/4"}],"replies":[{"embeddable":true,"href":"https:\/\/colombiaopina.com.co\/index.php\/wp-json\/wp\/v2\/comments?post=11232"}],"version-history":[{"count":1,"href":"https:\/\/colombiaopina.com.co\/index.php\/wp-json\/wp\/v2\/posts\/11232\/revisions"}],"predecessor-version":[{"id":11234,"href":"https:\/\/colombiaopina.com.co\/index.php\/wp-json\/wp\/v2\/posts\/11232\/revisions\/11234"}],"wp:featuredmedia":[{"embeddable":true,"href":"https:\/\/colombiaopina.com.co\/index.php\/wp-json\/wp\/v2\/media\/11233"}],"wp:attachment":[{"href":"https:\/\/colombiaopina.com.co\/index.php\/wp-json\/wp\/v2\/media?parent=11232"}],"wp:term":[{"taxonomy":"category","embeddable":true,"href":"https:\/\/colombiaopina.com.co\/index.php\/wp-json\/wp\/v2\/categories?post=11232"},{"taxonomy":"post_tag","embeddable":true,"href":"https:\/\/colombiaopina.com.co\/index.php\/wp-json\/wp\/v2\/tags?post=11232"}],"curies":[{"name":"wp","href":"https:\/\/api.w.org\/{rel}","templated":true}]}}