{"id":11157,"date":"2024-11-19T12:24:26","date_gmt":"2024-11-19T17:24:26","guid":{"rendered":"https:\/\/colombiaopina.com.co\/?p=11157"},"modified":"2024-11-19T12:24:28","modified_gmt":"2024-11-19T17:24:28","slug":"olmedo-lopez-acepta-cargos-y-busca-reducir-condena-en-el-mayor-escandalo-de-corrupcion-del-gobierno-petro","status":"publish","type":"post","link":"https:\/\/colombiaopina.com.co\/index.php\/2024\/11\/19\/olmedo-lopez-acepta-cargos-y-busca-reducir-condena-en-el-mayor-escandalo-de-corrupcion-del-gobierno-petro\/","title":{"rendered":"Olmedo L\u00f3pez acepta cargos y busca reducir condena en el mayor esc\u00e1ndalo de corrupci\u00f3n del gobierno Petro"},"content":{"rendered":"<p>Olmedo L\u00f3pez, exdirector de la Unidad Nacional para la Gesti\u00f3n del Riesgo de Desastres (UNGRD), lleg\u00f3 a un preacuerdo con la Fiscal\u00eda en el marco del caso de corrupci\u00f3n m\u00e1s significativo del gobierno de Gustavo Petro. L\u00f3pez acept\u00f3 su responsabilidad en los delitos de peculado por apropiaci\u00f3n y concierto para delinquir, lo que podr\u00eda llevarlo a cumplir una pena de siete a\u00f1os de c\u00e1rcel, pendiente de aprobaci\u00f3n por parte de un juez. Este acuerdo se produce mientras busca un principio de oportunidad que le permita beneficios adicionales a cambio de informaci\u00f3n relevante sobre otros implicados.<\/p><p>El caso de la UNGRD, que involucra irregularidades en contratos por m\u00e1s de 92.000 millones de pesos, ha salpicado a altos funcionarios y exfuncionarios del gobierno, incluyendo ministros, asesores y parlamentarios. Entre los se\u00f1alados por L\u00f3pez y Sneyder Pinilla, exsubdirector de la UNGRD, se encuentran figuras como Sandra Ortiz, exconsejera presidencial para las regiones; Carlos Ram\u00f3n Gonz\u00e1lez, exdirector de la Direcci\u00f3n Nacional de Inteligencia; y Luis Fernando Velasco, exministro. Adem\u00e1s, la Fiscal\u00eda investiga a Ricardo Bonilla, actual ministro de Hacienda, y Jaime Ram\u00edrez Cobo, asesor presidencial.<\/p><figure class=\"wp-block-image size-large\"><img loading=\"lazy\" decoding=\"async\" width=\"1024\" height=\"576\" src=\"https:\/\/colombiaopina.com.co\/wp-content\/uploads\/2024\/11\/2olmedo-1024x576.jpg\" alt=\"\" class=\"wp-image-11159\" srcset=\"https:\/\/colombiaopina.com.co\/wp-content\/uploads\/2024\/11\/2olmedo-1024x576.jpg 1024w, https:\/\/colombiaopina.com.co\/wp-content\/uploads\/2024\/11\/2olmedo-300x169.jpg 300w, https:\/\/colombiaopina.com.co\/wp-content\/uploads\/2024\/11\/2olmedo-768x432.jpg 768w, https:\/\/colombiaopina.com.co\/wp-content\/uploads\/2024\/11\/2olmedo-150x84.jpg 150w, https:\/\/colombiaopina.com.co\/wp-content\/uploads\/2024\/11\/2olmedo-696x392.jpg 696w, https:\/\/colombiaopina.com.co\/wp-content\/uploads\/2024\/11\/2olmedo-1068x601.jpg 1068w, https:\/\/colombiaopina.com.co\/wp-content\/uploads\/2024\/11\/2olmedo-600x338.jpg 600w, https:\/\/colombiaopina.com.co\/wp-content\/uploads\/2024\/11\/2olmedo.jpg 1280w\" sizes=\"(max-width: 1024px) 100vw, 1024px\" \/><\/figure><p>El preacuerdo le permite a L\u00f3pez aceptar los cargos y evitar un juicio largo, mientras que el principio de oportunidad podr\u00eda reducir a\u00fan m\u00e1s su condena si proporciona informaci\u00f3n que permita judicializar a otros responsables. Este mecanismo ya ha generado acusaciones formales contra Ortiz y llamados a indagatoria para expresidentes del Congreso como Iv\u00e1n Name y Andr\u00e9s Calle.<\/p><p>El caso UNGRD pone en evidencia la magnitud de la corrupci\u00f3n en uno de los programas clave del gobierno Petro, dise\u00f1ado para responder a emergencias. La cooperaci\u00f3n de L\u00f3pez y Pinilla podr\u00eda destapar nuevas conexiones y responsabilidades en los niveles m\u00e1s altos del poder, lo que augura un 2025 lleno de revelaciones y posibles repercusiones pol\u00edticas y legales. Este caso tambi\u00e9n subraya la urgencia de fortalecer los controles internos en las entidades p\u00fablicas para prevenir irregularidades de esta magnitud.<\/p>","protected":false},"excerpt":{"rendered":"<p>Olmedo L\u00f3pez, exdirector de la Unidad Nacional para la Gesti\u00f3n del Riesgo de Desastres (UNGRD), lleg\u00f3 a un preacuerdo con la Fiscal\u00eda en el marco del caso de corrupci\u00f3n m\u00e1s significativo del gobierno de Gustavo Petro. L\u00f3pez acept\u00f3 su responsabilidad en los delitos de peculado por apropiaci\u00f3n y concierto para delinquir, lo que podr\u00eda llevarlo [&hellip;]<\/p>\n","protected":false},"author":4,"featured_media":11158,"comment_status":"open","ping_status":"open","sticky":false,"template":"","format":"standard","meta":{"tdm_status":"","tdm_grid_status":"","_jetpack_memberships_contains_paid_content":false,"footnotes":""},"categories":[39,3055,3334],"tags":[93,3335,2436,386],"class_list":{"0":"post-11157","1":"post","2":"type-post","3":"status-publish","4":"format-standard","5":"has-post-thumbnail","7":"category-colombia","8":"category-fiscal-general-de-la-nacion","9":"category-olmedo-lopez","10":"tag-colombia","11":"tag-corrupcion-2","12":"tag-fiscalia-general-de-la-nacion","13":"tag-olmedo-lopez"},"jetpack_sharing_enabled":true,"jetpack_featured_media_url":"https:\/\/colombiaopina.com.co\/wp-content\/uploads\/2024\/11\/1olmedo.jpeg","amp_enabled":true,"_links":{"self":[{"href":"https:\/\/colombiaopina.com.co\/index.php\/wp-json\/wp\/v2\/posts\/11157"}],"collection":[{"href":"https:\/\/colombiaopina.com.co\/index.php\/wp-json\/wp\/v2\/posts"}],"about":[{"href":"https:\/\/colombiaopina.com.co\/index.php\/wp-json\/wp\/v2\/types\/post"}],"author":[{"embeddable":true,"href":"https:\/\/colombiaopina.com.co\/index.php\/wp-json\/wp\/v2\/users\/4"}],"replies":[{"embeddable":true,"href":"https:\/\/colombiaopina.com.co\/index.php\/wp-json\/wp\/v2\/comments?post=11157"}],"version-history":[{"count":1,"href":"https:\/\/colombiaopina.com.co\/index.php\/wp-json\/wp\/v2\/posts\/11157\/revisions"}],"predecessor-version":[{"id":11160,"href":"https:\/\/colombiaopina.com.co\/index.php\/wp-json\/wp\/v2\/posts\/11157\/revisions\/11160"}],"wp:featuredmedia":[{"embeddable":true,"href":"https:\/\/colombiaopina.com.co\/index.php\/wp-json\/wp\/v2\/media\/11158"}],"wp:attachment":[{"href":"https:\/\/colombiaopina.com.co\/index.php\/wp-json\/wp\/v2\/media?parent=11157"}],"wp:term":[{"taxonomy":"category","embeddable":true,"href":"https:\/\/colombiaopina.com.co\/index.php\/wp-json\/wp\/v2\/categories?post=11157"},{"taxonomy":"post_tag","embeddable":true,"href":"https:\/\/colombiaopina.com.co\/index.php\/wp-json\/wp\/v2\/tags?post=11157"}],"curies":[{"name":"wp","href":"https:\/\/api.w.org\/{rel}","templated":true}]}}