{"id":1114,"date":"2024-02-08T11:08:12","date_gmt":"2024-02-08T16:08:12","guid":{"rendered":"https:\/\/colombiaopina.com.co\/?p=1114"},"modified":"2024-02-08T11:08:14","modified_gmt":"2024-02-08T16:08:14","slug":"envigado-se-moviliza-en-jornadas-comunitarias-para-el-control-de-plagas-y-vectores","status":"publish","type":"post","link":"https:\/\/colombiaopina.com.co\/index.php\/2024\/02\/08\/envigado-se-moviliza-en-jornadas-comunitarias-para-el-control-de-plagas-y-vectores\/","title":{"rendered":"Envigado se moviliza en jornadas comunitarias para el control de plagas y vectores"},"content":{"rendered":"<p>La ciudad de Envigado ha tomado medidas proactivas para proteger la salud p\u00fablica y el medio ambiente a trav\u00e9s de una serie de jornadas de sensibilizaci\u00f3n comunitaria y control de plagas, roedores y vectores responsables de enfermedades como el dengue, chikungunya y zika. La iniciativa, liderada por la Administraci\u00f3n Municipal en colaboraci\u00f3n con las secretar\u00edas de Salud, Medio Ambiente y Enviaseo, ha comenzado a implementarse en diversos sectores de la ciudad, marcando un compromiso firme con el bienestar de sus ciudadanos.<\/p><p>Los barrios Las Casitas, Alcal\u00e1 y el Barrio Mesa, en los sectores del Consuelo y El Gu\u00e1imaro, fueron los primeros en beneficiarse de estas intervenciones, donde aproximadamente 23.000 habitantes recibieron directrices sobre la gesti\u00f3n integral de residuos s\u00f3lidos y medidas para identificar y controlar focos de proliferaci\u00f3n de estas plagas. Estas acciones no solo buscan erradicar los riesgos a la salud sino tambi\u00e9n promover una cultura de prevenci\u00f3n y cuidado del entorno entre los residentes de Envigado.<br><br><\/p><figure class=\"wp-block-image size-full\"><img loading=\"lazy\" decoding=\"async\" width=\"899\" height=\"600\" src=\"https:\/\/colombiaopina.com.co\/wp-content\/uploads\/2024\/02\/112590_whatsapp-image-20240207-at-103652-am-2_1024x600.jpeg\" alt=\"\" class=\"wp-image-1116\" srcset=\"https:\/\/colombiaopina.com.co\/wp-content\/uploads\/2024\/02\/112590_whatsapp-image-20240207-at-103652-am-2_1024x600.jpeg 899w, https:\/\/colombiaopina.com.co\/wp-content\/uploads\/2024\/02\/112590_whatsapp-image-20240207-at-103652-am-2_1024x600-300x200.jpeg 300w, https:\/\/colombiaopina.com.co\/wp-content\/uploads\/2024\/02\/112590_whatsapp-image-20240207-at-103652-am-2_1024x600-768x513.jpeg 768w, https:\/\/colombiaopina.com.co\/wp-content\/uploads\/2024\/02\/112590_whatsapp-image-20240207-at-103652-am-2_1024x600-150x100.jpeg 150w, https:\/\/colombiaopina.com.co\/wp-content\/uploads\/2024\/02\/112590_whatsapp-image-20240207-at-103652-am-2_1024x600-696x465.jpeg 696w, https:\/\/colombiaopina.com.co\/wp-content\/uploads\/2024\/02\/112590_whatsapp-image-20240207-at-103652-am-2_1024x600-600x400.jpeg 600w\" sizes=\"(max-width: 899px) 100vw, 899px\" \/><\/figure><p>En las pr\u00f3ximas jornadas de febrero, los esfuerzos se extender\u00e1n a los barrios Los Naranjos, Uribe \u00c1ngel parte alta, La Sebastiana y La Magnolia, continuando con la estrategia de acercamiento comunitario y acciones preventivas y correctivas. Este enfoque integral refleja la visi\u00f3n de la Administraci\u00f3n Municipal de Envigado de trabajar mano a mano con la comunidad para fomentar entornos m\u00e1s seguros y saludables.<br><br><\/p><p>Las jornadas de sensibilizaci\u00f3n y control son un ejemplo claro de c\u00f3mo la colaboraci\u00f3n entre entidades municipales y la participaci\u00f3n ciudadana puede generar impactos positivos en la salud p\u00fablica y el bienestar comunitario. Envigado demuestra su compromiso con la sostenibilidad y la protecci\u00f3n de sus habitantes, estableciendo un modelo a seguir en la gesti\u00f3n ambiental y de salud en \u00e1reas urbanas.<\/p><figure class=\"wp-block-image size-full\"><img loading=\"lazy\" decoding=\"async\" width=\"899\" height=\"600\" src=\"https:\/\/colombiaopina.com.co\/wp-content\/uploads\/2024\/02\/112591_whatsapp-image-20240207-at-103651-am-2_1024x600.jpeg\" alt=\"\" class=\"wp-image-1115\" srcset=\"https:\/\/colombiaopina.com.co\/wp-content\/uploads\/2024\/02\/112591_whatsapp-image-20240207-at-103651-am-2_1024x600.jpeg 899w, https:\/\/colombiaopina.com.co\/wp-content\/uploads\/2024\/02\/112591_whatsapp-image-20240207-at-103651-am-2_1024x600-300x200.jpeg 300w, https:\/\/colombiaopina.com.co\/wp-content\/uploads\/2024\/02\/112591_whatsapp-image-20240207-at-103651-am-2_1024x600-768x513.jpeg 768w, https:\/\/colombiaopina.com.co\/wp-content\/uploads\/2024\/02\/112591_whatsapp-image-20240207-at-103651-am-2_1024x600-150x100.jpeg 150w, https:\/\/colombiaopina.com.co\/wp-content\/uploads\/2024\/02\/112591_whatsapp-image-20240207-at-103651-am-2_1024x600-696x465.jpeg 696w, https:\/\/colombiaopina.com.co\/wp-content\/uploads\/2024\/02\/112591_whatsapp-image-20240207-at-103651-am-2_1024x600-600x400.jpeg 600w\" sizes=\"(max-width: 899px) 100vw, 899px\" \/><\/figure>","protected":false},"excerpt":{"rendered":"<p>La ciudad de Envigado ha tomado medidas proactivas para proteger la salud p\u00fablica y el medio ambiente a trav\u00e9s de una serie de jornadas de sensibilizaci\u00f3n comunitaria y control de plagas, roedores y vectores responsables de enfermedades como el dengue, chikungunya y zika. La iniciativa, liderada por la Administraci\u00f3n Municipal en colaboraci\u00f3n con las secretar\u00edas [&hellip;]<\/p>\n","protected":false},"author":4,"featured_media":1117,"comment_status":"open","ping_status":"open","sticky":false,"template":"","format":"standard","meta":{"tdm_status":"","tdm_grid_status":"","_jetpack_memberships_contains_paid_content":false,"footnotes":""},"categories":[1],"tags":[198],"class_list":{"0":"post-1114","1":"post","2":"type-post","3":"status-publish","4":"format-standard","5":"has-post-thumbnail","7":"category-blog","8":"tag-envigado"},"jetpack_sharing_enabled":true,"jetpack_featured_media_url":"https:\/\/colombiaopina.com.co\/wp-content\/uploads\/2024\/02\/112596_jornadas-de-sensibilizacion-comunitaria-y-control-de_1024x600.jpeg","amp_enabled":true,"_links":{"self":[{"href":"https:\/\/colombiaopina.com.co\/index.php\/wp-json\/wp\/v2\/posts\/1114"}],"collection":[{"href":"https:\/\/colombiaopina.com.co\/index.php\/wp-json\/wp\/v2\/posts"}],"about":[{"href":"https:\/\/colombiaopina.com.co\/index.php\/wp-json\/wp\/v2\/types\/post"}],"author":[{"embeddable":true,"href":"https:\/\/colombiaopina.com.co\/index.php\/wp-json\/wp\/v2\/users\/4"}],"replies":[{"embeddable":true,"href":"https:\/\/colombiaopina.com.co\/index.php\/wp-json\/wp\/v2\/comments?post=1114"}],"version-history":[{"count":1,"href":"https:\/\/colombiaopina.com.co\/index.php\/wp-json\/wp\/v2\/posts\/1114\/revisions"}],"predecessor-version":[{"id":1118,"href":"https:\/\/colombiaopina.com.co\/index.php\/wp-json\/wp\/v2\/posts\/1114\/revisions\/1118"}],"wp:featuredmedia":[{"embeddable":true,"href":"https:\/\/colombiaopina.com.co\/index.php\/wp-json\/wp\/v2\/media\/1117"}],"wp:attachment":[{"href":"https:\/\/colombiaopina.com.co\/index.php\/wp-json\/wp\/v2\/media?parent=1114"}],"wp:term":[{"taxonomy":"category","embeddable":true,"href":"https:\/\/colombiaopina.com.co\/index.php\/wp-json\/wp\/v2\/categories?post=1114"},{"taxonomy":"post_tag","embeddable":true,"href":"https:\/\/colombiaopina.com.co\/index.php\/wp-json\/wp\/v2\/tags?post=1114"}],"curies":[{"name":"wp","href":"https:\/\/api.w.org\/{rel}","templated":true}]}}