{"id":11133,"date":"2024-11-19T11:27:24","date_gmt":"2024-11-19T16:27:24","guid":{"rendered":"https:\/\/colombiaopina.com.co\/?p=11133"},"modified":"2024-11-19T11:27:26","modified_gmt":"2024-11-19T16:27:26","slug":"edwin-cardona-sancionado-por-beso-al-escudo-dimayor-lo-considera-provocacion-y-lo-castiga-con-dos-fechas","status":"publish","type":"post","link":"https:\/\/colombiaopina.com.co\/index.php\/2024\/11\/19\/edwin-cardona-sancionado-por-beso-al-escudo-dimayor-lo-considera-provocacion-y-lo-castiga-con-dos-fechas\/","title":{"rendered":"Edwin Cardona sancionado por beso al escudo: Dimayor lo considera provocaci\u00f3n y lo castiga con dos fechas"},"content":{"rendered":"<p>El mediocampista Edwin Cardona, de Atl\u00e9tico Nacional, recibi\u00f3 una sanci\u00f3n de dos fechas y una multa de 2.600.000 pesos por parte del Comit\u00e9 Disciplinario de la Dimayor tras besar el escudo de su camiseta frente a la tribuna de los hinchas del Medell\u00edn en el cl\u00e1sico antioque\u00f1o del pasado 11 de noviembre. El gesto fue catalogado como una provocaci\u00f3n, agravado por el hecho de que Cardona ostentaba la capitan\u00eda durante el encuentro.<\/p><p>Los hechos:<br>El incidente ocurri\u00f3 al minuto 60, cuando Cardona se dispon\u00eda a cobrar un tiro de esquina en la tribuna norte, ocupada por aficionados del DIM. Seg\u00fan el informe arbitral, el jugador fue blanco de objetos arrojados desde la grada. En respuesta, bes\u00f3 el escudo de su camiseta mirando hacia los hinchas del equipo rival. Este acto fue considerado provocativo por el juez central Carlos Ortega, quien lo report\u00f3 en su informe.<\/p><figure class=\"wp-block-image size-full\"><img loading=\"lazy\" decoding=\"async\" width=\"780\" height=\"565\" src=\"https:\/\/colombiaopina.com.co\/wp-content\/uploads\/2024\/11\/2edwin.jpeg\" alt=\"\" class=\"wp-image-11135\" srcset=\"https:\/\/colombiaopina.com.co\/wp-content\/uploads\/2024\/11\/2edwin.jpeg 780w, https:\/\/colombiaopina.com.co\/wp-content\/uploads\/2024\/11\/2edwin-300x217.jpeg 300w, https:\/\/colombiaopina.com.co\/wp-content\/uploads\/2024\/11\/2edwin-768x556.jpeg 768w, https:\/\/colombiaopina.com.co\/wp-content\/uploads\/2024\/11\/2edwin-150x109.jpeg 150w, https:\/\/colombiaopina.com.co\/wp-content\/uploads\/2024\/11\/2edwin-696x504.jpeg 696w, https:\/\/colombiaopina.com.co\/wp-content\/uploads\/2024\/11\/2edwin-600x435.jpeg 600w\" sizes=\"(max-width: 780px) 100vw, 780px\" \/><\/figure><p>Atl\u00e9tico Nacional defendi\u00f3 a su jugador en los descargos, argumentando que el gesto fue una reacci\u00f3n emocional para expresar su amor por el club y no una intenci\u00f3n de provocar. Sin embargo, el Comit\u00e9 desestim\u00f3 esta explicaci\u00f3n y aplic\u00f3 la sanci\u00f3n por incitar al p\u00fablico contrario.<\/p><p>Implicaciones para Nacional:<br>Cardona se perder\u00e1 los dos primeros partidos de los cuadrangulares finales: el debut como local contra Santa Fe y el siguiente duelo de visitante ante Pasto. Adicionalmente, Atl\u00e9tico Nacional recibi\u00f3 una multa de 6.500.000 pesos por no haber utilizado los parches oficiales de la Liga BetPlay en las camisetas durante el cl\u00e1sico, argumentando que se agotaron antes de finalizar la fase regular.<\/p><p>La decisi\u00f3n de la Dimayor resalta el estricto control sobre acciones que puedan incitar conflictos en el f\u00fatbol profesional. Mientras algunos consideran que la sanci\u00f3n es excesiva, el ente rector busca enviar un mensaje claro sobre la importancia de evitar actitudes que alteren el orden en los estadios. Para Nacional, perder a Cardona en un momento crucial de la competici\u00f3n podr\u00eda afectar su rendimiento en los cuadrangulares.<\/p>","protected":false},"excerpt":{"rendered":"<p>El mediocampista Edwin Cardona, de Atl\u00e9tico Nacional, recibi\u00f3 una sanci\u00f3n de dos fechas y una multa de 2.600.000 pesos por parte del Comit\u00e9 Disciplinario de la Dimayor tras besar el escudo de su camiseta frente a la tribuna de los hinchas del Medell\u00edn en el cl\u00e1sico antioque\u00f1o del pasado 11 de noviembre. El gesto fue [&hellip;]<\/p>\n","protected":false},"author":4,"featured_media":11134,"comment_status":"open","ping_status":"open","sticky":false,"template":"","format":"standard","meta":{"tdm_status":"","tdm_grid_status":"","_jetpack_memberships_contains_paid_content":false,"footnotes":""},"categories":[3240,47,2871],"tags":[3242,74,3241,312],"class_list":{"0":"post-11133","1":"post","2":"type-post","3":"status-publish","4":"format-standard","5":"has-post-thumbnail","7":"category-atletico-nacional","8":"category-deportes","9":"category-dim","10":"tag-atletico-nacional-2","11":"tag-deportes","12":"tag-deportivo-independiente-medellin","13":"tag-dimayor"},"jetpack_sharing_enabled":true,"jetpack_featured_media_url":"https:\/\/colombiaopina.com.co\/wp-content\/uploads\/2024\/11\/1edwin-1.jpg","amp_enabled":true,"_links":{"self":[{"href":"https:\/\/colombiaopina.com.co\/index.php\/wp-json\/wp\/v2\/posts\/11133"}],"collection":[{"href":"https:\/\/colombiaopina.com.co\/index.php\/wp-json\/wp\/v2\/posts"}],"about":[{"href":"https:\/\/colombiaopina.com.co\/index.php\/wp-json\/wp\/v2\/types\/post"}],"author":[{"embeddable":true,"href":"https:\/\/colombiaopina.com.co\/index.php\/wp-json\/wp\/v2\/users\/4"}],"replies":[{"embeddable":true,"href":"https:\/\/colombiaopina.com.co\/index.php\/wp-json\/wp\/v2\/comments?post=11133"}],"version-history":[{"count":1,"href":"https:\/\/colombiaopina.com.co\/index.php\/wp-json\/wp\/v2\/posts\/11133\/revisions"}],"predecessor-version":[{"id":11136,"href":"https:\/\/colombiaopina.com.co\/index.php\/wp-json\/wp\/v2\/posts\/11133\/revisions\/11136"}],"wp:featuredmedia":[{"embeddable":true,"href":"https:\/\/colombiaopina.com.co\/index.php\/wp-json\/wp\/v2\/media\/11134"}],"wp:attachment":[{"href":"https:\/\/colombiaopina.com.co\/index.php\/wp-json\/wp\/v2\/media?parent=11133"}],"wp:term":[{"taxonomy":"category","embeddable":true,"href":"https:\/\/colombiaopina.com.co\/index.php\/wp-json\/wp\/v2\/categories?post=11133"},{"taxonomy":"post_tag","embeddable":true,"href":"https:\/\/colombiaopina.com.co\/index.php\/wp-json\/wp\/v2\/tags?post=11133"}],"curies":[{"name":"wp","href":"https:\/\/api.w.org\/{rel}","templated":true}]}}