{"id":10928,"date":"2024-11-13T11:12:21","date_gmt":"2024-11-13T16:12:21","guid":{"rendered":"https:\/\/colombiaopina.com.co\/?p=10928"},"modified":"2024-11-13T11:12:23","modified_gmt":"2024-11-13T16:12:23","slug":"corantioquia-y-personeros-del-valle-de-aburra-firman-pacto-historico-por-la-sostenibilidad-ambiental-en-zona-rural","status":"publish","type":"post","link":"https:\/\/colombiaopina.com.co\/index.php\/2024\/11\/13\/corantioquia-y-personeros-del-valle-de-aburra-firman-pacto-historico-por-la-sostenibilidad-ambiental-en-zona-rural\/","title":{"rendered":"Corantioquia y personeros del Valle de Aburr\u00e1 firman pacto hist\u00f3rico por la sostenibilidad ambiental en zona rural"},"content":{"rendered":"<p>En un acuerdo in\u00e9dito por el medio ambiente, Corantioquia y los personeros de los 10 municipios del Valle de Aburr\u00e1 han suscrito el Pacto por la Sostenibilidad, un compromiso integral para proteger y revitalizar el entorno natural en la regi\u00f3n. Esta alianza pone en marcha un conjunto de acciones conjuntas para enfrentar desaf\u00edos como la deforestaci\u00f3n, la p\u00e9rdida de biodiversidad y la contaminaci\u00f3n, problemas que afectan gravemente los recursos naturales y la calidad de vida de las comunidades rurales.<\/p><figure class=\"wp-block-image size-large\"><img loading=\"lazy\" decoding=\"async\" width=\"1024\" height=\"576\" src=\"https:\/\/colombiaopina.com.co\/wp-content\/uploads\/2024\/11\/3corantioquia-1024x576.jpeg\" alt=\"\" class=\"wp-image-10931\" srcset=\"https:\/\/colombiaopina.com.co\/wp-content\/uploads\/2024\/11\/3corantioquia-1024x576.jpeg 1024w, https:\/\/colombiaopina.com.co\/wp-content\/uploads\/2024\/11\/3corantioquia-300x169.jpeg 300w, https:\/\/colombiaopina.com.co\/wp-content\/uploads\/2024\/11\/3corantioquia-768x432.jpeg 768w, https:\/\/colombiaopina.com.co\/wp-content\/uploads\/2024\/11\/3corantioquia-150x84.jpeg 150w, https:\/\/colombiaopina.com.co\/wp-content\/uploads\/2024\/11\/3corantioquia-696x392.jpeg 696w, https:\/\/colombiaopina.com.co\/wp-content\/uploads\/2024\/11\/3corantioquia-1068x601.jpeg 1068w, https:\/\/colombiaopina.com.co\/wp-content\/uploads\/2024\/11\/3corantioquia-600x338.jpeg 600w, https:\/\/colombiaopina.com.co\/wp-content\/uploads\/2024\/11\/3corantioquia.jpeg 1280w\" sizes=\"(max-width: 1024px) 100vw, 1024px\" \/><\/figure><p>El pacto establece cuatro pilares fundamentales de cooperaci\u00f3n. Primero, un compromiso de esfuerzo conjunto para dise\u00f1ar soluciones efectivas a los problemas ambientales de la regi\u00f3n. En segundo lugar, un fortalecimiento de la vigilancia y control ambiental, destinado a garantizar que las normativas vigentes se cumplan y a prevenir pr\u00e1cticas que pongan en riesgo la sostenibilidad. En tercer lugar, se impulsar\u00e1 la gesti\u00f3n ambiental en los municipios, integrando buenas pr\u00e1cticas de conservaci\u00f3n y sostenibilidad en sus territorios. Finalmente, las entidades firmantes reafirman su compromiso de proteger el derecho de los ciudadanos a un entorno saludable y de preservar ecosistemas estrat\u00e9gicos para el futuro.<\/p><p>Uno de los puntos clave del acuerdo es la implementaci\u00f3n del programa Escuelas para la Vida, una iniciativa que involucra a m\u00e1s de 60 municipios y ha impactado a 4,000 ni\u00f1os en su objetivo de formar ciudadanos ambientalmente responsables. Este programa se ampliar\u00e1 en la zona rural del Valle de Aburr\u00e1, con el apadrinamiento de instituciones educativas rurales para fomentar en los estudiantes y sus comunidades una cultura de respeto y protecci\u00f3n al medio ambiente.<\/p><p>La directora de Corantioquia, Liliana Mar\u00eda Taborda Gonz\u00e1lez, destac\u00f3 la relevancia de esta alianza y la visi\u00f3n de futuro que representa: \u201cEste pacto es un reflejo del compromiso de Corantioquia con la protecci\u00f3n del ambiente y el desarrollo sostenible. Al trabajar de la mano con los personeros, estamos dando un paso importante para garantizar un futuro mejor para las generaciones venideras\u201d. Los personeros, por su parte, subrayaron la relevancia de la unidad en la defensa de los derechos colectivos y la preservaci\u00f3n del patrimonio natural, comprometi\u00e9ndose a gestionar los recursos necesarios para cumplir con los objetivos del pacto y a presentar avances y resultados ante los concejos municipales y el Consejo Directivo de la Corporaci\u00f3n.<\/p><div class=\"wp-block-image\"><figure class=\"aligncenter size-full\"><img loading=\"lazy\" decoding=\"async\" width=\"542\" height=\"565\" src=\"https:\/\/colombiaopina.com.co\/wp-content\/uploads\/2024\/11\/2corantioquia.jpeg\" alt=\"\" class=\"wp-image-10930\" srcset=\"https:\/\/colombiaopina.com.co\/wp-content\/uploads\/2024\/11\/2corantioquia.jpeg 542w, https:\/\/colombiaopina.com.co\/wp-content\/uploads\/2024\/11\/2corantioquia-288x300.jpeg 288w, https:\/\/colombiaopina.com.co\/wp-content\/uploads\/2024\/11\/2corantioquia-150x156.jpeg 150w, https:\/\/colombiaopina.com.co\/wp-content\/uploads\/2024\/11\/2corantioquia-300x313.jpeg 300w\" sizes=\"(max-width: 542px) 100vw, 542px\" \/><\/figure><\/div><p>Este acuerdo marca un avance significativo en la gesti\u00f3n ambiental de la regi\u00f3n, demostrando que con la voluntad y cooperaci\u00f3n institucional, el Valle de Aburr\u00e1 puede ser un modelo en la conservaci\u00f3n y protecci\u00f3n de sus recursos naturales.<\/p>","protected":false},"excerpt":{"rendered":"<p>En un acuerdo in\u00e9dito por el medio ambiente, Corantioquia y los personeros de los 10 municipios del Valle de Aburr\u00e1 han suscrito el Pacto por la Sostenibilidad, un compromiso integral para proteger y revitalizar el entorno natural en la regi\u00f3n. Esta alianza pone en marcha un conjunto de acciones conjuntas para enfrentar desaf\u00edos como la [&hellip;]<\/p>\n","protected":false},"author":4,"featured_media":10929,"comment_status":"open","ping_status":"open","sticky":false,"template":"","format":"standard","meta":{"tdm_status":"","tdm_grid_status":"","_jetpack_memberships_contains_paid_content":false,"footnotes":""},"categories":[38,3099,3281],"tags":[282,428,3100,2103],"class_list":{"0":"post-10928","1":"post","2":"type-post","3":"status-publish","4":"format-standard","5":"has-post-thumbnail","7":"category-antioquia","8":"category-corantioquia","9":"category-sostenibilidad","10":"tag-antioquia","11":"tag-corantioquia","12":"tag-sostenibilidad","13":"tag-valle-de-aburra-2"},"jetpack_sharing_enabled":true,"jetpack_featured_media_url":"https:\/\/colombiaopina.com.co\/wp-content\/uploads\/2024\/11\/1corantioquia.png","amp_enabled":true,"_links":{"self":[{"href":"https:\/\/colombiaopina.com.co\/index.php\/wp-json\/wp\/v2\/posts\/10928"}],"collection":[{"href":"https:\/\/colombiaopina.com.co\/index.php\/wp-json\/wp\/v2\/posts"}],"about":[{"href":"https:\/\/colombiaopina.com.co\/index.php\/wp-json\/wp\/v2\/types\/post"}],"author":[{"embeddable":true,"href":"https:\/\/colombiaopina.com.co\/index.php\/wp-json\/wp\/v2\/users\/4"}],"replies":[{"embeddable":true,"href":"https:\/\/colombiaopina.com.co\/index.php\/wp-json\/wp\/v2\/comments?post=10928"}],"version-history":[{"count":1,"href":"https:\/\/colombiaopina.com.co\/index.php\/wp-json\/wp\/v2\/posts\/10928\/revisions"}],"predecessor-version":[{"id":10932,"href":"https:\/\/colombiaopina.com.co\/index.php\/wp-json\/wp\/v2\/posts\/10928\/revisions\/10932"}],"wp:featuredmedia":[{"embeddable":true,"href":"https:\/\/colombiaopina.com.co\/index.php\/wp-json\/wp\/v2\/media\/10929"}],"wp:attachment":[{"href":"https:\/\/colombiaopina.com.co\/index.php\/wp-json\/wp\/v2\/media?parent=10928"}],"wp:term":[{"taxonomy":"category","embeddable":true,"href":"https:\/\/colombiaopina.com.co\/index.php\/wp-json\/wp\/v2\/categories?post=10928"},{"taxonomy":"post_tag","embeddable":true,"href":"https:\/\/colombiaopina.com.co\/index.php\/wp-json\/wp\/v2\/tags?post=10928"}],"curies":[{"name":"wp","href":"https:\/\/api.w.org\/{rel}","templated":true}]}}