{"id":10893,"date":"2024-11-12T10:54:23","date_gmt":"2024-11-12T15:54:23","guid":{"rendered":"https:\/\/colombiaopina.com.co\/?p=10893"},"modified":"2024-11-12T10:54:23","modified_gmt":"2024-11-12T15:54:23","slug":"colombia-declara-estado-de-desastre-nacional-por-lluvias-mas-de-500-000-afectados-en-20-departamentos","status":"publish","type":"post","link":"https:\/\/colombiaopina.com.co\/index.php\/2024\/11\/12\/colombia-declara-estado-de-desastre-nacional-por-lluvias-mas-de-500-000-afectados-en-20-departamentos\/","title":{"rendered":"Colombia declara estado de desastre nacional por lluvias: m\u00e1s de 500.000 afectados en 20 departamentos"},"content":{"rendered":"<p>El presidente Gustavo Petro ha declarado la situaci\u00f3n de desastre nacional en Colombia debido a las intensas lluvias que han afectado al pa\u00eds en las \u00faltimas semanas. Esta medida busca atender de manera inmediata las emergencias clim\u00e1ticas que han impactado a diversas regiones, especialmente en departamentos como Choc\u00f3, La Guajira y la ciudad de Bogot\u00e1.<\/p><figure class=\"wp-block-image size-large\"><img loading=\"lazy\" decoding=\"async\" width=\"1024\" height=\"512\" src=\"https:\/\/colombiaopina.com.co\/wp-content\/uploads\/2024\/11\/2lluvias-1024x512.jpeg\" alt=\"\" class=\"wp-image-10895\" srcset=\"https:\/\/colombiaopina.com.co\/wp-content\/uploads\/2024\/11\/2lluvias-1024x512.jpeg 1024w, https:\/\/colombiaopina.com.co\/wp-content\/uploads\/2024\/11\/2lluvias-300x150.jpeg 300w, https:\/\/colombiaopina.com.co\/wp-content\/uploads\/2024\/11\/2lluvias-768x384.jpeg 768w, https:\/\/colombiaopina.com.co\/wp-content\/uploads\/2024\/11\/2lluvias-150x75.jpeg 150w, https:\/\/colombiaopina.com.co\/wp-content\/uploads\/2024\/11\/2lluvias-696x348.jpeg 696w, https:\/\/colombiaopina.com.co\/wp-content\/uploads\/2024\/11\/2lluvias-1068x534.jpeg 1068w, https:\/\/colombiaopina.com.co\/wp-content\/uploads\/2024\/11\/2lluvias-600x300.jpeg 600w, https:\/\/colombiaopina.com.co\/wp-content\/uploads\/2024\/11\/2lluvias.jpeg 1200w\" sizes=\"(max-width: 1024px) 100vw, 1024px\" \/><\/figure><p>La declaratoria permite al Gobierno Nacional movilizar recursos de diferentes entidades hacia las zonas m\u00e1s afectadas, con el objetivo de mitigar los efectos de las inundaciones y deslizamientos de tierra que han dejado miles de damnificados. Seg\u00fan informes oficiales, las precipitaciones han causado da\u00f1os significativos en infraestructura vial y viviendas, adem\u00e1s de p\u00e9rdidas en el sector agr\u00edcola.<\/p><p>El presidente Petro enfatiz\u00f3 la necesidad de una respuesta coordinada y efectiva para enfrentar la crisis clim\u00e1tica, se\u00f1alando que la deforestaci\u00f3n y la expansi\u00f3n de actividades ilegales han incrementado la vulnerabilidad de los territorios. Asimismo, hizo un llamado a la comunidad internacional para brindar apoyo en las labores de reconstrucci\u00f3n y asistencia humanitaria.<\/p><figure class=\"wp-block-image size-large\"><img loading=\"lazy\" decoding=\"async\" width=\"1024\" height=\"576\" src=\"https:\/\/colombiaopina.com.co\/wp-content\/uploads\/2024\/11\/3lluvias-1024x576.jpg\" alt=\"\" class=\"wp-image-10896\" srcset=\"https:\/\/colombiaopina.com.co\/wp-content\/uploads\/2024\/11\/3lluvias-1024x576.jpg 1024w, https:\/\/colombiaopina.com.co\/wp-content\/uploads\/2024\/11\/3lluvias-300x169.jpg 300w, https:\/\/colombiaopina.com.co\/wp-content\/uploads\/2024\/11\/3lluvias-768x432.jpg 768w, https:\/\/colombiaopina.com.co\/wp-content\/uploads\/2024\/11\/3lluvias-150x84.jpg 150w, https:\/\/colombiaopina.com.co\/wp-content\/uploads\/2024\/11\/3lluvias-696x392.jpg 696w, https:\/\/colombiaopina.com.co\/wp-content\/uploads\/2024\/11\/3lluvias-1068x601.jpg 1068w, https:\/\/colombiaopina.com.co\/wp-content\/uploads\/2024\/11\/3lluvias-600x338.jpg 600w, https:\/\/colombiaopina.com.co\/wp-content\/uploads\/2024\/11\/3lluvias.jpg 1280w\" sizes=\"(max-width: 1024px) 100vw, 1024px\" \/><\/figure><p>Las autoridades han instado a la poblaci\u00f3n a mantenerse informada y acatar las recomendaciones de los organismos de socorro, mientras se implementan planes de evacuaci\u00f3n y asistencia en las \u00e1reas m\u00e1s afectadas. Se espera que, con la declaratoria de desastre nacional, se agilicen los procesos de ayuda y se fortalezcan las medidas de prevenci\u00f3n ante futuros eventos clim\u00e1ticos adversos.<\/p>","protected":false},"excerpt":{"rendered":"<p>El presidente Gustavo Petro ha declarado la situaci\u00f3n de desastre nacional en Colombia debido a las intensas lluvias que han afectado al pa\u00eds en las \u00faltimas semanas. Esta medida busca atender de manera inmediata las emergencias clim\u00e1ticas que han impactado a diversas regiones, especialmente en departamentos como Choc\u00f3, La Guajira y la ciudad de Bogot\u00e1. [&hellip;]<\/p>\n","protected":false},"author":4,"featured_media":10894,"comment_status":"open","ping_status":"open","sticky":false,"template":"","format":"standard","meta":{"tdm_status":"","tdm_grid_status":"","_jetpack_memberships_contains_paid_content":false,"footnotes":""},"categories":[87,39,103],"tags":[904,93,2784,135,946],"class_list":{"0":"post-10893","1":"post","2":"type-post","3":"status-publish","4":"format-standard","5":"has-post-thumbnail","7":"category-clima","8":"category-colombia","9":"category-petro","10":"tag-clima","11":"tag-colombia","12":"tag-gobierno-nacional","13":"tag-petro","14":"tag-temporada-de-lluvias"},"jetpack_sharing_enabled":true,"jetpack_featured_media_url":"https:\/\/colombiaopina.com.co\/wp-content\/uploads\/2024\/11\/1lluvias.jpg","amp_enabled":true,"_links":{"self":[{"href":"https:\/\/colombiaopina.com.co\/index.php\/wp-json\/wp\/v2\/posts\/10893"}],"collection":[{"href":"https:\/\/colombiaopina.com.co\/index.php\/wp-json\/wp\/v2\/posts"}],"about":[{"href":"https:\/\/colombiaopina.com.co\/index.php\/wp-json\/wp\/v2\/types\/post"}],"author":[{"embeddable":true,"href":"https:\/\/colombiaopina.com.co\/index.php\/wp-json\/wp\/v2\/users\/4"}],"replies":[{"embeddable":true,"href":"https:\/\/colombiaopina.com.co\/index.php\/wp-json\/wp\/v2\/comments?post=10893"}],"version-history":[{"count":1,"href":"https:\/\/colombiaopina.com.co\/index.php\/wp-json\/wp\/v2\/posts\/10893\/revisions"}],"predecessor-version":[{"id":10897,"href":"https:\/\/colombiaopina.com.co\/index.php\/wp-json\/wp\/v2\/posts\/10893\/revisions\/10897"}],"wp:featuredmedia":[{"embeddable":true,"href":"https:\/\/colombiaopina.com.co\/index.php\/wp-json\/wp\/v2\/media\/10894"}],"wp:attachment":[{"href":"https:\/\/colombiaopina.com.co\/index.php\/wp-json\/wp\/v2\/media?parent=10893"}],"wp:term":[{"taxonomy":"category","embeddable":true,"href":"https:\/\/colombiaopina.com.co\/index.php\/wp-json\/wp\/v2\/categories?post=10893"},{"taxonomy":"post_tag","embeddable":true,"href":"https:\/\/colombiaopina.com.co\/index.php\/wp-json\/wp\/v2\/tags?post=10893"}],"curies":[{"name":"wp","href":"https:\/\/api.w.org\/{rel}","templated":true}]}}