{"id":10822,"date":"2024-11-07T21:12:35","date_gmt":"2024-11-08T02:12:35","guid":{"rendered":"https:\/\/colombiaopina.com.co\/?p=10822"},"modified":"2024-11-07T21:12:35","modified_gmt":"2024-11-08T02:12:35","slug":"revelan-estrategia-de-desprestigio-del-petrismo-contra-los-medios-de-comunicacion","status":"publish","type":"post","link":"https:\/\/colombiaopina.com.co\/index.php\/2024\/11\/07\/revelan-estrategia-de-desprestigio-del-petrismo-contra-los-medios-de-comunicacion\/","title":{"rendered":"Revelan estrategia de desprestigio del petrismo contra los medios de comunicaci\u00f3n"},"content":{"rendered":"<p>Gustavo Bol\u00edvar, director del Departamento de Prosperidad Social (DPS), confes\u00f3 la existencia de una estrategia para desacreditar a medios de comunicaci\u00f3n en Colombia, lo cual ha generado un intenso debate. En un video reciente, Bol\u00edvar reconoci\u00f3 que estas campa\u00f1as de desprestigio han dado resultados, logrando que parte de la poblaci\u00f3n desconf\u00ede de fuentes como Caracol, RCN y SEMANA. Estas declaraciones se realizaron mientras analizaba una encuesta en la que el presidente Gustavo Petro alcanz\u00f3 un 51% de aprobaci\u00f3n, resultado que vincul\u00f3 con un cambio en la comunicaci\u00f3n del gobierno y la influencia de figuras cercanas al petrismo en redes sociales.<\/p><p>El contenido de este video ha avivado el foco sobre las t\u00e1cticas empleadas por el gobierno para controlar la narrativa medi\u00e1tica y neutralizar las cr\u00edticas. Bol\u00edvar mencion\u00f3 que la intenci\u00f3n es desviar la atenci\u00f3n de lo que considera un tratamiento sesgado hacia el presidente, mientras que se potencian voces afines al gobierno en plataformas digitales. Las reacciones no se han hecho esperar, especialmente de parte de sectores de la prensa, que ven en estas maniobras una amenaza a la libertad de expresi\u00f3n y un intento de erosionar la credibilidad de los medios independientes.<\/p><figure class=\"wp-block-image size-large\"><img loading=\"lazy\" decoding=\"async\" width=\"1024\" height=\"768\" src=\"https:\/\/colombiaopina.com.co\/wp-content\/uploads\/2024\/11\/2Bolivar-Petro-1024x768.jpg\" alt=\"\" class=\"wp-image-10824\" srcset=\"https:\/\/colombiaopina.com.co\/wp-content\/uploads\/2024\/11\/2Bolivar-Petro-1024x768.jpg 1024w, https:\/\/colombiaopina.com.co\/wp-content\/uploads\/2024\/11\/2Bolivar-Petro-300x225.jpg 300w, https:\/\/colombiaopina.com.co\/wp-content\/uploads\/2024\/11\/2Bolivar-Petro-768x576.jpg 768w, https:\/\/colombiaopina.com.co\/wp-content\/uploads\/2024\/11\/2Bolivar-Petro-150x113.jpg 150w, https:\/\/colombiaopina.com.co\/wp-content\/uploads\/2024\/11\/2Bolivar-Petro-696x522.jpg 696w, https:\/\/colombiaopina.com.co\/wp-content\/uploads\/2024\/11\/2Bolivar-Petro-1068x801.jpg 1068w, https:\/\/colombiaopina.com.co\/wp-content\/uploads\/2024\/11\/2Bolivar-Petro-265x198.jpg 265w, https:\/\/colombiaopina.com.co\/wp-content\/uploads\/2024\/11\/2Bolivar-Petro-600x450.jpg 600w, https:\/\/colombiaopina.com.co\/wp-content\/uploads\/2024\/11\/2Bolivar-Petro.jpg 1280w\" sizes=\"(max-width: 1024px) 100vw, 1024px\" \/><\/figure><p>La estrategia de desprestigio no es nueva en el c\u00edrculo pol\u00edtico del presidente Petro. Durante la campa\u00f1a electoral de 2022, se documentaron t\u00e1cticas similares, reveladas en los conocidos \u201cpetrovideos\u201d, en los cuales se indicaban directrices para atacar a candidatos opositores y medios que publicaban denuncias cr\u00edticas hacia la campa\u00f1a. En esa ocasi\u00f3n, se mostraba c\u00f3mo los aliados digitales del petrismo desempe\u00f1aban un papel clave en difundir mensajes a trav\u00e9s de influenciadores y redes secundarias, aumentando el impacto de la campa\u00f1a negativa.<\/p><p>Estas revelaciones subrayan las complejidades del entorno pol\u00edtico y comunicacional en Colombia, donde la influencia de las redes sociales y los medios alternativos se entrelaza con estrategias gubernamentales para moldear la opini\u00f3n p\u00fablica. El debate sobre los l\u00edmites \u00e9ticos de estas t\u00e1cticas y su impacto en la percepci\u00f3n de la prensa sigue abierto, con implicaciones significativas para la relaci\u00f3n entre el poder y los medios en el pa\u00eds.<\/p>","protected":false},"excerpt":{"rendered":"<p>Gustavo Bol\u00edvar, director del Departamento de Prosperidad Social (DPS), confes\u00f3 la existencia de una estrategia para desacreditar a medios de comunicaci\u00f3n en Colombia, lo cual ha generado un intenso debate. En un video reciente, Bol\u00edvar reconoci\u00f3 que estas campa\u00f1as de desprestigio han dado resultados, logrando que parte de la poblaci\u00f3n desconf\u00ede de fuentes como Caracol, [&hellip;]<\/p>\n","protected":false},"author":4,"featured_media":10823,"comment_status":"open","ping_status":"open","sticky":false,"template":"","format":"standard","meta":{"tdm_status":"","tdm_grid_status":"","_jetpack_memberships_contains_paid_content":false,"footnotes":""},"categories":[3236,3235,103],"tags":[691,3237,690,135,692,3238],"class_list":{"0":"post-10822","1":"post","2":"type-post","3":"status-publish","4":"format-standard","5":"has-post-thumbnail","7":"category-gustavo-bolivar","8":"category-medios-de-comunicacion","9":"category-petro","10":"tag-caracol","11":"tag-gustavo-bolivar-2","12":"tag-medios-de-comunicacion","13":"tag-petro","14":"tag-rcn","15":"tag-semana"},"jetpack_sharing_enabled":true,"jetpack_featured_media_url":"https:\/\/colombiaopina.com.co\/wp-content\/uploads\/2024\/11\/1Bolivar-Petro.jpg","amp_enabled":true,"_links":{"self":[{"href":"https:\/\/colombiaopina.com.co\/index.php\/wp-json\/wp\/v2\/posts\/10822"}],"collection":[{"href":"https:\/\/colombiaopina.com.co\/index.php\/wp-json\/wp\/v2\/posts"}],"about":[{"href":"https:\/\/colombiaopina.com.co\/index.php\/wp-json\/wp\/v2\/types\/post"}],"author":[{"embeddable":true,"href":"https:\/\/colombiaopina.com.co\/index.php\/wp-json\/wp\/v2\/users\/4"}],"replies":[{"embeddable":true,"href":"https:\/\/colombiaopina.com.co\/index.php\/wp-json\/wp\/v2\/comments?post=10822"}],"version-history":[{"count":1,"href":"https:\/\/colombiaopina.com.co\/index.php\/wp-json\/wp\/v2\/posts\/10822\/revisions"}],"predecessor-version":[{"id":10825,"href":"https:\/\/colombiaopina.com.co\/index.php\/wp-json\/wp\/v2\/posts\/10822\/revisions\/10825"}],"wp:featuredmedia":[{"embeddable":true,"href":"https:\/\/colombiaopina.com.co\/index.php\/wp-json\/wp\/v2\/media\/10823"}],"wp:attachment":[{"href":"https:\/\/colombiaopina.com.co\/index.php\/wp-json\/wp\/v2\/media?parent=10822"}],"wp:term":[{"taxonomy":"category","embeddable":true,"href":"https:\/\/colombiaopina.com.co\/index.php\/wp-json\/wp\/v2\/categories?post=10822"},{"taxonomy":"post_tag","embeddable":true,"href":"https:\/\/colombiaopina.com.co\/index.php\/wp-json\/wp\/v2\/tags?post=10822"}],"curies":[{"name":"wp","href":"https:\/\/api.w.org\/{rel}","templated":true}]}}