{"id":10748,"date":"2024-11-06T11:06:14","date_gmt":"2024-11-06T16:06:14","guid":{"rendered":"https:\/\/colombiaopina.com.co\/?p=10748"},"modified":"2024-11-06T11:06:15","modified_gmt":"2024-11-06T16:06:15","slug":"partido-ada-se-declara-independiente-senador-paulino-riascos-denuncia-falta-de-cumplimiento-del-pacto-historico","status":"publish","type":"post","link":"https:\/\/colombiaopina.com.co\/index.php\/2024\/11\/06\/partido-ada-se-declara-independiente-senador-paulino-riascos-denuncia-falta-de-cumplimiento-del-pacto-historico\/","title":{"rendered":"Partido ADA se declara independiente: senador Paulino Riascos denuncia falta de cumplimiento del Pacto Hist\u00f3rico"},"content":{"rendered":"<p>El Partido Alianza Democr\u00e1tica Amplia (ADA), liderado por el senador Paulino Riascos, anunci\u00f3 su separaci\u00f3n del Pacto Hist\u00f3rico, la coalici\u00f3n que llev\u00f3 a Gustavo Petro a la presidencia en 2022. Riascos afirm\u00f3 que la decisi\u00f3n se debe a profundas diferencias con el Gobierno y a la falta de cumplimiento de los acuerdos pol\u00edticos establecidos para garantizar la representaci\u00f3n de ADA en la coalici\u00f3n. \u201cMe doli\u00f3 mucho el trato que recibimos; nos prometieron participaci\u00f3n y no cumplieron\u201d, declar\u00f3 el senador, quien enfatiz\u00f3 que buscar\u00e1 trabajar desde la independencia para construir una pol\u00edtica de centro\u200b.<\/p><p>\u200bRiascos explic\u00f3 que, aunque apoy\u00f3 a Petro en varias reformas clave, su relaci\u00f3n con el mandatario se deterior\u00f3 cuando el presidente prioriz\u00f3 otras aspiraciones sobre las del ADA. El senador destac\u00f3 que en diversas ocasiones intent\u00f3 dialogar con el equipo de Gobierno para expresar sus preocupaciones sobre el rumbo del pa\u00eds en temas como seguridad y derechos de las comunidades afrocolombianas, que representa su partido. \u201cEs decepcionante ver c\u00f3mo las promesas de inclusi\u00f3n se han quedado en palabras\u201d, expres\u00f3, reiterando que su decisi\u00f3n es definitiva\u200b.<\/p><figure class=\"wp-block-image size-large\"><img loading=\"lazy\" decoding=\"async\" width=\"1024\" height=\"512\" src=\"https:\/\/colombiaopina.com.co\/wp-content\/uploads\/2024\/11\/2ADA-1024x512.jpeg\" alt=\"\" class=\"wp-image-10750\" srcset=\"https:\/\/colombiaopina.com.co\/wp-content\/uploads\/2024\/11\/2ADA-1024x512.jpeg 1024w, https:\/\/colombiaopina.com.co\/wp-content\/uploads\/2024\/11\/2ADA-300x150.jpeg 300w, https:\/\/colombiaopina.com.co\/wp-content\/uploads\/2024\/11\/2ADA-768x384.jpeg 768w, https:\/\/colombiaopina.com.co\/wp-content\/uploads\/2024\/11\/2ADA-150x75.jpeg 150w, https:\/\/colombiaopina.com.co\/wp-content\/uploads\/2024\/11\/2ADA-696x348.jpeg 696w, https:\/\/colombiaopina.com.co\/wp-content\/uploads\/2024\/11\/2ADA-1068x534.jpeg 1068w, https:\/\/colombiaopina.com.co\/wp-content\/uploads\/2024\/11\/2ADA-600x300.jpeg 600w, https:\/\/colombiaopina.com.co\/wp-content\/uploads\/2024\/11\/2ADA.jpeg 1200w\" sizes=\"(max-width: 1024px) 100vw, 1024px\" \/><\/figure><p>Este anuncio se da en un momento cr\u00edtico para el Pacto Hist\u00f3rico, ya que otros partidos dentro de la coalici\u00f3n han expresado su inconformidad con la forma en que se toman las decisiones en el Gobierno. Seg\u00fan Riascos, las posiciones de ADA fueron ignoradas en temas fundamentales, lo que debilit\u00f3 la representaci\u00f3n de la comunidad afro en los debates legislativos y en la estructura de poder del pa\u00eds. \u201cNo voy a permitir que el partido se subordine a una visi\u00f3n que no reconoce nuestras necesidades y luchas\u201d, afirm\u00f3 Riascos, quien a\u00f1adi\u00f3 que desde la independencia, ADA impulsar\u00e1 iniciativas para fortalecer la seguridad y la justicia en las regiones m\u00e1s afectadas por el conflicto\u200b.<\/p><p>El partido ADA, que hasta ahora hab\u00eda sido uno de los aliados principales del Pacto Hist\u00f3rico, emprende as\u00ed un camino independiente en el Congreso. Riascos asegur\u00f3 que, aunque la independencia podr\u00eda dificultar algunas alianzas pol\u00edticas, no descarta apoyar proyectos del Gobierno que beneficien a sus comunidades, siempre que estos respeten los compromisos de inclusi\u00f3n y desarrollo regional.<\/p>","protected":false},"excerpt":{"rendered":"<p>El Partido Alianza Democr\u00e1tica Amplia (ADA), liderado por el senador Paulino Riascos, anunci\u00f3 su separaci\u00f3n del Pacto Hist\u00f3rico, la coalici\u00f3n que llev\u00f3 a Gustavo Petro a la presidencia en 2022. Riascos afirm\u00f3 que la decisi\u00f3n se debe a profundas diferencias con el Gobierno y a la falta de cumplimiento de los acuerdos pol\u00edticos establecidos para [&hellip;]<\/p>\n","protected":false},"author":4,"featured_media":10749,"comment_status":"open","ping_status":"open","sticky":false,"template":"","format":"standard","meta":{"tdm_status":"","tdm_grid_status":"","_jetpack_memberships_contains_paid_content":false,"footnotes":""},"categories":[3211,3210,86],"tags":[3212,3213,3214,135,192],"class_list":{"0":"post-10748","1":"post","2":"type-post","3":"status-publish","4":"format-standard","5":"has-post-thumbnail","7":"category-ada","8":"category-pacto-historico","9":"category-politica","10":"tag-ada","11":"tag-pacto-historico-2","12":"tag-paulino-riascos","13":"tag-petro","14":"tag-politica"},"jetpack_sharing_enabled":true,"jetpack_featured_media_url":"https:\/\/colombiaopina.com.co\/wp-content\/uploads\/2024\/11\/1ADA.jpg","amp_enabled":true,"_links":{"self":[{"href":"https:\/\/colombiaopina.com.co\/index.php\/wp-json\/wp\/v2\/posts\/10748"}],"collection":[{"href":"https:\/\/colombiaopina.com.co\/index.php\/wp-json\/wp\/v2\/posts"}],"about":[{"href":"https:\/\/colombiaopina.com.co\/index.php\/wp-json\/wp\/v2\/types\/post"}],"author":[{"embeddable":true,"href":"https:\/\/colombiaopina.com.co\/index.php\/wp-json\/wp\/v2\/users\/4"}],"replies":[{"embeddable":true,"href":"https:\/\/colombiaopina.com.co\/index.php\/wp-json\/wp\/v2\/comments?post=10748"}],"version-history":[{"count":1,"href":"https:\/\/colombiaopina.com.co\/index.php\/wp-json\/wp\/v2\/posts\/10748\/revisions"}],"predecessor-version":[{"id":10751,"href":"https:\/\/colombiaopina.com.co\/index.php\/wp-json\/wp\/v2\/posts\/10748\/revisions\/10751"}],"wp:featuredmedia":[{"embeddable":true,"href":"https:\/\/colombiaopina.com.co\/index.php\/wp-json\/wp\/v2\/media\/10749"}],"wp:attachment":[{"href":"https:\/\/colombiaopina.com.co\/index.php\/wp-json\/wp\/v2\/media?parent=10748"}],"wp:term":[{"taxonomy":"category","embeddable":true,"href":"https:\/\/colombiaopina.com.co\/index.php\/wp-json\/wp\/v2\/categories?post=10748"},{"taxonomy":"post_tag","embeddable":true,"href":"https:\/\/colombiaopina.com.co\/index.php\/wp-json\/wp\/v2\/tags?post=10748"}],"curies":[{"name":"wp","href":"https:\/\/api.w.org\/{rel}","templated":true}]}}