{"id":10676,"date":"2024-11-05T10:43:22","date_gmt":"2024-11-05T15:43:22","guid":{"rendered":"https:\/\/colombiaopina.com.co\/?p=10676"},"modified":"2024-11-05T10:43:24","modified_gmt":"2024-11-05T15:43:24","slug":"nombramiento-de-esteban-restrepo-en-ecopetrol-cuestionamientos-y-controversias-sobre-sus-antecedentes-politicos-y-financieros","status":"publish","type":"post","link":"https:\/\/colombiaopina.com.co\/index.php\/2024\/11\/05\/nombramiento-de-esteban-restrepo-en-ecopetrol-cuestionamientos-y-controversias-sobre-sus-antecedentes-politicos-y-financieros\/","title":{"rendered":"Nombramiento de Esteban Restrepo en Ecopetrol: cuestionamientos y controversias sobre sus antecedentes pol\u00edticos y financieros"},"content":{"rendered":"<p>La reciente designaci\u00f3n de Esteban Restrepo como secretario privado del presidente de Ecopetrol, Ricardo Roa, ha generado un amplio debate en distintos sectores pol\u00edticos y econ\u00f3micos del pa\u00eds. Restrepo, exsecretario de Gobierno de Medell\u00edn bajo la administraci\u00f3n de Daniel Quintero y excandidato a la Gobernaci\u00f3n de Antioquia, llega a la empresa m\u00e1s importante de Colombia en un rol estrat\u00e9gico, pese a su historial de pol\u00e9micas y cuestionamientos sobre sus capacidades y decisiones en cargos p\u00fablicos anteriores.<\/p><p>El ingreso de Restrepo, cercano a Gustavo Petro y a Quintero, a la c\u00fapula de Ecopetrol se produce en un contexto de transformaci\u00f3n dentro de la junta directiva de la empresa. Seg\u00fan informes, Restrepo cuenta con experiencia en gerencia y negocios internacionales, pero no en el \u00e1mbito energ\u00e9tico. Su carrera ha estado marcada por decisiones controvertidas y un proceso de cuestionamiento p\u00fablico, particularmente desde su paso por la administraci\u00f3n de Medell\u00edn, donde se le ha se\u00f1alado por presuntas irregularidades en el manejo de recursos y decisiones administrativas. Durante su gesti\u00f3n, el Jard\u00edn Bot\u00e1nico de Medell\u00edn enfrent\u00f3 una crisis financiera significativa en 2021, derivada en parte de la reducci\u00f3n de contratos y financiamiento desde el distrito\u200b<\/p><figure class=\"wp-block-image size-large\"><img loading=\"lazy\" decoding=\"async\" width=\"1024\" height=\"573\" src=\"https:\/\/colombiaopina.com.co\/wp-content\/uploads\/2024\/11\/2Esteban-1024x573.jpeg\" alt=\"\" class=\"wp-image-10678\" srcset=\"https:\/\/colombiaopina.com.co\/wp-content\/uploads\/2024\/11\/2Esteban-1024x573.jpeg 1024w, https:\/\/colombiaopina.com.co\/wp-content\/uploads\/2024\/11\/2Esteban-300x168.jpeg 300w, https:\/\/colombiaopina.com.co\/wp-content\/uploads\/2024\/11\/2Esteban-768x429.jpeg 768w, https:\/\/colombiaopina.com.co\/wp-content\/uploads\/2024\/11\/2Esteban-150x84.jpeg 150w, https:\/\/colombiaopina.com.co\/wp-content\/uploads\/2024\/11\/2Esteban-696x389.jpeg 696w, https:\/\/colombiaopina.com.co\/wp-content\/uploads\/2024\/11\/2Esteban-1068x597.jpeg 1068w, https:\/\/colombiaopina.com.co\/wp-content\/uploads\/2024\/11\/2Esteban-600x336.jpeg 600w, https:\/\/colombiaopina.com.co\/wp-content\/uploads\/2024\/11\/2Esteban.jpeg 1200w\" sizes=\"(max-width: 1024px) 100vw, 1024px\" \/><\/figure><p>A este historial se suma la compra de un apartamento de lujo en el sector de El Poblado, Medell\u00edn, en condiciones inusualmente favorables. La propiedad, de aproximadamente 270 metros cuadrados y con un valor de mercado estimado en $1.600 millones, fue adquirida por Restrepo a un precio reducido de $720 millones. Aunque Restrepo justific\u00f3 la compra aludiendo a sus ahorros y el apoyo financiero de su madre, el precio y las circunstancias de la transacci\u00f3n han generado suspicacias entre sus detractores. Luis Pel\u00e1ez, diputado de Antioquia, y otros l\u00edderes han criticado duramente su nombramiento en Ecopetrol, advirtiendo que el puesto podr\u00eda estar siendo aprovechado para fines ajenos a los de la empresa y que la elecci\u00f3n de un perfil con este tipo de antecedentes es \u201cinadecuada\u201d para una entidad de la magnitud de Ecopetrol\u200b.<\/p><p>Con m\u00e1s de $56.000 millones de d\u00f3lares en activos, Ecopetrol desempe\u00f1a un rol crucial en la econom\u00eda nacional, y su liderazgo ha comenzado un giro estrat\u00e9gico hacia las energ\u00edas renovables, una transici\u00f3n que representa tanto retos financieros como tecnol\u00f3gicos. La llegada de Restrepo se interpreta en algunos sectores como una movida del gobierno para consolidar su influencia en la direcci\u00f3n de la empresa, lo cual, seg\u00fan expertos, podr\u00eda afectar su autonom\u00eda y el inter\u00e9s de los inversionistas. Cr\u00edticos han advertido que esta administraci\u00f3n podr\u00eda priorizar objetivos pol\u00edticos sobre los t\u00e9cnicos, poniendo en riesgo la estabilidad financiera y operativa de Ecopetrol.<\/p><figure class=\"wp-block-image size-full\"><img loading=\"lazy\" decoding=\"async\" width=\"1024\" height=\"683\" src=\"https:\/\/colombiaopina.com.co\/wp-content\/uploads\/2024\/11\/3Esteban.jpeg\" alt=\"\" class=\"wp-image-10679\" srcset=\"https:\/\/colombiaopina.com.co\/wp-content\/uploads\/2024\/11\/3Esteban.jpeg 1024w, https:\/\/colombiaopina.com.co\/wp-content\/uploads\/2024\/11\/3Esteban-300x200.jpeg 300w, https:\/\/colombiaopina.com.co\/wp-content\/uploads\/2024\/11\/3Esteban-768x512.jpeg 768w, https:\/\/colombiaopina.com.co\/wp-content\/uploads\/2024\/11\/3Esteban-150x100.jpeg 150w, https:\/\/colombiaopina.com.co\/wp-content\/uploads\/2024\/11\/3Esteban-696x464.jpeg 696w, https:\/\/colombiaopina.com.co\/wp-content\/uploads\/2024\/11\/3Esteban-600x400.jpeg 600w\" sizes=\"(max-width: 1024px) 100vw, 1024px\" \/><\/figure><p>La pol\u00e9mica designaci\u00f3n ha planteado serias dudas sobre la independencia de la junta directiva y la direcci\u00f3n estrat\u00e9gica de la empresa en un momento clave para el sector energ\u00e9tico. Con su historial pol\u00edtico y las cr\u00edticas a sus decisiones, Restrepo enfrenta el desaf\u00edo de responder a las expectativas de un puesto de alta responsabilidad y de ganarse la confianza de sectores que ven su nombramiento como un posible debilitamiento de los principios de gesti\u00f3n corporativa en Ecopetrol.<\/p>","protected":false},"excerpt":{"rendered":"<p>La reciente designaci\u00f3n de Esteban Restrepo como secretario privado del presidente de Ecopetrol, Ricardo Roa, ha generado un amplio debate en distintos sectores pol\u00edticos y econ\u00f3micos del pa\u00eds. Restrepo, exsecretario de Gobierno de Medell\u00edn bajo la administraci\u00f3n de Daniel Quintero y excandidato a la Gobernaci\u00f3n de Antioquia, llega a la empresa m\u00e1s importante de Colombia [&hellip;]<\/p>\n","protected":false},"author":4,"featured_media":10677,"comment_status":"open","ping_status":"open","sticky":false,"template":"","format":"standard","meta":{"tdm_status":"","tdm_grid_status":"","_jetpack_memberships_contains_paid_content":false,"footnotes":""},"categories":[3174,89,2576],"tags":[736,541,542,1743,2418],"class_list":{"0":"post-10676","1":"post","2":"type-post","3":"status-publish","4":"format-standard","5":"has-post-thumbnail","7":"category-daniel-quintero","8":"category-economia","9":"category-ecopetrol","10":"tag-daniel-quintero","11":"tag-economia","12":"tag-ecopetrol","13":"tag-esteban-restrepo","14":"tag-ricardo-roa"},"jetpack_sharing_enabled":true,"jetpack_featured_media_url":"https:\/\/colombiaopina.com.co\/wp-content\/uploads\/2024\/11\/1Esteban.jpeg","amp_enabled":true,"_links":{"self":[{"href":"https:\/\/colombiaopina.com.co\/index.php\/wp-json\/wp\/v2\/posts\/10676"}],"collection":[{"href":"https:\/\/colombiaopina.com.co\/index.php\/wp-json\/wp\/v2\/posts"}],"about":[{"href":"https:\/\/colombiaopina.com.co\/index.php\/wp-json\/wp\/v2\/types\/post"}],"author":[{"embeddable":true,"href":"https:\/\/colombiaopina.com.co\/index.php\/wp-json\/wp\/v2\/users\/4"}],"replies":[{"embeddable":true,"href":"https:\/\/colombiaopina.com.co\/index.php\/wp-json\/wp\/v2\/comments?post=10676"}],"version-history":[{"count":1,"href":"https:\/\/colombiaopina.com.co\/index.php\/wp-json\/wp\/v2\/posts\/10676\/revisions"}],"predecessor-version":[{"id":10680,"href":"https:\/\/colombiaopina.com.co\/index.php\/wp-json\/wp\/v2\/posts\/10676\/revisions\/10680"}],"wp:featuredmedia":[{"embeddable":true,"href":"https:\/\/colombiaopina.com.co\/index.php\/wp-json\/wp\/v2\/media\/10677"}],"wp:attachment":[{"href":"https:\/\/colombiaopina.com.co\/index.php\/wp-json\/wp\/v2\/media?parent=10676"}],"wp:term":[{"taxonomy":"category","embeddable":true,"href":"https:\/\/colombiaopina.com.co\/index.php\/wp-json\/wp\/v2\/categories?post=10676"},{"taxonomy":"post_tag","embeddable":true,"href":"https:\/\/colombiaopina.com.co\/index.php\/wp-json\/wp\/v2\/tags?post=10676"}],"curies":[{"name":"wp","href":"https:\/\/api.w.org\/{rel}","templated":true}]}}