{"id":10669,"date":"2024-11-05T10:06:31","date_gmt":"2024-11-05T15:06:31","guid":{"rendered":"https:\/\/colombiaopina.com.co\/?p=10669"},"modified":"2024-11-05T10:06:33","modified_gmt":"2024-11-05T15:06:33","slug":"crisis-en-el-ministerio-de-trabajo-funcionarios-denuncian-falta-de-pagos-y-senalan-persecucion-laboral","status":"publish","type":"post","link":"https:\/\/colombiaopina.com.co\/index.php\/2024\/11\/05\/crisis-en-el-ministerio-de-trabajo-funcionarios-denuncian-falta-de-pagos-y-senalan-persecucion-laboral\/","title":{"rendered":"Crisis en el Ministerio de Trabajo: funcionarios denuncian falta de pagos y se\u00f1alan \u201cpersecuci\u00f3n laboral\u201d"},"content":{"rendered":"<p>El Ministerio de Trabajo de Colombia enfrenta una crisis interna con denuncias de impago a varios de sus funcionarios, algunos de los cuales aseguran no haber recibido salarios ni prestaciones desde junio de 2024. Las quejas provienen principalmente de trabajadores en huelga, quienes han tomado acciones legales en busca de protecci\u00f3n laboral y se\u00f1alan que estas omisiones vulneran sus derechos fundamentales, especialmente los de quienes tienen condiciones especiales de salud o familiares con discapacidad.<\/p><figure class=\"wp-block-image size-large\"><img loading=\"lazy\" decoding=\"async\" width=\"1024\" height=\"576\" src=\"https:\/\/colombiaopina.com.co\/wp-content\/uploads\/2024\/11\/2Mintrabajo-1024x576.jpeg\" alt=\"\" class=\"wp-image-10671\" srcset=\"https:\/\/colombiaopina.com.co\/wp-content\/uploads\/2024\/11\/2Mintrabajo-1024x576.jpeg 1024w, https:\/\/colombiaopina.com.co\/wp-content\/uploads\/2024\/11\/2Mintrabajo-300x169.jpeg 300w, https:\/\/colombiaopina.com.co\/wp-content\/uploads\/2024\/11\/2Mintrabajo-768x432.jpeg 768w, https:\/\/colombiaopina.com.co\/wp-content\/uploads\/2024\/11\/2Mintrabajo-150x84.jpeg 150w, https:\/\/colombiaopina.com.co\/wp-content\/uploads\/2024\/11\/2Mintrabajo-696x392.jpeg 696w, https:\/\/colombiaopina.com.co\/wp-content\/uploads\/2024\/11\/2Mintrabajo-1068x601.jpeg 1068w, https:\/\/colombiaopina.com.co\/wp-content\/uploads\/2024\/11\/2Mintrabajo-600x338.jpeg 600w, https:\/\/colombiaopina.com.co\/wp-content\/uploads\/2024\/11\/2Mintrabajo.jpeg 1200w\" sizes=\"(max-width: 1024px) 100vw, 1024px\" \/><\/figure><p>De acuerdo con declaraciones de l\u00edderes sindicales, aproximadamente 700 empleados han sido afectados por la demora en sus pagos. Las irregularidades han llevado a los trabajadores a interponer acciones de tutela, que en algunos casos lograron suspender temporalmente el concurso de m\u00e9ritos para 1.300 cargos, al considerar que su situaci\u00f3n laboral les impide participar en el proceso en igualdad de condiciones. El vocero sindical Eliazar Falla afirm\u00f3 que esta \u201cretenci\u00f3n ilegal de salarios\u201d no solo afecta la subsistencia de las familias, sino que constituye un acto de \u201cpersecuci\u00f3n sindical\u201d, con presiones para que los empleados en huelga renuncien a sus demandas y regresen a trabajar sin que se cumplan sus exigencias\u200b<\/p><div class=\"wp-block-image\"><figure class=\"aligncenter size-full\"><img loading=\"lazy\" decoding=\"async\" width=\"585\" height=\"329\" src=\"https:\/\/colombiaopina.com.co\/wp-content\/uploads\/2024\/11\/3Mintrabajo.png\" alt=\"\" class=\"wp-image-10672\" srcset=\"https:\/\/colombiaopina.com.co\/wp-content\/uploads\/2024\/11\/3Mintrabajo.png 585w, https:\/\/colombiaopina.com.co\/wp-content\/uploads\/2024\/11\/3Mintrabajo-300x169.png 300w, https:\/\/colombiaopina.com.co\/wp-content\/uploads\/2024\/11\/3Mintrabajo-150x84.png 150w\" sizes=\"(max-width: 585px) 100vw, 585px\" \/><\/figure><\/div><p>La situaci\u00f3n se agrava con reportes de intimidaci\u00f3n por parte de directores regionales del ministerio, quienes presuntamente han enviado mensajes y realizado llamadas para presionar a los trabajadores a retomar sus funciones bajo amenazas de transferencias no deseadas a otras entidades p\u00fablicas. Seg\u00fan Falla, esta t\u00e1ctica de presi\u00f3n ha creado un ambiente laboral hostil que incrementa la tensi\u00f3n en medio del paro y aumenta la incertidumbre sobre el futuro de los acuerdos colectivos de la entidad.<\/p><p>Hasta el momento, el Ministerio de Trabajo no ha emitido un comunicado oficial para responder a las denuncias. En consecuencia, los trabajadores han decidido mantener la huelga, reclamando condiciones laborales dignas y cumplimiento en los pagos. Adem\u00e1s, organizaciones de derechos laborales y sindicatos han expresado su preocupaci\u00f3n por el impacto de esta crisis en la estabilidad institucional del ministerio, cuya misi\u00f3n es velar por los derechos laborales de todos los colombianos.<\/p><p><\/p>","protected":false},"excerpt":{"rendered":"<p>El Ministerio de Trabajo de Colombia enfrenta una crisis interna con denuncias de impago a varios de sus funcionarios, algunos de los cuales aseguran no haber recibido salarios ni prestaciones desde junio de 2024. Las quejas provienen principalmente de trabajadores en huelga, quienes han tomado acciones legales en busca de protecci\u00f3n laboral y se\u00f1alan que [&hellip;]<\/p>\n","protected":false},"author":4,"featured_media":10670,"comment_status":"open","ping_status":"open","sticky":false,"template":"","format":"standard","meta":{"tdm_status":"","tdm_grid_status":"","_jetpack_memberships_contains_paid_content":false,"footnotes":""},"categories":[39,3172,2665],"tags":[93,3173,1342,2664],"class_list":{"0":"post-10669","1":"post","2":"type-post","3":"status-publish","4":"format-standard","5":"has-post-thumbnail","7":"category-colombia","8":"category-mintrabajo","9":"category-sindicatos","10":"tag-colombia","11":"tag-derechos-laborales","12":"tag-mintrabajo","13":"tag-sindicatos"},"jetpack_sharing_enabled":true,"jetpack_featured_media_url":"https:\/\/colombiaopina.com.co\/wp-content\/uploads\/2024\/11\/1Mintrabajo.jpg","amp_enabled":true,"_links":{"self":[{"href":"https:\/\/colombiaopina.com.co\/index.php\/wp-json\/wp\/v2\/posts\/10669"}],"collection":[{"href":"https:\/\/colombiaopina.com.co\/index.php\/wp-json\/wp\/v2\/posts"}],"about":[{"href":"https:\/\/colombiaopina.com.co\/index.php\/wp-json\/wp\/v2\/types\/post"}],"author":[{"embeddable":true,"href":"https:\/\/colombiaopina.com.co\/index.php\/wp-json\/wp\/v2\/users\/4"}],"replies":[{"embeddable":true,"href":"https:\/\/colombiaopina.com.co\/index.php\/wp-json\/wp\/v2\/comments?post=10669"}],"version-history":[{"count":1,"href":"https:\/\/colombiaopina.com.co\/index.php\/wp-json\/wp\/v2\/posts\/10669\/revisions"}],"predecessor-version":[{"id":10673,"href":"https:\/\/colombiaopina.com.co\/index.php\/wp-json\/wp\/v2\/posts\/10669\/revisions\/10673"}],"wp:featuredmedia":[{"embeddable":true,"href":"https:\/\/colombiaopina.com.co\/index.php\/wp-json\/wp\/v2\/media\/10670"}],"wp:attachment":[{"href":"https:\/\/colombiaopina.com.co\/index.php\/wp-json\/wp\/v2\/media?parent=10669"}],"wp:term":[{"taxonomy":"category","embeddable":true,"href":"https:\/\/colombiaopina.com.co\/index.php\/wp-json\/wp\/v2\/categories?post=10669"},{"taxonomy":"post_tag","embeddable":true,"href":"https:\/\/colombiaopina.com.co\/index.php\/wp-json\/wp\/v2\/tags?post=10669"}],"curies":[{"name":"wp","href":"https:\/\/api.w.org\/{rel}","templated":true}]}}