{"id":10664,"date":"2024-11-05T09:45:29","date_gmt":"2024-11-05T14:45:29","guid":{"rendered":"https:\/\/colombiaopina.com.co\/?p=10664"},"modified":"2024-11-05T09:45:30","modified_gmt":"2024-11-05T14:45:30","slug":"depresion-tropical-activa-alertas-en-el-caribe-colombiano-y-pone-en-riesgo-a-siete-departamentos","status":"publish","type":"post","link":"https:\/\/colombiaopina.com.co\/index.php\/2024\/11\/05\/depresion-tropical-activa-alertas-en-el-caribe-colombiano-y-pone-en-riesgo-a-siete-departamentos\/","title":{"rendered":"Depresi\u00f3n tropical activa alertas en el Caribe colombiano y pone en riesgo a siete departamentos"},"content":{"rendered":"<p>Una depresi\u00f3n tropical en el mar Caribe ha puesto en alerta a los departamentos de La Guajira, Magdalena, Atl\u00e1ntico, Bol\u00edvar, Cesar, Sucre y el archipi\u00e9lago de San Andr\u00e9s y Providencia, debido a las fuertes lluvias y vientos que amenaza con traer en los pr\u00f3ximos d\u00edas. Seg\u00fan el Instituto de Hidrolog\u00eda, Meteorolog\u00eda y Estudios Ambientales (Ideam), el fen\u00f3meno podr\u00eda intensificarse, elevando los niveles de riesgo en las zonas costeras y monta\u00f1osas de Colombia\u200b<\/p><figure class=\"wp-block-image size-full\"><img loading=\"lazy\" decoding=\"async\" width=\"780\" height=\"565\" src=\"https:\/\/colombiaopina.com.co\/wp-content\/uploads\/2024\/11\/2Ciclon.jpeg\" alt=\"\" class=\"wp-image-10666\" srcset=\"https:\/\/colombiaopina.com.co\/wp-content\/uploads\/2024\/11\/2Ciclon.jpeg 780w, https:\/\/colombiaopina.com.co\/wp-content\/uploads\/2024\/11\/2Ciclon-300x217.jpeg 300w, https:\/\/colombiaopina.com.co\/wp-content\/uploads\/2024\/11\/2Ciclon-768x556.jpeg 768w, https:\/\/colombiaopina.com.co\/wp-content\/uploads\/2024\/11\/2Ciclon-150x109.jpeg 150w, https:\/\/colombiaopina.com.co\/wp-content\/uploads\/2024\/11\/2Ciclon-696x504.jpeg 696w, https:\/\/colombiaopina.com.co\/wp-content\/uploads\/2024\/11\/2Ciclon-600x435.jpeg 600w\" sizes=\"(max-width: 780px) 100vw, 780px\" \/><\/figure><p>Desde este fin de semana, se esperan lluvias de moderadas a intensas en el litoral Caribe y en \u00e1reas como la Sierra Nevada de Santa Marta, que adem\u00e1s podr\u00edan generar deslizamientos de tierra en las \u00e1reas monta\u00f1osas y causar incrementos s\u00fabitos en los r\u00edos de la regi\u00f3n. Las autoridades locales, junto con la Unidad Nacional para la Gesti\u00f3n del Riesgo de Desastres (UNGRD), han activado el Plan Nacional de Respuesta para prevenir emergencias y han pedido a las comunidades seguir las recomendaciones de seguridad\u200b<\/p><p>Las recomendaciones para la ciudadan\u00eda incluyen evitar actividades al aire libre, no transitar por zonas de alto riesgo y mantenerse alejado de las playas ante posibles aumentos en el oleaje. La directora del Ideam, Yolanda Gonz\u00e1lez, enfatiz\u00f3 que \u201cla colaboraci\u00f3n ciudadana es vital para reducir el impacto de este fen\u00f3meno\u201d, subrayando la necesidad de estar atentos a cualquier cambio en el clima o las condiciones del mar\u200b<\/p><figure class=\"wp-block-image size-full\"><img loading=\"lazy\" decoding=\"async\" width=\"657\" height=\"415\" src=\"https:\/\/colombiaopina.com.co\/wp-content\/uploads\/2024\/11\/3Ciclon.jpg\" alt=\"\" class=\"wp-image-10667\" srcset=\"https:\/\/colombiaopina.com.co\/wp-content\/uploads\/2024\/11\/3Ciclon.jpg 657w, https:\/\/colombiaopina.com.co\/wp-content\/uploads\/2024\/11\/3Ciclon-300x189.jpg 300w, https:\/\/colombiaopina.com.co\/wp-content\/uploads\/2024\/11\/3Ciclon-150x95.jpg 150w, https:\/\/colombiaopina.com.co\/wp-content\/uploads\/2024\/11\/3Ciclon-600x379.jpg 600w\" sizes=\"(max-width: 657px) 100vw, 657px\" \/><\/figure><p>La UNGRD ha establecido una Mesa T\u00e9cnica de Alerta que monitorea permanentemente la situaci\u00f3n junto con la Fuerza A\u00e9rea y la Direcci\u00f3n General Mar\u00edtima (Dimar), en un esfuerzo por prevenir incidentes mayores en las regiones vulnerables. La temporada de huracanes ha tenido una actividad inusual este a\u00f1o, y las condiciones de El Ni\u00f1o han intensificado las amenazas clim\u00e1ticas en el Caribe colombiano.<\/p>","protected":false},"excerpt":{"rendered":"<p>Una depresi\u00f3n tropical en el mar Caribe ha puesto en alerta a los departamentos de La Guajira, Magdalena, Atl\u00e1ntico, Bol\u00edvar, Cesar, Sucre y el archipi\u00e9lago de San Andr\u00e9s y Providencia, debido a las fuertes lluvias y vientos que amenaza con traer en los pr\u00f3ximos d\u00edas. Seg\u00fan el Instituto de Hidrolog\u00eda, Meteorolog\u00eda y Estudios Ambientales (Ideam), [&hellip;]<\/p>\n","protected":false},"author":4,"featured_media":10665,"comment_status":"open","ping_status":"open","sticky":false,"template":"","format":"standard","meta":{"tdm_status":"","tdm_grid_status":"","_jetpack_memberships_contains_paid_content":false,"footnotes":""},"categories":[39,3166,44],"tags":[282,2473,3023,2474,93,3168,1334,3169,426,3171,2251],"class_list":{"0":"post-10664","1":"post","2":"type-post","3":"status-publish","4":"format-standard","5":"has-post-thumbnail","7":"category-colombia","8":"category-ideam","9":"category-medio-ambiente","10":"tag-antioquia","11":"tag-atlantico-2","12":"tag-bolivar-2","13":"tag-cesar","14":"tag-colombia","15":"tag-ideam","16":"tag-la-guajira","17":"tag-magdalena","18":"tag-medio-ambiente","19":"tag-san-andres-y-providencia-2","20":"tag-sucre"},"jetpack_sharing_enabled":true,"jetpack_featured_media_url":"https:\/\/colombiaopina.com.co\/wp-content\/uploads\/2024\/11\/1Ciclon-scaled.jpg","amp_enabled":true,"_links":{"self":[{"href":"https:\/\/colombiaopina.com.co\/index.php\/wp-json\/wp\/v2\/posts\/10664"}],"collection":[{"href":"https:\/\/colombiaopina.com.co\/index.php\/wp-json\/wp\/v2\/posts"}],"about":[{"href":"https:\/\/colombiaopina.com.co\/index.php\/wp-json\/wp\/v2\/types\/post"}],"author":[{"embeddable":true,"href":"https:\/\/colombiaopina.com.co\/index.php\/wp-json\/wp\/v2\/users\/4"}],"replies":[{"embeddable":true,"href":"https:\/\/colombiaopina.com.co\/index.php\/wp-json\/wp\/v2\/comments?post=10664"}],"version-history":[{"count":1,"href":"https:\/\/colombiaopina.com.co\/index.php\/wp-json\/wp\/v2\/posts\/10664\/revisions"}],"predecessor-version":[{"id":10668,"href":"https:\/\/colombiaopina.com.co\/index.php\/wp-json\/wp\/v2\/posts\/10664\/revisions\/10668"}],"wp:featuredmedia":[{"embeddable":true,"href":"https:\/\/colombiaopina.com.co\/index.php\/wp-json\/wp\/v2\/media\/10665"}],"wp:attachment":[{"href":"https:\/\/colombiaopina.com.co\/index.php\/wp-json\/wp\/v2\/media?parent=10664"}],"wp:term":[{"taxonomy":"category","embeddable":true,"href":"https:\/\/colombiaopina.com.co\/index.php\/wp-json\/wp\/v2\/categories?post=10664"},{"taxonomy":"post_tag","embeddable":true,"href":"https:\/\/colombiaopina.com.co\/index.php\/wp-json\/wp\/v2\/tags?post=10664"}],"curies":[{"name":"wp","href":"https:\/\/api.w.org\/{rel}","templated":true}]}}