{"id":10659,"date":"2024-11-05T09:40:38","date_gmt":"2024-11-05T14:40:38","guid":{"rendered":"https:\/\/colombiaopina.com.co\/?p=10659"},"modified":"2024-11-05T09:40:40","modified_gmt":"2024-11-05T14:40:40","slug":"cop16-cierra-con-fondo-de-biodiversidad-pero-enfrenta-criticas-por-falta-de-financiacion-para-el-cambio-climatico","status":"publish","type":"post","link":"https:\/\/colombiaopina.com.co\/index.php\/2024\/11\/05\/cop16-cierra-con-fondo-de-biodiversidad-pero-enfrenta-criticas-por-falta-de-financiacion-para-el-cambio-climatico\/","title":{"rendered":"COP16 cierra con fondo de biodiversidad, pero enfrenta cr\u00edticas por falta de financiaci\u00f3n para el cambio clim\u00e1tico"},"content":{"rendered":"<p>La COP16, celebrada en Cali, Colombia, finaliz\u00f3 con la aprobaci\u00f3n de varios compromisos para la conservaci\u00f3n de la biodiversidad, pero con una preocupaci\u00f3n latente por la falta de avances en la financiaci\u00f3n clim\u00e1tica. El evento, que reuni\u00f3 a delegaciones de 196 pa\u00edses, culmin\u00f3 tras intensas negociaciones y con el anuncio de la creaci\u00f3n del \u00abFondo Cali\u00bb, un mecanismo que distribuir\u00e1 beneficios derivados del uso de informaci\u00f3n gen\u00e9tica, incluyendo conocimientos ancestrales de comunidades ind\u00edgenas y afrodescendientes\u200b<\/p><figure class=\"wp-block-image size-large\"><img loading=\"lazy\" decoding=\"async\" width=\"1024\" height=\"682\" src=\"https:\/\/colombiaopina.com.co\/wp-content\/uploads\/2024\/11\/2COP16-1024x682.jpg\" alt=\"\" class=\"wp-image-10661\" srcset=\"https:\/\/colombiaopina.com.co\/wp-content\/uploads\/2024\/11\/2COP16-1024x682.jpg 1024w, https:\/\/colombiaopina.com.co\/wp-content\/uploads\/2024\/11\/2COP16-300x200.jpg 300w, https:\/\/colombiaopina.com.co\/wp-content\/uploads\/2024\/11\/2COP16-768x511.jpg 768w, https:\/\/colombiaopina.com.co\/wp-content\/uploads\/2024\/11\/2COP16-150x100.jpg 150w, https:\/\/colombiaopina.com.co\/wp-content\/uploads\/2024\/11\/2COP16-696x463.jpg 696w, https:\/\/colombiaopina.com.co\/wp-content\/uploads\/2024\/11\/2COP16-1068x711.jpg 1068w, https:\/\/colombiaopina.com.co\/wp-content\/uploads\/2024\/11\/2COP16-600x399.jpg 600w, https:\/\/colombiaopina.com.co\/wp-content\/uploads\/2024\/11\/2COP16.jpg 1110w\" sizes=\"(max-width: 1024px) 100vw, 1024px\" \/><\/figure><p>Entre los logros de la cumbre se encuentra el marco para proteger el 30% de los ecosistemas marinos antes de 2030, en l\u00ednea con el Marco Global de Biodiversidad Kunming-Montreal. Sin embargo, grupos ambientalistas han criticado que muchas propuestas clave fueron diluidas en el texto final. El tema de la biolog\u00eda sint\u00e9tica, por ejemplo, se mantuvo con un enfoque comercial, pese a los riesgos potenciales que podr\u00eda tener sobre los ecosistemas naturales\u200b<\/p><p>La ministra de Ambiente de Colombia, Susana Muhamad, destac\u00f3 que el \u00abFondo Cali\u00bb simboliza el compromiso de la regi\u00f3n para proteger sus recursos, pero reconoci\u00f3 que los mecanismos de mercado dominan la discusi\u00f3n sobre conservaci\u00f3n, lo cual ha generado controversia entre los pa\u00edses participantes. Ant\u00f3nio Guterres, secretario general de la ONU, inst\u00f3 a las naciones a movilizar m\u00e1s fondos, recordando que el colapso de servicios de la naturaleza podr\u00eda representar p\u00e9rdidas anuales de billones de d\u00f3lares para la econom\u00eda mundial\u200b<\/p><figure class=\"wp-block-image size-large\"><img loading=\"lazy\" decoding=\"async\" width=\"1024\" height=\"682\" src=\"https:\/\/colombiaopina.com.co\/wp-content\/uploads\/2024\/11\/3COP16-1024x682.jpg\" alt=\"\" class=\"wp-image-10662\" srcset=\"https:\/\/colombiaopina.com.co\/wp-content\/uploads\/2024\/11\/3COP16-1024x682.jpg 1024w, https:\/\/colombiaopina.com.co\/wp-content\/uploads\/2024\/11\/3COP16-300x200.jpg 300w, https:\/\/colombiaopina.com.co\/wp-content\/uploads\/2024\/11\/3COP16-768x511.jpg 768w, https:\/\/colombiaopina.com.co\/wp-content\/uploads\/2024\/11\/3COP16-150x100.jpg 150w, https:\/\/colombiaopina.com.co\/wp-content\/uploads\/2024\/11\/3COP16-696x463.jpg 696w, https:\/\/colombiaopina.com.co\/wp-content\/uploads\/2024\/11\/3COP16-1068x711.jpg 1068w, https:\/\/colombiaopina.com.co\/wp-content\/uploads\/2024\/11\/3COP16-600x399.jpg 600w, https:\/\/colombiaopina.com.co\/wp-content\/uploads\/2024\/11\/3COP16.jpg 1110w\" sizes=\"(max-width: 1024px) 100vw, 1024px\" \/><\/figure><p>La COP16 deja un camino incierto en cuanto a la implementaci\u00f3n de estos acuerdos y la movilizaci\u00f3n de recursos. Aunque las metas planteadas son ambiciosas, los expertos advierten que sin un incremento en la financiaci\u00f3n, especialmente para pa\u00edses en desarrollo, los objetivos a largo plazo podr\u00edan ser inalcanzables, poniendo en riesgo la biodiversidad global y la lucha contra la crisis clim\u00e1tica.<\/p>","protected":false},"excerpt":{"rendered":"<p>La COP16, celebrada en Cali, Colombia, finaliz\u00f3 con la aprobaci\u00f3n de varios compromisos para la conservaci\u00f3n de la biodiversidad, pero con una preocupaci\u00f3n latente por la falta de avances en la financiaci\u00f3n clim\u00e1tica. El evento, que reuni\u00f3 a delegaciones de 196 pa\u00edses, culmin\u00f3 tras intensas negociaciones y con el anuncio de la creaci\u00f3n del \u00abFondo [&hellip;]<\/p>\n","protected":false},"author":4,"featured_media":10660,"comment_status":"open","ping_status":"open","sticky":false,"template":"","format":"standard","meta":{"tdm_status":"","tdm_grid_status":"","_jetpack_memberships_contains_paid_content":false,"footnotes":""},"categories":[39,2656,44],"tags":[3165,93,1971,426,3100],"class_list":{"0":"post-10659","1":"post","2":"type-post","3":"status-publish","4":"format-standard","5":"has-post-thumbnail","7":"category-colombia","8":"category-cop16","9":"category-medio-ambiente","10":"tag-cambio-climatico-2","11":"tag-colombia","12":"tag-cop16","13":"tag-medio-ambiente","14":"tag-sostenibilidad"},"jetpack_sharing_enabled":true,"jetpack_featured_media_url":"https:\/\/colombiaopina.com.co\/wp-content\/uploads\/2024\/11\/1COP16.jpg","amp_enabled":true,"_links":{"self":[{"href":"https:\/\/colombiaopina.com.co\/index.php\/wp-json\/wp\/v2\/posts\/10659"}],"collection":[{"href":"https:\/\/colombiaopina.com.co\/index.php\/wp-json\/wp\/v2\/posts"}],"about":[{"href":"https:\/\/colombiaopina.com.co\/index.php\/wp-json\/wp\/v2\/types\/post"}],"author":[{"embeddable":true,"href":"https:\/\/colombiaopina.com.co\/index.php\/wp-json\/wp\/v2\/users\/4"}],"replies":[{"embeddable":true,"href":"https:\/\/colombiaopina.com.co\/index.php\/wp-json\/wp\/v2\/comments?post=10659"}],"version-history":[{"count":1,"href":"https:\/\/colombiaopina.com.co\/index.php\/wp-json\/wp\/v2\/posts\/10659\/revisions"}],"predecessor-version":[{"id":10663,"href":"https:\/\/colombiaopina.com.co\/index.php\/wp-json\/wp\/v2\/posts\/10659\/revisions\/10663"}],"wp:featuredmedia":[{"embeddable":true,"href":"https:\/\/colombiaopina.com.co\/index.php\/wp-json\/wp\/v2\/media\/10660"}],"wp:attachment":[{"href":"https:\/\/colombiaopina.com.co\/index.php\/wp-json\/wp\/v2\/media?parent=10659"}],"wp:term":[{"taxonomy":"category","embeddable":true,"href":"https:\/\/colombiaopina.com.co\/index.php\/wp-json\/wp\/v2\/categories?post=10659"},{"taxonomy":"post_tag","embeddable":true,"href":"https:\/\/colombiaopina.com.co\/index.php\/wp-json\/wp\/v2\/tags?post=10659"}],"curies":[{"name":"wp","href":"https:\/\/api.w.org\/{rel}","templated":true}]}}