{"id":10600,"date":"2024-11-01T10:41:13","date_gmt":"2024-11-01T15:41:13","guid":{"rendered":"https:\/\/colombiaopina.com.co\/?p=10600"},"modified":"2024-11-01T10:41:15","modified_gmt":"2024-11-01T15:41:15","slug":"decreto-del-minjusticia-propone-uso-legal-de-coca-y-amapola-para-transformar-la-economia-rural","status":"publish","type":"post","link":"https:\/\/colombiaopina.com.co\/index.php\/2024\/11\/01\/decreto-del-minjusticia-propone-uso-legal-de-coca-y-amapola-para-transformar-la-economia-rural\/","title":{"rendered":"Decreto del MinJusticia propone uso legal de coca y amapola para transformar la econom\u00eda rural"},"content":{"rendered":"<p>El Ministerio de Justicia de Colombia tiene listo un decreto que permitir\u00e1 el uso legal de las plantas de coca y amapola para producir art\u00edculos industriales y medicinales, en un intento por reorientar la econom\u00eda de las zonas rurales afectadas por el conflicto y el narcotr\u00e1fico. Este marco regulatorio habilitar\u00e1 a entidades p\u00fablicas y organizaciones campesinas a cultivar estas plantas para la fabricaci\u00f3n de productos como fertilizantes, cosm\u00e9ticos, alimentos y hasta medicamentos.<\/p><figure class=\"wp-block-image size-large\"><img loading=\"lazy\" decoding=\"async\" width=\"1024\" height=\"538\" src=\"https:\/\/colombiaopina.com.co\/wp-content\/uploads\/2024\/11\/2Coca-1024x538.jpeg\" alt=\"\" class=\"wp-image-10602\" srcset=\"https:\/\/colombiaopina.com.co\/wp-content\/uploads\/2024\/11\/2Coca-1024x538.jpeg 1024w, https:\/\/colombiaopina.com.co\/wp-content\/uploads\/2024\/11\/2Coca-300x158.jpeg 300w, https:\/\/colombiaopina.com.co\/wp-content\/uploads\/2024\/11\/2Coca-768x403.jpeg 768w, https:\/\/colombiaopina.com.co\/wp-content\/uploads\/2024\/11\/2Coca-150x79.jpeg 150w, https:\/\/colombiaopina.com.co\/wp-content\/uploads\/2024\/11\/2Coca-696x365.jpeg 696w, https:\/\/colombiaopina.com.co\/wp-content\/uploads\/2024\/11\/2Coca-1068x561.jpeg 1068w, https:\/\/colombiaopina.com.co\/wp-content\/uploads\/2024\/11\/2Coca-600x315.jpeg 600w, https:\/\/colombiaopina.com.co\/wp-content\/uploads\/2024\/11\/2Coca.jpeg 1200w\" sizes=\"(max-width: 1024px) 100vw, 1024px\" \/><\/figure><p>Con vigencia inicial de cinco a\u00f1os y posibilidad de renovaci\u00f3n, esta regulaci\u00f3n contar\u00e1 con la supervisi\u00f3n del Consejo Nacional de Estupefacientes y exige la participaci\u00f3n de las comunidades locales. El ministro N\u00e9stor Osuna explic\u00f3 que la nueva medida busca abrir oportunidades para los campesinos que han dependido de cultivos il\u00edcitos, permiti\u00e9ndoles convertirse en proveedores para industrias legales que aprovechen los beneficios de estas plantas\u200b<\/p><p>Este decreto marca un cambio significativo, ya que, hasta ahora, el uso de la coca en Colombia estaba limitado a las pr\u00e1cticas ancestrales de las comunidades ind\u00edgenas. La norma prohib\u00eda cualquier aplicaci\u00f3n industrial, lo que dejaba a las comunidades fuera de oportunidades de negocio legales. Seg\u00fan el decreto, las comunidades interesadas podr\u00e1n solicitar licencias de cultivo, y tambi\u00e9n se contempla la participaci\u00f3n del sector privado, facilitando as\u00ed un modelo de negocio m\u00e1s amplio y beneficioso.<\/p><figure class=\"wp-block-image size-large\"><img loading=\"lazy\" decoding=\"async\" width=\"1024\" height=\"512\" src=\"https:\/\/colombiaopina.com.co\/wp-content\/uploads\/2024\/11\/3Coca-1024x512.jpeg\" alt=\"\" class=\"wp-image-10603\" srcset=\"https:\/\/colombiaopina.com.co\/wp-content\/uploads\/2024\/11\/3Coca-1024x512.jpeg 1024w, https:\/\/colombiaopina.com.co\/wp-content\/uploads\/2024\/11\/3Coca-300x150.jpeg 300w, https:\/\/colombiaopina.com.co\/wp-content\/uploads\/2024\/11\/3Coca-768x384.jpeg 768w, https:\/\/colombiaopina.com.co\/wp-content\/uploads\/2024\/11\/3Coca-150x75.jpeg 150w, https:\/\/colombiaopina.com.co\/wp-content\/uploads\/2024\/11\/3Coca-696x348.jpeg 696w, https:\/\/colombiaopina.com.co\/wp-content\/uploads\/2024\/11\/3Coca-1068x534.jpeg 1068w, https:\/\/colombiaopina.com.co\/wp-content\/uploads\/2024\/11\/3Coca-600x300.jpeg 600w, https:\/\/colombiaopina.com.co\/wp-content\/uploads\/2024\/11\/3Coca.jpeg 1200w\" sizes=\"(max-width: 1024px) 100vw, 1024px\" \/><\/figure><p>Para evitar abusos, el Ministerio de Defensa y la Fiscal\u00eda continuar\u00e1n persiguiendo penalmente el procesamiento de coca\u00edna. Osuna reafirm\u00f3 que la transformaci\u00f3n industrial de la coca y la amapola no implica legalizar el narcotr\u00e1fico, sino establecer un camino para que las comunidades rurales ingresen en mercados formales bajo un control estatal riguroso\u200b<\/p>","protected":false},"excerpt":{"rendered":"<p>El Ministerio de Justicia de Colombia tiene listo un decreto que permitir\u00e1 el uso legal de las plantas de coca y amapola para producir art\u00edculos industriales y medicinales, en un intento por reorientar la econom\u00eda de las zonas rurales afectadas por el conflicto y el narcotr\u00e1fico. Este marco regulatorio habilitar\u00e1 a entidades p\u00fablicas y organizaciones [&hellip;]<\/p>\n","protected":false},"author":4,"featured_media":10601,"comment_status":"open","ping_status":"open","sticky":false,"template":"","format":"standard","meta":{"tdm_status":"","tdm_grid_status":"","_jetpack_memberships_contains_paid_content":false,"footnotes":""},"categories":[3138,2841,2959],"tags":[3139,2277,3140,541,2843,1744],"class_list":{"0":"post-10600","1":"post","2":"type-post","3":"status-publish","4":"format-standard","5":"has-post-thumbnail","7":"category-amapola","8":"category-hoja-de-coca","9":"category-minjusticia","10":"tag-amapola","11":"tag-campesinos","12":"tag-consejo-nacional-de-estupefacientes","13":"tag-economia","14":"tag-hoja-de-coca","15":"tag-minjusticia"},"jetpack_sharing_enabled":true,"jetpack_featured_media_url":"https:\/\/colombiaopina.com.co\/wp-content\/uploads\/2024\/11\/1Coca.jpeg","amp_enabled":true,"_links":{"self":[{"href":"https:\/\/colombiaopina.com.co\/index.php\/wp-json\/wp\/v2\/posts\/10600"}],"collection":[{"href":"https:\/\/colombiaopina.com.co\/index.php\/wp-json\/wp\/v2\/posts"}],"about":[{"href":"https:\/\/colombiaopina.com.co\/index.php\/wp-json\/wp\/v2\/types\/post"}],"author":[{"embeddable":true,"href":"https:\/\/colombiaopina.com.co\/index.php\/wp-json\/wp\/v2\/users\/4"}],"replies":[{"embeddable":true,"href":"https:\/\/colombiaopina.com.co\/index.php\/wp-json\/wp\/v2\/comments?post=10600"}],"version-history":[{"count":1,"href":"https:\/\/colombiaopina.com.co\/index.php\/wp-json\/wp\/v2\/posts\/10600\/revisions"}],"predecessor-version":[{"id":10604,"href":"https:\/\/colombiaopina.com.co\/index.php\/wp-json\/wp\/v2\/posts\/10600\/revisions\/10604"}],"wp:featuredmedia":[{"embeddable":true,"href":"https:\/\/colombiaopina.com.co\/index.php\/wp-json\/wp\/v2\/media\/10601"}],"wp:attachment":[{"href":"https:\/\/colombiaopina.com.co\/index.php\/wp-json\/wp\/v2\/media?parent=10600"}],"wp:term":[{"taxonomy":"category","embeddable":true,"href":"https:\/\/colombiaopina.com.co\/index.php\/wp-json\/wp\/v2\/categories?post=10600"},{"taxonomy":"post_tag","embeddable":true,"href":"https:\/\/colombiaopina.com.co\/index.php\/wp-json\/wp\/v2\/tags?post=10600"}],"curies":[{"name":"wp","href":"https:\/\/api.w.org\/{rel}","templated":true}]}}