{"id":10560,"date":"2024-10-31T11:29:35","date_gmt":"2024-10-31T16:29:35","guid":{"rendered":"https:\/\/colombiaopina.com.co\/?p=10560"},"modified":"2024-10-31T11:29:37","modified_gmt":"2024-10-31T16:29:37","slug":"la-mitad-de-los-antioquenos-no-celebrara-halloween-una-fiesta-que-pierde-relevancia","status":"publish","type":"post","link":"https:\/\/colombiaopina.com.co\/index.php\/2024\/10\/31\/la-mitad-de-los-antioquenos-no-celebrara-halloween-una-fiesta-que-pierde-relevancia\/","title":{"rendered":"La mitad de los antioque\u00f1os no celebrar\u00e1 Halloween: una fiesta que pierde relevancia"},"content":{"rendered":"<p>Este a\u00f1o, el 52% de los antioque\u00f1os ha manifestado que no celebrar\u00e1 Halloween, revel\u00f3 una encuesta reciente. A pesar de la popularidad de esta fecha en otras regiones del pa\u00eds, los resultados muestran que la mayor\u00eda de los habitantes de Antioquia no considera el 31 de octubre como un evento importante. Esta tendencia ha impactado al comercio, que esperaba un impulso en ventas por la festividad, y ha dejado a comerciantes y organizadores de eventos con un stock de productos de Halloween.<\/p><p>Entre las razones para esta disminuci\u00f3n en la celebraci\u00f3n, los encuestados mencionaron la falta de relevancia cultural de la fecha, as\u00ed como el incremento en los precios de disfraces, decoraciones y dulces, lo que ha desmotivado a las familias a gastar en estas actividades. Seg\u00fan la C\u00e1mara de Comercio de Medell\u00edn, las ventas de art\u00edculos para Halloween han bajado un 15% en comparaci\u00f3n con el a\u00f1o pasado.<\/p><figure class=\"wp-block-image size-large\"><img loading=\"lazy\" decoding=\"async\" width=\"1024\" height=\"682\" src=\"https:\/\/colombiaopina.com.co\/wp-content\/uploads\/2024\/10\/2Halloween-1024x682.jpeg\" alt=\"\" class=\"wp-image-10562\" srcset=\"https:\/\/colombiaopina.com.co\/wp-content\/uploads\/2024\/10\/2Halloween-1024x682.jpeg 1024w, https:\/\/colombiaopina.com.co\/wp-content\/uploads\/2024\/10\/2Halloween-300x200.jpeg 300w, https:\/\/colombiaopina.com.co\/wp-content\/uploads\/2024\/10\/2Halloween-768x512.jpeg 768w, https:\/\/colombiaopina.com.co\/wp-content\/uploads\/2024\/10\/2Halloween-1536x1023.jpeg 1536w, https:\/\/colombiaopina.com.co\/wp-content\/uploads\/2024\/10\/2Halloween-150x100.jpeg 150w, https:\/\/colombiaopina.com.co\/wp-content\/uploads\/2024\/10\/2Halloween-696x464.jpeg 696w, https:\/\/colombiaopina.com.co\/wp-content\/uploads\/2024\/10\/2Halloween-1068x712.jpeg 1068w, https:\/\/colombiaopina.com.co\/wp-content\/uploads\/2024\/10\/2Halloween-600x400.jpeg 600w, https:\/\/colombiaopina.com.co\/wp-content\/uploads\/2024\/10\/2Halloween.jpeg 1600w\" sizes=\"(max-width: 1024px) 100vw, 1024px\" \/><\/figure><p>Sin embargo, para aquellos que s\u00ed celebrar\u00e1n, la moda de los disfraces ha girado en torno a personajes de series y pel\u00edculas populares, siendo los m\u00e1s demandados los de superh\u00e9roes y figuras de terror cl\u00e1sico. Esto ha representado un peque\u00f1o alivio para algunos comerciantes que, pese a la disminuci\u00f3n en la demanda, han visto un aumento en los precios de estos productos espec\u00edficos.<\/p><p>El gremio de comerciantes espera que la afluencia en la celebraci\u00f3n de Halloween repunte en los pr\u00f3ximos a\u00f1os, pero advierten que esta tendencia muestra una posible reconfiguraci\u00f3n de las fechas festivas y de su impacto en el comercio. Mientras tanto, los organizadores de eventos nocturnos prev\u00e9n una baja en la asistencia a fiestas, a pesar de los esfuerzos por atraer a j\u00f3venes con descuentos y promociones.<\/p>","protected":false},"excerpt":{"rendered":"<p>Este a\u00f1o, el 52% de los antioque\u00f1os ha manifestado que no celebrar\u00e1 Halloween, revel\u00f3 una encuesta reciente. A pesar de la popularidad de esta fecha en otras regiones del pa\u00eds, los resultados muestran que la mayor\u00eda de los habitantes de Antioquia no considera el 31 de octubre como un evento importante. Esta tendencia ha impactado [&hellip;]<\/p>\n","protected":false},"author":4,"featured_media":10561,"comment_status":"open","ping_status":"open","sticky":false,"template":"","format":"standard","meta":{"tdm_status":"","tdm_grid_status":"","_jetpack_memberships_contains_paid_content":false,"footnotes":""},"categories":[38,89,3126],"tags":[282,1707,541,3127,3128],"class_list":{"0":"post-10560","1":"post","2":"type-post","3":"status-publish","4":"format-standard","5":"has-post-thumbnail","7":"category-antioquia","8":"category-economia","9":"category-halloween","10":"tag-antioquia","11":"tag-celebracion","12":"tag-economia","13":"tag-halloween","14":"tag-sociedad"},"jetpack_sharing_enabled":true,"jetpack_featured_media_url":"https:\/\/colombiaopina.com.co\/wp-content\/uploads\/2024\/10\/1Halloween.jpeg","amp_enabled":true,"_links":{"self":[{"href":"https:\/\/colombiaopina.com.co\/index.php\/wp-json\/wp\/v2\/posts\/10560"}],"collection":[{"href":"https:\/\/colombiaopina.com.co\/index.php\/wp-json\/wp\/v2\/posts"}],"about":[{"href":"https:\/\/colombiaopina.com.co\/index.php\/wp-json\/wp\/v2\/types\/post"}],"author":[{"embeddable":true,"href":"https:\/\/colombiaopina.com.co\/index.php\/wp-json\/wp\/v2\/users\/4"}],"replies":[{"embeddable":true,"href":"https:\/\/colombiaopina.com.co\/index.php\/wp-json\/wp\/v2\/comments?post=10560"}],"version-history":[{"count":1,"href":"https:\/\/colombiaopina.com.co\/index.php\/wp-json\/wp\/v2\/posts\/10560\/revisions"}],"predecessor-version":[{"id":10563,"href":"https:\/\/colombiaopina.com.co\/index.php\/wp-json\/wp\/v2\/posts\/10560\/revisions\/10563"}],"wp:featuredmedia":[{"embeddable":true,"href":"https:\/\/colombiaopina.com.co\/index.php\/wp-json\/wp\/v2\/media\/10561"}],"wp:attachment":[{"href":"https:\/\/colombiaopina.com.co\/index.php\/wp-json\/wp\/v2\/media?parent=10560"}],"wp:term":[{"taxonomy":"category","embeddable":true,"href":"https:\/\/colombiaopina.com.co\/index.php\/wp-json\/wp\/v2\/categories?post=10560"},{"taxonomy":"post_tag","embeddable":true,"href":"https:\/\/colombiaopina.com.co\/index.php\/wp-json\/wp\/v2\/tags?post=10560"}],"curies":[{"name":"wp","href":"https:\/\/api.w.org\/{rel}","templated":true}]}}