{"id":10444,"date":"2024-10-29T11:24:12","date_gmt":"2024-10-29T16:24:12","guid":{"rendered":"https:\/\/colombiaopina.com.co\/?p=10444"},"modified":"2024-10-29T11:24:15","modified_gmt":"2024-10-29T16:24:15","slug":"congreso-impulsa-proyecto-para-regular-plataformas-de-transporte-y-modernizar-sector-de-taxis-en-colombia","status":"publish","type":"post","link":"https:\/\/colombiaopina.com.co\/index.php\/2024\/10\/29\/congreso-impulsa-proyecto-para-regular-plataformas-de-transporte-y-modernizar-sector-de-taxis-en-colombia\/","title":{"rendered":"Congreso impulsa proyecto para regular plataformas de transporte y modernizar sector de taxis en Colombia"},"content":{"rendered":"<p>Un nuevo proyecto de ley en el Congreso propone regular las plataformas de transporte en Colombia, un sector que, en 2023, movi\u00f3 a m\u00e1s de 22 millones de usuarios y dio empleo a alrededor de 1,3 millones de personas. La iniciativa, respaldada por congresistas de diferentes bancadas, pretende establecer un marco legal definitivo que permita la operaci\u00f3n de aplicaciones de movilidad y, al mismo tiempo, implemente una estrategia de modernizaci\u00f3n para el gremio de los taxis.<\/p><figure class=\"wp-block-image size-large\"><img loading=\"lazy\" decoding=\"async\" width=\"1024\" height=\"576\" src=\"https:\/\/colombiaopina.com.co\/wp-content\/uploads\/2024\/10\/2Plataformas-digitales-de-transporte-y-equilibrar-la-cancha-con-los-taxis-1024x576.png\" alt=\"\" class=\"wp-image-10446\" srcset=\"https:\/\/colombiaopina.com.co\/wp-content\/uploads\/2024\/10\/2Plataformas-digitales-de-transporte-y-equilibrar-la-cancha-con-los-taxis-1024x576.png 1024w, https:\/\/colombiaopina.com.co\/wp-content\/uploads\/2024\/10\/2Plataformas-digitales-de-transporte-y-equilibrar-la-cancha-con-los-taxis-300x169.png 300w, https:\/\/colombiaopina.com.co\/wp-content\/uploads\/2024\/10\/2Plataformas-digitales-de-transporte-y-equilibrar-la-cancha-con-los-taxis-768x432.png 768w, https:\/\/colombiaopina.com.co\/wp-content\/uploads\/2024\/10\/2Plataformas-digitales-de-transporte-y-equilibrar-la-cancha-con-los-taxis-150x84.png 150w, https:\/\/colombiaopina.com.co\/wp-content\/uploads\/2024\/10\/2Plataformas-digitales-de-transporte-y-equilibrar-la-cancha-con-los-taxis-696x392.png 696w, https:\/\/colombiaopina.com.co\/wp-content\/uploads\/2024\/10\/2Plataformas-digitales-de-transporte-y-equilibrar-la-cancha-con-los-taxis-1068x601.png 1068w, https:\/\/colombiaopina.com.co\/wp-content\/uploads\/2024\/10\/2Plataformas-digitales-de-transporte-y-equilibrar-la-cancha-con-los-taxis-600x338.png 600w, https:\/\/colombiaopina.com.co\/wp-content\/uploads\/2024\/10\/2Plataformas-digitales-de-transporte-y-equilibrar-la-cancha-con-los-taxis.png 1280w\" sizes=\"(max-width: 1024px) 100vw, 1024px\" \/><\/figure><p>El proyecto de ley, liderado por parlamentarios como Mar\u00eda del Mar Pizarro, Alfredo Deluque y Humberto de la Calle, busca dar garant\u00edas a los colombianos en cuanto al uso de avances tecnol\u00f3gicos en el transporte y el acceso a servicios de movilidad en igualdad de condiciones. Uno de los puntos principales de la iniciativa es el reconocimiento de veh\u00edculos particulares para prestar servicios a trav\u00e9s de plataformas digitales, lo cual responde a una necesidad planteada por la Corte Suprema de Justicia en 2023 sobre el derecho al acceso a avances cient\u00edficos y tecnol\u00f3gicos.<\/p><figure class=\"wp-block-image size-large\"><img loading=\"lazy\" decoding=\"async\" width=\"1024\" height=\"540\" src=\"https:\/\/colombiaopina.com.co\/wp-content\/uploads\/2024\/10\/3Plataformas-digitales-de-transporte-y-equilibrar-la-cancha-con-los-taxis-1024x540.png\" alt=\"\" class=\"wp-image-10447\" srcset=\"https:\/\/colombiaopina.com.co\/wp-content\/uploads\/2024\/10\/3Plataformas-digitales-de-transporte-y-equilibrar-la-cancha-con-los-taxis-1024x540.png 1024w, https:\/\/colombiaopina.com.co\/wp-content\/uploads\/2024\/10\/3Plataformas-digitales-de-transporte-y-equilibrar-la-cancha-con-los-taxis-300x158.png 300w, https:\/\/colombiaopina.com.co\/wp-content\/uploads\/2024\/10\/3Plataformas-digitales-de-transporte-y-equilibrar-la-cancha-con-los-taxis-768x405.png 768w, https:\/\/colombiaopina.com.co\/wp-content\/uploads\/2024\/10\/3Plataformas-digitales-de-transporte-y-equilibrar-la-cancha-con-los-taxis-1536x810.png 1536w, https:\/\/colombiaopina.com.co\/wp-content\/uploads\/2024\/10\/3Plataformas-digitales-de-transporte-y-equilibrar-la-cancha-con-los-taxis-150x79.png 150w, https:\/\/colombiaopina.com.co\/wp-content\/uploads\/2024\/10\/3Plataformas-digitales-de-transporte-y-equilibrar-la-cancha-con-los-taxis-696x367.png 696w, https:\/\/colombiaopina.com.co\/wp-content\/uploads\/2024\/10\/3Plataformas-digitales-de-transporte-y-equilibrar-la-cancha-con-los-taxis-1068x563.png 1068w, https:\/\/colombiaopina.com.co\/wp-content\/uploads\/2024\/10\/3Plataformas-digitales-de-transporte-y-equilibrar-la-cancha-con-los-taxis-600x316.png 600w, https:\/\/colombiaopina.com.co\/wp-content\/uploads\/2024\/10\/3Plataformas-digitales-de-transporte-y-equilibrar-la-cancha-con-los-taxis.png 1920w\" sizes=\"(max-width: 1024px) 100vw, 1024px\" \/><\/figure><p>Adem\u00e1s, esta propuesta incluye la llamada Estrategia Nacional de Desregulaci\u00f3n para taxis, con la que se pretende reducir las cargas administrativas y operativas del gremio, brindando un plazo de un a\u00f1o para que los taxistas se adapten a la normativa. Esta estrategia contempla medidas para alinear a los taxis con los est\u00e1ndares de las plataformas digitales, de modo que los servicios ofrezcan seguridad, calidad y transparencia tanto para usuarios como para conductores.<\/p><p>El proyecto de ley tambi\u00e9n aboga por una perspectiva de g\u00e9nero que facilite el acceso de mujeres al servicio de transporte y las proteja dentro de estos espacios. As\u00ed mismo, se compromete a impulsar la investigaci\u00f3n y desarrollo de tecnolog\u00edas de transporte que sean incluyentes&nbsp;y&nbsp;seguras.<\/p>","protected":false},"excerpt":{"rendered":"<p>Un nuevo proyecto de ley en el Congreso propone regular las plataformas de transporte en Colombia, un sector que, en 2023, movi\u00f3 a m\u00e1s de 22 millones de usuarios y dio empleo a alrededor de 1,3 millones de personas. La iniciativa, respaldada por congresistas de diferentes bancadas, pretende establecer un marco legal definitivo que permita [&hellip;]<\/p>\n","protected":false},"author":4,"featured_media":10448,"comment_status":"open","ping_status":"open","sticky":false,"template":"","format":"standard","meta":{"tdm_status":"","tdm_grid_status":"","_jetpack_memberships_contains_paid_content":false,"footnotes":""},"categories":[3061,3062,2894],"tags":[93,319,3065,2322,3064,72,177],"class_list":{"0":"post-10444","1":"post","2":"type-post","3":"status-publish","4":"format-standard","5":"has-post-thumbnail","7":"category-plataformas","8":"category-taxis","9":"category-transporte","10":"tag-colombia","11":"tag-congreso","12":"tag-modernizar","13":"tag-plataformas","14":"tag-regulacion","15":"tag-taxis","16":"tag-transporte"},"jetpack_sharing_enabled":true,"jetpack_featured_media_url":"https:\/\/colombiaopina.com.co\/wp-content\/uploads\/2024\/10\/1Plataformas-digitales-de-transporte-y-equilibrar-la-cancha-con-los-taxis.png","amp_enabled":true,"_links":{"self":[{"href":"https:\/\/colombiaopina.com.co\/index.php\/wp-json\/wp\/v2\/posts\/10444"}],"collection":[{"href":"https:\/\/colombiaopina.com.co\/index.php\/wp-json\/wp\/v2\/posts"}],"about":[{"href":"https:\/\/colombiaopina.com.co\/index.php\/wp-json\/wp\/v2\/types\/post"}],"author":[{"embeddable":true,"href":"https:\/\/colombiaopina.com.co\/index.php\/wp-json\/wp\/v2\/users\/4"}],"replies":[{"embeddable":true,"href":"https:\/\/colombiaopina.com.co\/index.php\/wp-json\/wp\/v2\/comments?post=10444"}],"version-history":[{"count":1,"href":"https:\/\/colombiaopina.com.co\/index.php\/wp-json\/wp\/v2\/posts\/10444\/revisions"}],"predecessor-version":[{"id":10449,"href":"https:\/\/colombiaopina.com.co\/index.php\/wp-json\/wp\/v2\/posts\/10444\/revisions\/10449"}],"wp:featuredmedia":[{"embeddable":true,"href":"https:\/\/colombiaopina.com.co\/index.php\/wp-json\/wp\/v2\/media\/10448"}],"wp:attachment":[{"href":"https:\/\/colombiaopina.com.co\/index.php\/wp-json\/wp\/v2\/media?parent=10444"}],"wp:term":[{"taxonomy":"category","embeddable":true,"href":"https:\/\/colombiaopina.com.co\/index.php\/wp-json\/wp\/v2\/categories?post=10444"},{"taxonomy":"post_tag","embeddable":true,"href":"https:\/\/colombiaopina.com.co\/index.php\/wp-json\/wp\/v2\/tags?post=10444"}],"curies":[{"name":"wp","href":"https:\/\/api.w.org\/{rel}","templated":true}]}}