{"id":10377,"date":"2024-10-28T10:28:18","date_gmt":"2024-10-28T15:28:18","guid":{"rendered":"https:\/\/colombiaopina.com.co\/?p=10377"},"modified":"2024-10-28T10:28:21","modified_gmt":"2024-10-28T15:28:21","slug":"tercera-victima-de-francotiradores-del-eln-en-una-semana-tension-crece-en-norte-de-santander-y-bolivar","status":"publish","type":"post","link":"https:\/\/colombiaopina.com.co\/index.php\/2024\/10\/28\/tercera-victima-de-francotiradores-del-eln-en-una-semana-tension-crece-en-norte-de-santander-y-bolivar\/","title":{"rendered":"Tercera v\u00edctima de francotiradores del ELN en una semana: tensi\u00f3n crece en Norte de Santander y Bol\u00edvar"},"content":{"rendered":"<p>El soldado \u00c1ngel Alberto Cerquera Garc\u00eda, del Batall\u00f3n de Infanter\u00eda de Selva N.\u00b0 48, se ha convertido en la tercera v\u00edctima mortal de francotiradores del Ej\u00e9rcito de Liberaci\u00f3n Nacional (ELN) en tan solo una semana. Cerquera fue impactado por un francotirador en la vereda Tierra Nueva, en Morales, Bol\u00edvar, mientras el Ej\u00e9rcito desarrollaba operaciones de seguridad en la zona. A pesar de los esfuerzos del enfermero de combate que lo asisti\u00f3 en el lugar, el soldado falleci\u00f3 debido a la gravedad de la herida.<\/p><p>Este nuevo ataque ha aumentado las alarmas en el Ej\u00e9rcito Nacional, que ha desplegado un equipo de apoyo para brindar acompa\u00f1amiento integral a la familia del soldado fallecido. En un comunicado, el Ej\u00e9rcito reafirm\u00f3 su compromiso de proteger a los colombianos y asegur\u00f3 que intensificar\u00e1 las operaciones en la zona con el objetivo de capturar a los responsables.<\/p><figure class=\"wp-block-image size-large\"><img loading=\"lazy\" decoding=\"async\" width=\"1024\" height=\"568\" src=\"https:\/\/colombiaopina.com.co\/wp-content\/uploads\/2024\/10\/3Tercer-miembro-de-la-Fuerza-Publica-asesinado-por-francotiradores-del-ELN-en-una-semana-1024x568.jpeg\" alt=\"\" class=\"wp-image-10379\" srcset=\"https:\/\/colombiaopina.com.co\/wp-content\/uploads\/2024\/10\/3Tercer-miembro-de-la-Fuerza-Publica-asesinado-por-francotiradores-del-ELN-en-una-semana-1024x568.jpeg 1024w, https:\/\/colombiaopina.com.co\/wp-content\/uploads\/2024\/10\/3Tercer-miembro-de-la-Fuerza-Publica-asesinado-por-francotiradores-del-ELN-en-una-semana-300x166.jpeg 300w, https:\/\/colombiaopina.com.co\/wp-content\/uploads\/2024\/10\/3Tercer-miembro-de-la-Fuerza-Publica-asesinado-por-francotiradores-del-ELN-en-una-semana-768x426.jpeg 768w, https:\/\/colombiaopina.com.co\/wp-content\/uploads\/2024\/10\/3Tercer-miembro-de-la-Fuerza-Publica-asesinado-por-francotiradores-del-ELN-en-una-semana-150x83.jpeg 150w, https:\/\/colombiaopina.com.co\/wp-content\/uploads\/2024\/10\/3Tercer-miembro-de-la-Fuerza-Publica-asesinado-por-francotiradores-del-ELN-en-una-semana-696x386.jpeg 696w, https:\/\/colombiaopina.com.co\/wp-content\/uploads\/2024\/10\/3Tercer-miembro-de-la-Fuerza-Publica-asesinado-por-francotiradores-del-ELN-en-una-semana-1068x592.jpeg 1068w, https:\/\/colombiaopina.com.co\/wp-content\/uploads\/2024\/10\/3Tercer-miembro-de-la-Fuerza-Publica-asesinado-por-francotiradores-del-ELN-en-una-semana-600x333.jpeg 600w, https:\/\/colombiaopina.com.co\/wp-content\/uploads\/2024\/10\/3Tercer-miembro-de-la-Fuerza-Publica-asesinado-por-francotiradores-del-ELN-en-una-semana.jpeg 1280w\" sizes=\"(max-width: 1024px) 100vw, 1024px\" \/><\/figure><p>Este atentado marca el tercer asesinato de un miembro de la fuerza p\u00fablica en una semana por francotiradores del ELN, un modus operandi que tambi\u00e9n cobr\u00f3 la vida de un uniformado de la Polic\u00eda Nacional y otro soldado en Norte de Santander. Las acciones violentas se intensificaron tras el fin del cese al fuego bilateral anunciado por el ELN, el cual ha dado paso a una escalada de ataques en \u00e1reas estrat\u00e9gicas como el oleoducto Ca\u00f1o Lim\u00f3n-Cove\u00f1as.<\/p><p>El coronel Leonardo Ferreira, comandante de la Fuerza de Tarea Vulcano, expres\u00f3 su preocupaci\u00f3n por el avance de estos ataques en el Catatumbo, se\u00f1alando que el ELN recurre a la violencia para mantener el control y desestabilizar la regi\u00f3n. Seg\u00fan Ferreira, la modalidad empleada por los francotiradores es letal y precisa: \u201cEstos individuos tienen una capacidad de impacto que abarca distancias de entre 600 y 800 metros. Han perfeccionado su t\u00e9cnica al punto de vulnerar los chalecos bal\u00edsticos, disparando con precisi\u00f3n para infligir da\u00f1o m\u00e1ximo\u201d.<\/p><p>Los francotiradores, que se esconden entre la poblaci\u00f3n y se retiran r\u00e1pidamente en motocicletas, se suman al uso de explosivos en las cercan\u00edas de viviendas y la voladura de oleoductos, buscando forzar la presencia de la fuerza p\u00fablica en los territorios&nbsp;bajo&nbsp;disputa.<\/p>","protected":false},"excerpt":{"rendered":"<p>El soldado \u00c1ngel Alberto Cerquera Garc\u00eda, del Batall\u00f3n de Infanter\u00eda de Selva N.\u00b0 48, se ha convertido en la tercera v\u00edctima mortal de francotiradores del Ej\u00e9rcito de Liberaci\u00f3n Nacional (ELN) en tan solo una semana. Cerquera fue impactado por un francotirador en la vereda Tierra Nueva, en Morales, Bol\u00edvar, mientras el Ej\u00e9rcito desarrollaba operaciones de [&hellip;]<\/p>\n","protected":false},"author":4,"featured_media":10378,"comment_status":"open","ping_status":"open","sticky":false,"template":"","format":"standard","meta":{"tdm_status":"","tdm_grid_status":"","_jetpack_memberships_contains_paid_content":false,"footnotes":""},"categories":[2704,3018,2615],"tags":[3023,1945,326,3022,1928,3025],"class_list":{"0":"post-10377","1":"post","2":"type-post","3":"status-publish","4":"format-standard","5":"has-post-thumbnail","7":"category-ejercito","8":"category-eln","9":"category-victimas","10":"tag-bolivar-2","11":"tag-ejercito-2","12":"tag-eln","13":"tag-francotiradores","14":"tag-santander","15":"tag-victima"},"jetpack_sharing_enabled":true,"jetpack_featured_media_url":"https:\/\/colombiaopina.com.co\/wp-content\/uploads\/2024\/10\/1Tercer-miembro-de-la-Fuerza-Publica-asesinado-por-francotiradores-del-ELN-en-una-semana.png","amp_enabled":true,"_links":{"self":[{"href":"https:\/\/colombiaopina.com.co\/index.php\/wp-json\/wp\/v2\/posts\/10377"}],"collection":[{"href":"https:\/\/colombiaopina.com.co\/index.php\/wp-json\/wp\/v2\/posts"}],"about":[{"href":"https:\/\/colombiaopina.com.co\/index.php\/wp-json\/wp\/v2\/types\/post"}],"author":[{"embeddable":true,"href":"https:\/\/colombiaopina.com.co\/index.php\/wp-json\/wp\/v2\/users\/4"}],"replies":[{"embeddable":true,"href":"https:\/\/colombiaopina.com.co\/index.php\/wp-json\/wp\/v2\/comments?post=10377"}],"version-history":[{"count":1,"href":"https:\/\/colombiaopina.com.co\/index.php\/wp-json\/wp\/v2\/posts\/10377\/revisions"}],"predecessor-version":[{"id":10381,"href":"https:\/\/colombiaopina.com.co\/index.php\/wp-json\/wp\/v2\/posts\/10377\/revisions\/10381"}],"wp:featuredmedia":[{"embeddable":true,"href":"https:\/\/colombiaopina.com.co\/index.php\/wp-json\/wp\/v2\/media\/10378"}],"wp:attachment":[{"href":"https:\/\/colombiaopina.com.co\/index.php\/wp-json\/wp\/v2\/media?parent=10377"}],"wp:term":[{"taxonomy":"category","embeddable":true,"href":"https:\/\/colombiaopina.com.co\/index.php\/wp-json\/wp\/v2\/categories?post=10377"},{"taxonomy":"post_tag","embeddable":true,"href":"https:\/\/colombiaopina.com.co\/index.php\/wp-json\/wp\/v2\/tags?post=10377"}],"curies":[{"name":"wp","href":"https:\/\/api.w.org\/{rel}","templated":true}]}}