{"id":10343,"date":"2024-10-25T11:14:47","date_gmt":"2024-10-25T16:14:47","guid":{"rendered":"https:\/\/colombiaopina.com.co\/?p=10343"},"modified":"2024-10-25T11:14:49","modified_gmt":"2024-10-25T16:14:49","slug":"controversia-por-posible-declaracion-del-monumento-a-la-resistencia-en-cali-como-patrimonio-cultural-simbolo-de-historia-o-apologia-al-vandalismo","status":"publish","type":"post","link":"https:\/\/colombiaopina.com.co\/index.php\/2024\/10\/25\/controversia-por-posible-declaracion-del-monumento-a-la-resistencia-en-cali-como-patrimonio-cultural-simbolo-de-historia-o-apologia-al-vandalismo\/","title":{"rendered":"Controversia por posible declaraci\u00f3n del Monumento a la Resistencia en Cali como Patrimonio Cultural: \u00bfs\u00edmbolo de historia o apolog\u00eda al vandalismo?"},"content":{"rendered":"<p>El ministro de Cultura, Juan David Correa, ha planteado la posibilidad de declarar el Monumento a la Resistencia en Cali como Patrimonio Cultural de la Naci\u00f3n, generando un fuerte debate en torno al simbolismo de este lugar, ubicado en Puerto Rellena, un sector del oriente de Cali que fue epicentro de las protestas sociales de 2021. El monumento, una mano de 10 metros de alto con la palabra \u201cResiste\u201d, se ha convertido en s\u00edmbolo de la movilizaci\u00f3n juvenil y resistencia, y su posible declaratoria como patrimonio ha despertado apoyos y rechazos en distintos sectores.<\/p><figure class=\"wp-block-image size-full\"><img loading=\"lazy\" decoding=\"async\" width=\"780\" height=\"565\" src=\"https:\/\/colombiaopina.com.co\/wp-content\/uploads\/2024\/10\/2Monumento-a-la-resistencia.jpg\" alt=\"\" class=\"wp-image-10345\" srcset=\"https:\/\/colombiaopina.com.co\/wp-content\/uploads\/2024\/10\/2Monumento-a-la-resistencia.jpg 780w, https:\/\/colombiaopina.com.co\/wp-content\/uploads\/2024\/10\/2Monumento-a-la-resistencia-300x217.jpg 300w, https:\/\/colombiaopina.com.co\/wp-content\/uploads\/2024\/10\/2Monumento-a-la-resistencia-768x556.jpg 768w, https:\/\/colombiaopina.com.co\/wp-content\/uploads\/2024\/10\/2Monumento-a-la-resistencia-150x109.jpg 150w, https:\/\/colombiaopina.com.co\/wp-content\/uploads\/2024\/10\/2Monumento-a-la-resistencia-696x504.jpg 696w, https:\/\/colombiaopina.com.co\/wp-content\/uploads\/2024\/10\/2Monumento-a-la-resistencia-600x435.jpg 600w\" sizes=\"(max-width: 780px) 100vw, 780px\" \/><\/figure><p>Este anuncio se realiz\u00f3 mientras el Ministerio de Cultura avanza en la preparaci\u00f3n de un expediente para presentar ante el Consejo Nacional de Patrimonio, entidad que tomar\u00e1 la decisi\u00f3n final sobre la declaraci\u00f3n. Seg\u00fan Correa, el monumento tiene \u201cun peso hist\u00f3rico importante\u201d por su relaci\u00f3n con las comunidades desplazadas que han vivido en la zona desde los a\u00f1os 60. \u201cEste es un sector donde estas personas han construido con sus propias manos sus viviendas y comunidad, por lo cual el monumento representa parte de esa historia colectiva\u201d, expres\u00f3 el ministro.<\/p><p>No obstante, algunos sectores pol\u00edticos consideran que declarar este lugar como patrimonio nacional podr\u00eda interpretarse como una apolog\u00eda a los actos de violencia. La senadora Mar\u00eda Fernanda Cabal ha expresado su rechazo categ\u00f3rico, indicando que presentar\u00e1 una demanda en caso de que el monumento reciba esta declaratoria. \u201cEsto no es un s\u00edmbolo de resistencia, sino un recordatorio de actos violentos que afectaron a Cali y sus habitantes\u201d, dijo Cabal, se\u00f1alando el impacto de los disturbios en la ciudad y en las fuerzas de seguridad.<\/p><figure class=\"wp-block-image size-full\"><img loading=\"lazy\" decoding=\"async\" width=\"767\" height=\"460\" src=\"https:\/\/colombiaopina.com.co\/wp-content\/uploads\/2024\/10\/3Monumento-a-la-resistencia.jpeg\" alt=\"\" class=\"wp-image-10346\" srcset=\"https:\/\/colombiaopina.com.co\/wp-content\/uploads\/2024\/10\/3Monumento-a-la-resistencia.jpeg 767w, https:\/\/colombiaopina.com.co\/wp-content\/uploads\/2024\/10\/3Monumento-a-la-resistencia-300x180.jpeg 300w, https:\/\/colombiaopina.com.co\/wp-content\/uploads\/2024\/10\/3Monumento-a-la-resistencia-150x90.jpeg 150w, https:\/\/colombiaopina.com.co\/wp-content\/uploads\/2024\/10\/3Monumento-a-la-resistencia-696x417.jpeg 696w, https:\/\/colombiaopina.com.co\/wp-content\/uploads\/2024\/10\/3Monumento-a-la-resistencia-600x360.jpeg 600w\" sizes=\"(max-width: 767px) 100vw, 767px\" \/><\/figure><p>El alcalde de Cali, Alejandro Eder, por su parte, considera que el reconocimiento de este monumento debe ser un proceso de reflexi\u00f3n sobre los eventos de 2021 y no un elemento divisorio. \u00abQueremos que la ciudad encuentre s\u00edmbolos que nos unan y no que nos dividan. Este proceso de reconciliaci\u00f3n en Cali no se puede forzar, sino que debe construirse entre todos, respetando s\u00edmbolos como este y los monumentos tradicionales de la ciudad\u00bb, coment\u00f3.<\/p><p>La Ley 1185 de 2008 establece que el Patrimonio Cultural de la Naci\u00f3n incluye elementos de inter\u00e9s hist\u00f3rico, art\u00edstico y simb\u00f3lico. La decisi\u00f3n sobre el Monumento a la Resistencia marcar\u00e1 un precedente importante en c\u00f3mo se interpretan y protegen los espacios relacionados con la memoria reciente&nbsp;del&nbsp;pa\u00eds.<\/p>","protected":false},"excerpt":{"rendered":"<p>El ministro de Cultura, Juan David Correa, ha planteado la posibilidad de declarar el Monumento a la Resistencia en Cali como Patrimonio Cultural de la Naci\u00f3n, generando un fuerte debate en torno al simbolismo de este lugar, ubicado en Puerto Rellena, un sector del oriente de Cali que fue epicentro de las protestas sociales de [&hellip;]<\/p>\n","protected":false},"author":4,"featured_media":10344,"comment_status":"open","ping_status":"open","sticky":false,"template":"","format":"standard","meta":{"tdm_status":"","tdm_grid_status":"","_jetpack_memberships_contains_paid_content":false,"footnotes":""},"categories":[39,2986,2987],"tags":[2993,934,2888,2990,2988,2989,2994,2992],"class_list":{"0":"post-10343","1":"post","2":"type-post","3":"status-publish","4":"format-standard","5":"has-post-thumbnail","7":"category-colombia","8":"category-monumento-a-la-resistencia","9":"category-patrimonio-cultural","10":"tag-apologia","11":"tag-cali","12":"tag-controversia","13":"tag-historia","14":"tag-monumento-a-la-resistencia","15":"tag-patrimonio-cultural","16":"tag-simbolo","17":"tag-vandalisto"},"jetpack_sharing_enabled":true,"jetpack_featured_media_url":"https:\/\/colombiaopina.com.co\/wp-content\/uploads\/2024\/10\/Monumento-a-la-resistencia.png","amp_enabled":true,"_links":{"self":[{"href":"https:\/\/colombiaopina.com.co\/index.php\/wp-json\/wp\/v2\/posts\/10343"}],"collection":[{"href":"https:\/\/colombiaopina.com.co\/index.php\/wp-json\/wp\/v2\/posts"}],"about":[{"href":"https:\/\/colombiaopina.com.co\/index.php\/wp-json\/wp\/v2\/types\/post"}],"author":[{"embeddable":true,"href":"https:\/\/colombiaopina.com.co\/index.php\/wp-json\/wp\/v2\/users\/4"}],"replies":[{"embeddable":true,"href":"https:\/\/colombiaopina.com.co\/index.php\/wp-json\/wp\/v2\/comments?post=10343"}],"version-history":[{"count":1,"href":"https:\/\/colombiaopina.com.co\/index.php\/wp-json\/wp\/v2\/posts\/10343\/revisions"}],"predecessor-version":[{"id":10347,"href":"https:\/\/colombiaopina.com.co\/index.php\/wp-json\/wp\/v2\/posts\/10343\/revisions\/10347"}],"wp:featuredmedia":[{"embeddable":true,"href":"https:\/\/colombiaopina.com.co\/index.php\/wp-json\/wp\/v2\/media\/10344"}],"wp:attachment":[{"href":"https:\/\/colombiaopina.com.co\/index.php\/wp-json\/wp\/v2\/media?parent=10343"}],"wp:term":[{"taxonomy":"category","embeddable":true,"href":"https:\/\/colombiaopina.com.co\/index.php\/wp-json\/wp\/v2\/categories?post=10343"},{"taxonomy":"post_tag","embeddable":true,"href":"https:\/\/colombiaopina.com.co\/index.php\/wp-json\/wp\/v2\/tags?post=10343"}],"curies":[{"name":"wp","href":"https:\/\/api.w.org\/{rel}","templated":true}]}}