{"id":10340,"date":"2024-10-25T11:04:04","date_gmt":"2024-10-25T16:04:04","guid":{"rendered":"https:\/\/colombiaopina.com.co\/?p=10340"},"modified":"2024-10-25T11:04:06","modified_gmt":"2024-10-25T16:04:06","slug":"disidencias-de-las-farc-amenazan-con-represalias-a-comerciantes-que-suministren-alimentos-y-medicinas-a-la-fuerza-publica-en-cauca","status":"publish","type":"post","link":"https:\/\/colombiaopina.com.co\/index.php\/2024\/10\/25\/disidencias-de-las-farc-amenazan-con-represalias-a-comerciantes-que-suministren-alimentos-y-medicinas-a-la-fuerza-publica-en-cauca\/","title":{"rendered":"Disidencias de las FARC amenazan con represalias a comerciantes que suministren alimentos y medicinas a la Fuerza P\u00fablica en Cauca"},"content":{"rendered":"<p>En un intento por debilitar la presencia militar en el corregimiento El Plateado, del municipio de Argelia, Cauca, las disidencias del frente Carlos Pati\u00f1o de las FARC lanzaron amenazas contra los comerciantes locales, orden\u00e1ndoles no vender suministros de comida, gasolina o medicinas a los miembros de la Fuerza P\u00fablica desplegados en la zona. Esta directriz surgi\u00f3 tras el despliegue de la operaci\u00f3n Perseo, iniciada el pasado 12 de octubre por el Gobierno Nacional, que busca restablecer la seguridad en el \u00e1rea.<\/p><p>Las advertencias, enviadas a trav\u00e9s de sujetos vestidos de civil que llegaron en motocicletas a distintos comercios, fueron directas: quienes no acaten la prohibici\u00f3n ser\u00edan considerados enemigos de la organizaci\u00f3n y podr\u00edan enfrentar represalias mortales, seg\u00fan informes de inteligencia. Adem\u00e1s, se amenaza con atentar contra los negocios e incluso las familias de aquellos comerciantes que decidan no cumplir con la orden.<\/p><p>La operaci\u00f3n Perseo, que marca una fuerte intervenci\u00f3n en la regi\u00f3n para contrarrestar el accionar del frente Carlos Pati\u00f1o, ha sido el blanco de estos intentos de las disidencias por obstaculizar el acceso de las tropas a necesidades b\u00e1sicas de alimentaci\u00f3n, salud y transporte. Esto incluye restricciones que abarcan no solo tiendas de abarrotes, sino tambi\u00e9n estaciones de gasolina y farmacias en el \u00e1rea, seg\u00fan los documentos oficiales.<\/p><p>Los cabecillas de esta fracci\u00f3n disidente, conocidos bajo los alias de \u2018El Mocho\u2019 y \u2018Giovany\u2019, son los principales sospechosos detr\u00e1s de las amenazas. Esta estrategia de bloqueo a la Fuerza P\u00fablica refleja una escalada en las t\u00e1cticas de presi\u00f3n a la poblaci\u00f3n civil, aumentando la preocupaci\u00f3n en la regi\u00f3n y resaltando la necesidad de soluciones integrales de seguridad y apoyo a las&nbsp;comunidades.<\/p>","protected":false},"excerpt":{"rendered":"<p>En un intento por debilitar la presencia militar en el corregimiento El Plateado, del municipio de Argelia, Cauca, las disidencias del frente Carlos Pati\u00f1o de las FARC lanzaron amenazas contra los comerciantes locales, orden\u00e1ndoles no vender suministros de comida, gasolina o medicinas a los miembros de la Fuerza P\u00fablica desplegados en la zona. Esta directriz [&hellip;]<\/p>\n","protected":false},"author":4,"featured_media":10341,"comment_status":"open","ping_status":"open","sticky":false,"template":"","format":"standard","meta":{"tdm_status":"","tdm_grid_status":"","_jetpack_memberships_contains_paid_content":false,"footnotes":""},"categories":[2727,2595,2983],"tags":[1198,777,1028,93,2658,225,2985,2984,1708],"class_list":{"0":"post-10340","1":"post","2":"type-post","3":"status-publish","4":"format-standard","5":"has-post-thumbnail","7":"category-el-plateado","8":"category-farc","9":"category-fuerza-publica","10":"tag-alimentos","11":"tag-amenazas","12":"tag-cauca","13":"tag-colombia","14":"tag-disidencias","15":"tag-farc","16":"tag-fuerza-publica","17":"tag-medicinas","18":"tag-ventas"},"jetpack_sharing_enabled":true,"jetpack_featured_media_url":"https:\/\/colombiaopina.com.co\/wp-content\/uploads\/2024\/10\/Disidencias-prohiben-venta-de-suministros-a-Fuerza-Publica-en-El-Plateado.jpg","amp_enabled":true,"_links":{"self":[{"href":"https:\/\/colombiaopina.com.co\/index.php\/wp-json\/wp\/v2\/posts\/10340"}],"collection":[{"href":"https:\/\/colombiaopina.com.co\/index.php\/wp-json\/wp\/v2\/posts"}],"about":[{"href":"https:\/\/colombiaopina.com.co\/index.php\/wp-json\/wp\/v2\/types\/post"}],"author":[{"embeddable":true,"href":"https:\/\/colombiaopina.com.co\/index.php\/wp-json\/wp\/v2\/users\/4"}],"replies":[{"embeddable":true,"href":"https:\/\/colombiaopina.com.co\/index.php\/wp-json\/wp\/v2\/comments?post=10340"}],"version-history":[{"count":1,"href":"https:\/\/colombiaopina.com.co\/index.php\/wp-json\/wp\/v2\/posts\/10340\/revisions"}],"predecessor-version":[{"id":10342,"href":"https:\/\/colombiaopina.com.co\/index.php\/wp-json\/wp\/v2\/posts\/10340\/revisions\/10342"}],"wp:featuredmedia":[{"embeddable":true,"href":"https:\/\/colombiaopina.com.co\/index.php\/wp-json\/wp\/v2\/media\/10341"}],"wp:attachment":[{"href":"https:\/\/colombiaopina.com.co\/index.php\/wp-json\/wp\/v2\/media?parent=10340"}],"wp:term":[{"taxonomy":"category","embeddable":true,"href":"https:\/\/colombiaopina.com.co\/index.php\/wp-json\/wp\/v2\/categories?post=10340"},{"taxonomy":"post_tag","embeddable":true,"href":"https:\/\/colombiaopina.com.co\/index.php\/wp-json\/wp\/v2\/tags?post=10340"}],"curies":[{"name":"wp","href":"https:\/\/api.w.org\/{rel}","templated":true}]}}