{"id":10258,"date":"2024-10-24T07:20:20","date_gmt":"2024-10-24T12:20:20","guid":{"rendered":"https:\/\/colombiaopina.com.co\/?p=10258"},"modified":"2024-10-24T07:20:22","modified_gmt":"2024-10-24T12:20:22","slug":"tension-en-el-gabinete-de-petro-cristo-y-bonilla-se-enfrentan-por-el-futuro-fiscal-de-la-reforma-al-sistema-general-de-participaciones","status":"publish","type":"post","link":"https:\/\/colombiaopina.com.co\/index.php\/2024\/10\/24\/tension-en-el-gabinete-de-petro-cristo-y-bonilla-se-enfrentan-por-el-futuro-fiscal-de-la-reforma-al-sistema-general-de-participaciones\/","title":{"rendered":"Tensi\u00f3n en el gabinete de Petro: Cristo y Bonilla se enfrentan por el futuro fiscal de la reforma al Sistema General de Participaciones"},"content":{"rendered":"<p>El proyecto de reforma al Sistema General de Participaciones (SGP), que avanza en su sexto debate en el Congreso, ha revelado una pugna de alto nivel en el gabinete del presidente Gustavo Petro. Los ministros del Interior, Juan Fernando Cristo, y de Hacienda, Ricardo Bonilla, se encuentran en desacuerdo sobre los efectos fiscales de esta ambiciosa propuesta. Mientras Cristo defiende la iniciativa como un paso crucial hacia la descentralizaci\u00f3n prometida en la Constituci\u00f3n de 1991, Bonilla advierte sobre los riesgos para la sostenibilidad financiera del pa\u00eds.<\/p><p>La propuesta de reforma busca aumentar la transferencia de recursos de la Naci\u00f3n a los departamentos y municipios, pasando del 20% al 46,5% de los ingresos corrientes en un plazo de diez a\u00f1os. Seg\u00fan Cristo, esta es la \u00fanica v\u00eda para aliviar el \u00abcentralismo asfixiante\u00bb y otorgar mayor autonom\u00eda a las regiones. El ministro ha argumentado que el proyecto permitir\u00e1 mejorar la prestaci\u00f3n de servicios b\u00e1sicos como educaci\u00f3n, salud y saneamiento b\u00e1sico, \u00e1reas donde las regiones han estado tradicionalmente desfinanciadas.<\/p><figure class=\"wp-block-image size-large\"><img loading=\"lazy\" decoding=\"async\" width=\"1024\" height=\"1024\" src=\"https:\/\/colombiaopina.com.co\/wp-content\/uploads\/2024\/10\/Pelea-entre-ministros-por-Sistema-General-de-Participaciones-1024x1024.png\" alt=\"\" class=\"wp-image-10259\" srcset=\"https:\/\/colombiaopina.com.co\/wp-content\/uploads\/2024\/10\/Pelea-entre-ministros-por-Sistema-General-de-Participaciones-1024x1024.png 1024w, https:\/\/colombiaopina.com.co\/wp-content\/uploads\/2024\/10\/Pelea-entre-ministros-por-Sistema-General-de-Participaciones-300x300.png 300w, https:\/\/colombiaopina.com.co\/wp-content\/uploads\/2024\/10\/Pelea-entre-ministros-por-Sistema-General-de-Participaciones-150x150.png 150w, https:\/\/colombiaopina.com.co\/wp-content\/uploads\/2024\/10\/Pelea-entre-ministros-por-Sistema-General-de-Participaciones-768x768.png 768w, https:\/\/colombiaopina.com.co\/wp-content\/uploads\/2024\/10\/Pelea-entre-ministros-por-Sistema-General-de-Participaciones-696x696.png 696w, https:\/\/colombiaopina.com.co\/wp-content\/uploads\/2024\/10\/Pelea-entre-ministros-por-Sistema-General-de-Participaciones-1068x1068.png 1068w, https:\/\/colombiaopina.com.co\/wp-content\/uploads\/2024\/10\/Pelea-entre-ministros-por-Sistema-General-de-Participaciones-600x600.png 600w, https:\/\/colombiaopina.com.co\/wp-content\/uploads\/2024\/10\/Pelea-entre-ministros-por-Sistema-General-de-Participaciones-100x100.png 100w, https:\/\/colombiaopina.com.co\/wp-content\/uploads\/2024\/10\/Pelea-entre-ministros-por-Sistema-General-de-Participaciones.png 1280w\" sizes=\"(max-width: 1024px) 100vw, 1024px\" \/><\/figure><p>Por su parte, Bonilla ha mostrado su preocupaci\u00f3n. El ministro de Hacienda se\u00f1ala que este aumento de recursos podr\u00eda tener un impacto negativo en las finanzas de la Naci\u00f3n. Seg\u00fan el Ministerio, la reforma impondr\u00eda una carga fiscal insostenible, comprometiendo otros programas prioritarios y obligando a recortes en el presupuesto general. A esta cr\u00edtica se ha sumado el director de Planeaci\u00f3n Nacional, Alexander L\u00f3pez, quien emiti\u00f3 un concepto negativo sobre la viabilidad del proyecto.<\/p><p>A pesar de las alertas del equipo econ\u00f3mico, el presidente Petro ha respaldado la propuesta, instando a las bancadas a alcanzar un \u00abacuerdo nacional\u00bb en torno a la descentralizaci\u00f3n. Cristo ha sostenido que la reforma es una demanda hist\u00f3rica de las regiones y que su implementaci\u00f3n gradual, junto con una Ley de Competencias, garantizar\u00e1 que las nuevas responsabilidades de los entes territoriales sean asumidas sin comprometer la estabilidad fiscal&nbsp;del&nbsp;pa\u00eds.<\/p>","protected":false},"excerpt":{"rendered":"<p>El proyecto de reforma al Sistema General de Participaciones (SGP), que avanza en su sexto debate en el Congreso, ha revelado una pugna de alto nivel en el gabinete del presidente Gustavo Petro. Los ministros del Interior, Juan Fernando Cristo, y de Hacienda, Ricardo Bonilla, se encuentran en desacuerdo sobre los efectos fiscales de esta [&hellip;]<\/p>\n","protected":false},"author":4,"featured_media":10260,"comment_status":"open","ping_status":"open","sticky":false,"template":"","format":"standard","meta":{"tdm_status":"","tdm_grid_status":"","_jetpack_memberships_contains_paid_content":false,"footnotes":""},"categories":[103,86,2922],"tags":[287,2925,214,227,135,589,2924],"class_list":{"0":"post-10258","1":"post","2":"type-post","3":"status-publish","4":"format-standard","5":"has-post-thumbnail","7":"category-petro","8":"category-politica","9":"category-sistema-general-de-participantes","10":"tag-bonilla","11":"tag-cristo","12":"tag-fiscal","13":"tag-gobierno","14":"tag-petro","15":"tag-reforma","16":"tag-sistema-general-de-participantes"},"jetpack_sharing_enabled":true,"jetpack_featured_media_url":"https:\/\/colombiaopina.com.co\/wp-content\/uploads\/2024\/10\/Pelea-entre-ministros-por-Sistema-General-de-Participaciones.jpg","amp_enabled":true,"_links":{"self":[{"href":"https:\/\/colombiaopina.com.co\/index.php\/wp-json\/wp\/v2\/posts\/10258"}],"collection":[{"href":"https:\/\/colombiaopina.com.co\/index.php\/wp-json\/wp\/v2\/posts"}],"about":[{"href":"https:\/\/colombiaopina.com.co\/index.php\/wp-json\/wp\/v2\/types\/post"}],"author":[{"embeddable":true,"href":"https:\/\/colombiaopina.com.co\/index.php\/wp-json\/wp\/v2\/users\/4"}],"replies":[{"embeddable":true,"href":"https:\/\/colombiaopina.com.co\/index.php\/wp-json\/wp\/v2\/comments?post=10258"}],"version-history":[{"count":1,"href":"https:\/\/colombiaopina.com.co\/index.php\/wp-json\/wp\/v2\/posts\/10258\/revisions"}],"predecessor-version":[{"id":10261,"href":"https:\/\/colombiaopina.com.co\/index.php\/wp-json\/wp\/v2\/posts\/10258\/revisions\/10261"}],"wp:featuredmedia":[{"embeddable":true,"href":"https:\/\/colombiaopina.com.co\/index.php\/wp-json\/wp\/v2\/media\/10260"}],"wp:attachment":[{"href":"https:\/\/colombiaopina.com.co\/index.php\/wp-json\/wp\/v2\/media?parent=10258"}],"wp:term":[{"taxonomy":"category","embeddable":true,"href":"https:\/\/colombiaopina.com.co\/index.php\/wp-json\/wp\/v2\/categories?post=10258"},{"taxonomy":"post_tag","embeddable":true,"href":"https:\/\/colombiaopina.com.co\/index.php\/wp-json\/wp\/v2\/tags?post=10258"}],"curies":[{"name":"wp","href":"https:\/\/api.w.org\/{rel}","templated":true}]}}