{"id":10254,"date":"2024-10-24T07:12:55","date_gmt":"2024-10-24T12:12:55","guid":{"rendered":"https:\/\/colombiaopina.com.co\/?p=10254"},"modified":"2024-10-24T07:12:58","modified_gmt":"2024-10-24T12:12:58","slug":"gobierno-petro-impulsa-la-reforma-al-sistema-general-de-participaciones-mas-recursos-mas-responsabilidades-para-las-regiones","status":"publish","type":"post","link":"https:\/\/colombiaopina.com.co\/index.php\/2024\/10\/24\/gobierno-petro-impulsa-la-reforma-al-sistema-general-de-participaciones-mas-recursos-mas-responsabilidades-para-las-regiones\/","title":{"rendered":"Gobierno Petro impulsa la reforma al sistema general de participaciones: m\u00e1s recursos, m\u00e1s responsabilidades para las regiones"},"content":{"rendered":"<p>El Gobierno Nacional, liderado por el presidente Gustavo Petro, dio luz verde a una de las reformas m\u00e1s esperadas en el Congreso: la modificaci\u00f3n del sistema general de participaciones (SGP). Esta propuesta, que busca aumentar los recursos destinados a las entidades territoriales, ha generado un intenso debate en el gabinete y entre sectores pol\u00edticos. Se trata de un cambio estructural que promete impactar las finanzas de gobernaciones y alcald\u00edas, pero con condiciones claras: m\u00e1s recursos a cambio de m\u00e1s responsabilidades.<\/p><p>El proyecto prev\u00e9 un aumento progresivo en los giros que la Naci\u00f3n hace a las regiones, pasando del 41% al 46,6% de los recursos corrientes de la Naci\u00f3n en un plazo de diez a\u00f1os, a partir de 2027. Esto supone un alivio financiero para los departamentos y municipios, especialmente en \u00e1reas cr\u00edticas como educaci\u00f3n, salud y servicios p\u00fablicos, que dependen en gran medida de estos fondos. Sin embargo, el aumento de recursos vendr\u00e1 acompa\u00f1ado de una redistribuci\u00f3n de competencias, obligando a las autoridades locales a asumir m\u00e1s funciones de gobierno.<\/p><figure class=\"wp-block-image size-large\"><img loading=\"lazy\" decoding=\"async\" width=\"1024\" height=\"512\" src=\"https:\/\/colombiaopina.com.co\/wp-content\/uploads\/2024\/10\/2-Gobierno-busca-modificacion-del-Sistema-General-de-Participaciones-1024x512.jpeg\" alt=\"\" class=\"wp-image-10256\" srcset=\"https:\/\/colombiaopina.com.co\/wp-content\/uploads\/2024\/10\/2-Gobierno-busca-modificacion-del-Sistema-General-de-Participaciones-1024x512.jpeg 1024w, https:\/\/colombiaopina.com.co\/wp-content\/uploads\/2024\/10\/2-Gobierno-busca-modificacion-del-Sistema-General-de-Participaciones-300x150.jpeg 300w, https:\/\/colombiaopina.com.co\/wp-content\/uploads\/2024\/10\/2-Gobierno-busca-modificacion-del-Sistema-General-de-Participaciones-768x384.jpeg 768w, https:\/\/colombiaopina.com.co\/wp-content\/uploads\/2024\/10\/2-Gobierno-busca-modificacion-del-Sistema-General-de-Participaciones-150x75.jpeg 150w, https:\/\/colombiaopina.com.co\/wp-content\/uploads\/2024\/10\/2-Gobierno-busca-modificacion-del-Sistema-General-de-Participaciones-696x348.jpeg 696w, https:\/\/colombiaopina.com.co\/wp-content\/uploads\/2024\/10\/2-Gobierno-busca-modificacion-del-Sistema-General-de-Participaciones-1068x534.jpeg 1068w, https:\/\/colombiaopina.com.co\/wp-content\/uploads\/2024\/10\/2-Gobierno-busca-modificacion-del-Sistema-General-de-Participaciones-600x300.jpeg 600w, https:\/\/colombiaopina.com.co\/wp-content\/uploads\/2024\/10\/2-Gobierno-busca-modificacion-del-Sistema-General-de-Participaciones.jpeg 1200w\" sizes=\"(max-width: 1024px) 100vw, 1024px\" \/><\/figure><p>El ministro del Interior, Juan Fernando Cristo, ha sido uno de los principales defensores de esta reforma, destacando la urgencia de descentralizar el poder y devolver autonom\u00eda a las regiones. Seg\u00fan Cristo, \u201cmayor autonom\u00eda implica mayor responsabilidad, y los entes territoriales deber\u00e1n estar preparados para asumirla\u201d. En contraposici\u00f3n, el ministro de Hacienda, Ricardo Bonilla, ha expresado su preocupaci\u00f3n por la sostenibilidad fiscal de la propuesta, se\u00f1alando que el aumento de recursos debe estar alineado con las proyecciones macroecon\u00f3micas del pa\u00eds.<\/p><p>La aprobaci\u00f3n de esta reforma en el Senado ser\u00e1 crucial para definir el futuro de la descentralizaci\u00f3n en Colombia. Mientras el Gobierno asegura que la medida permitir\u00e1 reducir las desigualdades territoriales, un sector del Congreso sigue exigiendo ajustes para garantizar que el sistema no sobrecargue las finanzas&nbsp;del&nbsp;Estado.<\/p>","protected":false},"excerpt":{"rendered":"<p>El Gobierno Nacional, liderado por el presidente Gustavo Petro, dio luz verde a una de las reformas m\u00e1s esperadas en el Congreso: la modificaci\u00f3n del sistema general de participaciones (SGP). Esta propuesta, que busca aumentar los recursos destinados a las entidades territoriales, ha generado un intenso debate en el gabinete y entre sectores pol\u00edticos. Se [&hellip;]<\/p>\n","protected":false},"author":4,"featured_media":10255,"comment_status":"open","ping_status":"open","sticky":false,"template":"","format":"standard","meta":{"tdm_status":"","tdm_grid_status":"","_jetpack_memberships_contains_paid_content":false,"footnotes":""},"categories":[46,2923,2922],"tags":[93,319,227,135,589,2924],"class_list":{"0":"post-10254","1":"post","2":"type-post","3":"status-publish","4":"format-standard","5":"has-post-thumbnail","7":"category-gobierno","8":"category-reforma","9":"category-sistema-general-de-participantes","10":"tag-colombia","11":"tag-congreso","12":"tag-gobierno","13":"tag-petro","14":"tag-reforma","15":"tag-sistema-general-de-participantes"},"jetpack_sharing_enabled":true,"jetpack_featured_media_url":"https:\/\/colombiaopina.com.co\/wp-content\/uploads\/2024\/10\/1-Gobierno-busca-modificacion-del-Sistema-General-de-Participaciones.png","amp_enabled":true,"_links":{"self":[{"href":"https:\/\/colombiaopina.com.co\/index.php\/wp-json\/wp\/v2\/posts\/10254"}],"collection":[{"href":"https:\/\/colombiaopina.com.co\/index.php\/wp-json\/wp\/v2\/posts"}],"about":[{"href":"https:\/\/colombiaopina.com.co\/index.php\/wp-json\/wp\/v2\/types\/post"}],"author":[{"embeddable":true,"href":"https:\/\/colombiaopina.com.co\/index.php\/wp-json\/wp\/v2\/users\/4"}],"replies":[{"embeddable":true,"href":"https:\/\/colombiaopina.com.co\/index.php\/wp-json\/wp\/v2\/comments?post=10254"}],"version-history":[{"count":1,"href":"https:\/\/colombiaopina.com.co\/index.php\/wp-json\/wp\/v2\/posts\/10254\/revisions"}],"predecessor-version":[{"id":10257,"href":"https:\/\/colombiaopina.com.co\/index.php\/wp-json\/wp\/v2\/posts\/10254\/revisions\/10257"}],"wp:featuredmedia":[{"embeddable":true,"href":"https:\/\/colombiaopina.com.co\/index.php\/wp-json\/wp\/v2\/media\/10255"}],"wp:attachment":[{"href":"https:\/\/colombiaopina.com.co\/index.php\/wp-json\/wp\/v2\/media?parent=10254"}],"wp:term":[{"taxonomy":"category","embeddable":true,"href":"https:\/\/colombiaopina.com.co\/index.php\/wp-json\/wp\/v2\/categories?post=10254"},{"taxonomy":"post_tag","embeddable":true,"href":"https:\/\/colombiaopina.com.co\/index.php\/wp-json\/wp\/v2\/tags?post=10254"}],"curies":[{"name":"wp","href":"https:\/\/api.w.org\/{rel}","templated":true}]}}