{"id":10189,"date":"2024-10-23T10:28:31","date_gmt":"2024-10-23T15:28:31","guid":{"rendered":"https:\/\/colombiaopina.com.co\/?p=10189"},"modified":"2024-10-23T10:28:33","modified_gmt":"2024-10-23T15:28:33","slug":"desaparicion-de-ivan-marquez-incertidumbre-sobre-su-paradero-y-supuesto-deceso-tras-cirugia-en-caracas","status":"publish","type":"post","link":"https:\/\/colombiaopina.com.co\/index.php\/2024\/10\/23\/desaparicion-de-ivan-marquez-incertidumbre-sobre-su-paradero-y-supuesto-deceso-tras-cirugia-en-caracas\/","title":{"rendered":"Desaparici\u00f3n de Iv\u00e1n M\u00e1rquez: incertidumbre sobre su paradero y supuesto deceso tras cirug\u00eda en Caracas"},"content":{"rendered":"<p>La desaparici\u00f3n de Iv\u00e1n M\u00e1rquez, uno de los l\u00edderes m\u00e1s notorios de la Segunda Marquetalia, ha encendido las alarmas en Colombia y Venezuela. Desde hace m\u00e1s de un mes, no se ha tenido contacto con el excomandante de las Farc, quien se someti\u00f3 a una delicada intervenci\u00f3n quir\u00fargica en Caracas. Las autoridades venezolanas, hasta el momento, han guardado silencio sobre su paradero, mientras que el gobierno de Gustavo Petro ha comenzado una investigaci\u00f3n exhaustiva para esclarecer los rumores sobre su posible fallecimiento.<\/p><p>La figura de M\u00e1rquez es central en las negociaciones que mantiene el gobierno colombiano con las disidencias de la Segunda Marquetalia. Su desaparici\u00f3n, justo en medio de estos di\u00e1logos, pone en riesgo uno de los pilares fundamentales de la pol\u00edtica de \u00abpaz total\u00bb que impulsa Petro. El propio Alto Comisionado para la Paz, Otty Pati\u00f1o, afirm\u00f3 que, aunque los indicios de su muerte no han sido confirmados, se mantendr\u00e1n los esfuerzos para avanzar en las conversaciones con los l\u00edderes designados por el grupo insurgente.<\/p><figure class=\"wp-block-embed is-type-rich is-provider-twitter wp-block-embed-twitter\"><div class=\"wp-block-embed__wrapper\">\n<blockquote class=\"twitter-tweet\" data-width=\"550\" data-dnt=\"true\"><p lang=\"es\" dir=\"ltr\"><a href=\"https:\/\/twitter.com\/hashtag\/Cali?src=hash&amp;ref_src=twsrc%5Etfw\">#Cali<\/a> | Desde Cali, el consejero comisionado para la paz, Otty Pati\u00f1o, asegur\u00f3 que el Gobierno adelanta las verificaciones sobre la posible muerte de \u2018Iv\u00e1n M\u00e1rquez\u2019 en Venezuela debido a un procedimiento m\u00e9dico. \u201cOjal\u00e1 que no sea cierto, pero de ser cierto, debemos seguir\u2026 <a href=\"https:\/\/t.co\/rXCo0gWB2F\">pic.twitter.com\/rXCo0gWB2F<\/a><\/p>&mdash; Telepac\u00edfico Noticias (@TPNoticias_) <a href=\"https:\/\/twitter.com\/TPNoticias_\/status\/1848878750907461933?ref_src=twsrc%5Etfw\">October 23, 2024<\/a><\/blockquote><script async src=\"https:\/\/platform.twitter.com\/widgets.js\" charset=\"utf-8\"><\/script>\n<\/div><\/figure><p>El pasado reciente de M\u00e1rquez ha estado marcado por intentos fallidos de atentados en su contra. En 2022, sufri\u00f3 un ataque en la frontera colombo-venezolana que lo dej\u00f3 gravemente herido, perdiendo un ojo y una mano. Este incidente lo alej\u00f3 moment\u00e1neamente de la escena p\u00fablica hasta que reapareci\u00f3 en Caracas en junio de 2024 para instalar formalmente la mesa de di\u00e1logos con el gobierno colombiano, mostr\u00e1ndose visiblemente afectado f\u00edsicamente.<\/p><figure class=\"wp-block-image size-large\"><img loading=\"lazy\" decoding=\"async\" width=\"1024\" height=\"535\" src=\"https:\/\/colombiaopina.com.co\/wp-content\/uploads\/2024\/10\/2-Gobierno-Petro-investiga-la-supuesta-muerte-de-Ivan-Marquez-1024x535.jpg\" alt=\"\" class=\"wp-image-10191\" srcset=\"https:\/\/colombiaopina.com.co\/wp-content\/uploads\/2024\/10\/2-Gobierno-Petro-investiga-la-supuesta-muerte-de-Ivan-Marquez-1024x535.jpg 1024w, https:\/\/colombiaopina.com.co\/wp-content\/uploads\/2024\/10\/2-Gobierno-Petro-investiga-la-supuesta-muerte-de-Ivan-Marquez-300x157.jpg 300w, https:\/\/colombiaopina.com.co\/wp-content\/uploads\/2024\/10\/2-Gobierno-Petro-investiga-la-supuesta-muerte-de-Ivan-Marquez-768x401.jpg 768w, https:\/\/colombiaopina.com.co\/wp-content\/uploads\/2024\/10\/2-Gobierno-Petro-investiga-la-supuesta-muerte-de-Ivan-Marquez-150x78.jpg 150w, https:\/\/colombiaopina.com.co\/wp-content\/uploads\/2024\/10\/2-Gobierno-Petro-investiga-la-supuesta-muerte-de-Ivan-Marquez-696x364.jpg 696w, https:\/\/colombiaopina.com.co\/wp-content\/uploads\/2024\/10\/2-Gobierno-Petro-investiga-la-supuesta-muerte-de-Ivan-Marquez-1068x558.jpg 1068w, https:\/\/colombiaopina.com.co\/wp-content\/uploads\/2024\/10\/2-Gobierno-Petro-investiga-la-supuesta-muerte-de-Ivan-Marquez-600x314.jpg 600w, https:\/\/colombiaopina.com.co\/wp-content\/uploads\/2024\/10\/2-Gobierno-Petro-investiga-la-supuesta-muerte-de-Ivan-Marquez.jpg 1200w\" sizes=\"(max-width: 1024px) 100vw, 1024px\" \/><\/figure><p>El silencio del r\u00e9gimen venezolano y la falta de informaci\u00f3n clara han generado un ambiente de especulaci\u00f3n. La embajada colombiana en Caracas, liderada por Milton Rengifo Hern\u00e1ndez, tambi\u00e9n ha iniciado investigaciones sobre el estado de M\u00e1rquez. Si se confirma su fallecimiento, el impacto en las negociaciones ser\u00e1 profundo, aunque el gobierno ha manifestado su voluntad de continuar con los esfuerzos de paz a pesar de la&nbsp;incertidumbre.<\/p>","protected":false},"excerpt":{"rendered":"<p>La desaparici\u00f3n de Iv\u00e1n M\u00e1rquez, uno de los l\u00edderes m\u00e1s notorios de la Segunda Marquetalia, ha encendido las alarmas en Colombia y Venezuela. Desde hace m\u00e1s de un mes, no se ha tenido contacto con el excomandante de las Farc, quien se someti\u00f3 a una delicada intervenci\u00f3n quir\u00fargica en Caracas. Las autoridades venezolanas, hasta el [&hellip;]<\/p>\n","protected":false},"author":4,"featured_media":10190,"comment_status":"open","ping_status":"open","sticky":false,"template":"","format":"standard","meta":{"tdm_status":"","tdm_grid_status":"","_jetpack_memberships_contains_paid_content":false,"footnotes":""},"categories":[39,46,2882],"tags":[93,2884,2885,227,2883,135],"class_list":{"0":"post-10189","1":"post","2":"type-post","3":"status-publish","4":"format-standard","5":"has-post-thumbnail","7":"category-colombia","8":"category-gobierno","9":"category-ivan-marquez","10":"tag-colombia","11":"tag-deceso","12":"tag-desaparicion","13":"tag-gobierno","14":"tag-ivan-marquez-2","15":"tag-petro"},"jetpack_sharing_enabled":true,"jetpack_featured_media_url":"https:\/\/colombiaopina.com.co\/wp-content\/uploads\/2024\/10\/1-Gobierno-Petro-investiga-la-supuesta-muerte-de-Ivan-Marquez.png","amp_enabled":true,"_links":{"self":[{"href":"https:\/\/colombiaopina.com.co\/index.php\/wp-json\/wp\/v2\/posts\/10189"}],"collection":[{"href":"https:\/\/colombiaopina.com.co\/index.php\/wp-json\/wp\/v2\/posts"}],"about":[{"href":"https:\/\/colombiaopina.com.co\/index.php\/wp-json\/wp\/v2\/types\/post"}],"author":[{"embeddable":true,"href":"https:\/\/colombiaopina.com.co\/index.php\/wp-json\/wp\/v2\/users\/4"}],"replies":[{"embeddable":true,"href":"https:\/\/colombiaopina.com.co\/index.php\/wp-json\/wp\/v2\/comments?post=10189"}],"version-history":[{"count":1,"href":"https:\/\/colombiaopina.com.co\/index.php\/wp-json\/wp\/v2\/posts\/10189\/revisions"}],"predecessor-version":[{"id":10192,"href":"https:\/\/colombiaopina.com.co\/index.php\/wp-json\/wp\/v2\/posts\/10189\/revisions\/10192"}],"wp:featuredmedia":[{"embeddable":true,"href":"https:\/\/colombiaopina.com.co\/index.php\/wp-json\/wp\/v2\/media\/10190"}],"wp:attachment":[{"href":"https:\/\/colombiaopina.com.co\/index.php\/wp-json\/wp\/v2\/media?parent=10189"}],"wp:term":[{"taxonomy":"category","embeddable":true,"href":"https:\/\/colombiaopina.com.co\/index.php\/wp-json\/wp\/v2\/categories?post=10189"},{"taxonomy":"post_tag","embeddable":true,"href":"https:\/\/colombiaopina.com.co\/index.php\/wp-json\/wp\/v2\/tags?post=10189"}],"curies":[{"name":"wp","href":"https:\/\/api.w.org\/{rel}","templated":true}]}}