{"id":10177,"date":"2024-10-22T15:16:04","date_gmt":"2024-10-22T20:16:04","guid":{"rendered":"https:\/\/colombiaopina.com.co\/?p=10177"},"modified":"2024-10-22T15:16:06","modified_gmt":"2024-10-22T20:16:06","slug":"nuevo-horario-confirmado-para-el-partido-dim-vs-chico-tras-aplazamiento-por-bloqueo-en-boyaca","status":"publish","type":"post","link":"https:\/\/colombiaopina.com.co\/index.php\/2024\/10\/22\/nuevo-horario-confirmado-para-el-partido-dim-vs-chico-tras-aplazamiento-por-bloqueo-en-boyaca\/","title":{"rendered":"Nuevo horario confirmado para el partido DIM vs. Chic\u00f3 tras aplazamiento por bloqueo en Boyac\u00e1"},"content":{"rendered":"<p>El encuentro de ida de los cuartos de final de la Copa Betplay entre Independiente Medell\u00edn y Boyac\u00e1 Chic\u00f3, que deb\u00eda jugarse el lunes 21 de octubre a las 7:00 p.m., fue reprogramado para este martes 22 de octubre a las 8:30 p.m. en el estadio La Independencia de Tunja, debido a los bloqueos en la v\u00eda por el paro campesino en Boyac\u00e1.<\/p><p>El equipo antioque\u00f1o, que se hospedaba en Paipa, a 50 minutos de Tunja, no logr\u00f3 llegar al estadio debido a los cierres viales en la regi\u00f3n. A pesar de los esfuerzos de la Gobernaci\u00f3n de Boyac\u00e1 para negociar con los manifestantes y de las alternativas buscadas por el club para sortear el bloqueo, no fue posible el desplazamiento.<\/p><figure class=\"wp-block-embed is-type-rich is-provider-twitter wp-block-embed-twitter\"><div class=\"wp-block-embed__wrapper\">\n<blockquote class=\"twitter-tweet\" data-width=\"550\" data-dnt=\"true\"><p lang=\"es\" dir=\"ltr\">[\u26a0\ufe0f\ud83d\udd34\ud83d\udd35] Nueva fecha y horario:<br>\ud83d\uddd3\ufe0f Martes, 22 de octubre<br>\ud83d\udd63 8:10 p.m.<br>\ud83c\udfdf\ufe0f La Independencia <br><br>\u00a1VAMOS PODEROSO! \u270a\u2764\ufe0f\ud83d\udc99<a href=\"https:\/\/twitter.com\/hashtag\/M%C3%A1sFuertesJuntos?src=hash&amp;ref_src=twsrc%5Etfw\">#M\u00e1sFuertesJuntos<\/a> <a href=\"https:\/\/twitter.com\/hashtag\/SomosMedell%C3%ADn?src=hash&amp;ref_src=twsrc%5Etfw\">#SomosMedell\u00edn<\/a> <a href=\"https:\/\/t.co\/Sa3UvdYxL3\">pic.twitter.com\/Sa3UvdYxL3<\/a><\/p>&mdash; DIM (@DIM_Oficial) <a href=\"https:\/\/twitter.com\/DIM_Oficial\/status\/1848525817003053572?ref_src=twsrc%5Etfw\">October 22, 2024<\/a><\/blockquote><script async src=\"https:\/\/platform.twitter.com\/widgets.js\" charset=\"utf-8\"><\/script>\n<\/div><\/figure><p>Ahora, el partido se jugar\u00e1 el martes a las 8:30 p.m., lo que ha obligado a modificar el itinerario de Medell\u00edn, que ten\u00eda previsto regresar a la capital antioque\u00f1a el martes, pero ahora todo se ha retrasado un d\u00eda. El equipo sigue concentrado en el hotel Estelar de Paipa.<\/p><p>El duelo de vuelta entre ambos equipos sigue programado para el viernes 25 de octubre a las 8:30 p.m. en el estadio Atanasio Girardot de Medell\u00edn, donde se definir\u00e1 qui\u00e9n avanza a la semifinal&nbsp;del&nbsp;torneo.<\/p>","protected":false},"excerpt":{"rendered":"<p>El encuentro de ida de los cuartos de final de la Copa Betplay entre Independiente Medell\u00edn y Boyac\u00e1 Chic\u00f3, que deb\u00eda jugarse el lunes 21 de octubre a las 7:00 p.m., fue reprogramado para este martes 22 de octubre a las 8:30 p.m. en el estadio La Independencia de Tunja, debido a los bloqueos en [&hellip;]<\/p>\n","protected":false},"author":4,"featured_media":10178,"comment_status":"open","ping_status":"open","sticky":false,"template":"","format":"standard","meta":{"tdm_status":"","tdm_grid_status":"","_jetpack_memberships_contains_paid_content":false,"footnotes":""},"categories":[47,2871,48],"tags":[2873,2872,93,74,1365,92,1580],"class_list":{"0":"post-10177","1":"post","2":"type-post","3":"status-publish","4":"format-standard","5":"has-post-thumbnail","7":"category-deportes","8":"category-dim","9":"category-futbol","10":"tag-bloqueo","11":"tag-boyaca-chico","12":"tag-colombia","13":"tag-deportes","14":"tag-dim","15":"tag-futbol","16":"tag-paro"},"jetpack_sharing_enabled":true,"jetpack_featured_media_url":"https:\/\/colombiaopina.com.co\/wp-content\/uploads\/2024\/10\/Independiente-Medellin-atrapado-por-el-paro-campesino-en-Boyaca.jpg","amp_enabled":true,"_links":{"self":[{"href":"https:\/\/colombiaopina.com.co\/index.php\/wp-json\/wp\/v2\/posts\/10177"}],"collection":[{"href":"https:\/\/colombiaopina.com.co\/index.php\/wp-json\/wp\/v2\/posts"}],"about":[{"href":"https:\/\/colombiaopina.com.co\/index.php\/wp-json\/wp\/v2\/types\/post"}],"author":[{"embeddable":true,"href":"https:\/\/colombiaopina.com.co\/index.php\/wp-json\/wp\/v2\/users\/4"}],"replies":[{"embeddable":true,"href":"https:\/\/colombiaopina.com.co\/index.php\/wp-json\/wp\/v2\/comments?post=10177"}],"version-history":[{"count":1,"href":"https:\/\/colombiaopina.com.co\/index.php\/wp-json\/wp\/v2\/posts\/10177\/revisions"}],"predecessor-version":[{"id":10179,"href":"https:\/\/colombiaopina.com.co\/index.php\/wp-json\/wp\/v2\/posts\/10177\/revisions\/10179"}],"wp:featuredmedia":[{"embeddable":true,"href":"https:\/\/colombiaopina.com.co\/index.php\/wp-json\/wp\/v2\/media\/10178"}],"wp:attachment":[{"href":"https:\/\/colombiaopina.com.co\/index.php\/wp-json\/wp\/v2\/media?parent=10177"}],"wp:term":[{"taxonomy":"category","embeddable":true,"href":"https:\/\/colombiaopina.com.co\/index.php\/wp-json\/wp\/v2\/categories?post=10177"},{"taxonomy":"post_tag","embeddable":true,"href":"https:\/\/colombiaopina.com.co\/index.php\/wp-json\/wp\/v2\/tags?post=10177"}],"curies":[{"name":"wp","href":"https:\/\/api.w.org\/{rel}","templated":true}]}}